{"id":1792,"date":"2021-11-11T17:33:01","date_gmt":"2021-11-11T16:33:01","guid":{"rendered":"https:\/\/blog.rwth-aachen.de\/akustik\/?p=1792"},"modified":"2021-11-11T20:30:50","modified_gmt":"2021-11-11T19:30:50","slug":"daga-2022-travel-grants","status":"publish","type":"post","link":"https:\/\/blog.rwth-aachen.de\/akustik\/daga-2022-travel-grants\/","title":{"rendered":"DAGA 2022 &#8211; Travel Grants"},"content":{"rendered":"<div class=\"aufmacher\">\n<p>Die <em><a href=\"https:\/\/www.akustik.rwth-aachen.de\/cms\/Technische-Akustik\/Das-Institut\/~eetn\/GfTA\/\">Gesellschaft f\u00fcr Technische Akustik<\/a><\/em> (GfTA e.V.) m\u00f6chte Studierende des IHTAs unterst\u00fctzen an der kommenden Jahrestagung f\u00fcr Akustik <a href=\"https:\/\/www.daga2022.de\/\">(DAGA 2022<\/a>) teilzunehmen. Diese findet vom 21. bis zum 24. M\u00e4rz 2022 in Stuttgart statt und bietet eine sehr gute M\u00f6glichkeit, erste Erfahrungen bei wissenschaftlichen Konferenzen zu sammeln.<\/p>\n<p><img loading=\"lazy\" decoding=\"async\" class=\"aligncenter size-medium wp-image-1798\" src=\"https:\/\/blog.rwth-aachen.de\/akustik\/files\/2021\/11\/Bild_2021-11-11_173223-300x90.png\" alt=\"\" width=\"300\" height=\"90\" srcset=\"https:\/\/blog.rwth-aachen.de\/akustik\/files\/2021\/11\/Bild_2021-11-11_173223-300x90.png 300w, https:\/\/blog.rwth-aachen.de\/akustik\/files\/2021\/11\/Bild_2021-11-11_173223-1024x306.png 1024w, https:\/\/blog.rwth-aachen.de\/akustik\/files\/2021\/11\/Bild_2021-11-11_173223-768x229.png 768w, https:\/\/blog.rwth-aachen.de\/akustik\/files\/2021\/11\/Bild_2021-11-11_173223-1536x459.png 1536w, https:\/\/blog.rwth-aachen.de\/akustik\/files\/2021\/11\/Bild_2021-11-11_173223-2048x612.png 2048w\" sizes=\"auto, (max-width: 300px) 100vw, 300px\" \/><br \/>\nDie GfTA f\u00f6rdert in diesem Jahr bis zu drei Studierende durch einen Reisezuschuss (Travel grant) in H\u00f6he von jeweils 250\u20ac. Kandidat*innen m\u00fcssen <strong>keinen<\/strong> wissenschaftlichen Beitrag bei der Konferenz einreichen, sollten aber zuvor noch keine DAGA-Konferenz besucht haben und entweder aktuell oder k\u00fcrzlich an einer Lehrveranstaltung am IHTA teilgenommen haben.<\/p>\n<p>Um Dich f\u00fcr den Travel grant zu bewerben, schreibe eine Email an <a href=\"mailto:las@akustik.rwth-aachen.de\">Lukas Asp\u00f6ck<\/a> und erkl\u00e4re in ein oder zwei S\u00e4tzen, warum Du motiviert bist an einer Akustik-Konferenz teilzunehmen. Die Deadline f\u00fcr Bewerbungen ist der 5.12.2021.<\/p>\n<\/div>\n","protected":false},"excerpt":{"rendered":"<p>Die Gesellschaft f\u00fcr Technische Akustik (GfTA e.V.) m\u00f6chte Studierende des IHTAs unterst\u00fctzen an der kommenden Jahrestagung f\u00fcr Akustik (DAGA 2022) teilzunehmen. Diese findet vom 21. bis zum 24. M\u00e4rz 2022 [&hellip;]<\/p>\n","protected":false},"author":840,"featured_media":0,"comment_status":"open","ping_status":"open","sticky":false,"template":"","format":"standard","meta":{"c2c_always_allow_admin_comments":false,"footnotes":""},"categories":[1],"tags":[],"class_list":["post-1792","post","type-post","status-publish","format-standard","hentry","category-ihta"],"_links":{"self":[{"href":"https:\/\/blog.rwth-aachen.de\/akustik\/wp-json\/wp\/v2\/posts\/1792","targetHints":{"allow":["GET"]}}],"collection":[{"href":"https:\/\/blog.rwth-aachen.de\/akustik\/wp-json\/wp\/v2\/posts"}],"about":[{"href":"https:\/\/blog.rwth-aachen.de\/akustik\/wp-json\/wp\/v2\/types\/post"}],"author":[{"embeddable":true,"href":"https:\/\/blog.rwth-aachen.de\/akustik\/wp-json\/wp\/v2\/users\/840"}],"replies":[{"embeddable":true,"href":"https:\/\/blog.rwth-aachen.de\/akustik\/wp-json\/wp\/v2\/comments?post=1792"}],"version-history":[{"count":6,"href":"https:\/\/blog.rwth-aachen.de\/akustik\/wp-json\/wp\/v2\/posts\/1792\/revisions"}],"predecessor-version":[{"id":1802,"href":"https:\/\/blog.rwth-aachen.de\/akustik\/wp-json\/wp\/v2\/posts\/1792\/revisions\/1802"}],"wp:attachment":[{"href":"https:\/\/blog.rwth-aachen.de\/akustik\/wp-json\/wp\/v2\/media?parent=1792"}],"wp:term":[{"taxonomy":"category","embeddable":true,"href":"https:\/\/blog.rwth-aachen.de\/akustik\/wp-json\/wp\/v2\/categories?post=1792"},{"taxonomy":"post_tag","embeddable":true,"href":"https:\/\/blog.rwth-aachen.de\/akustik\/wp-json\/wp\/v2\/tags?post=1792"}],"curies":[{"name":"wp","href":"https:\/\/api.w.org\/{rel}","templated":true}]}}