{"id":3158,"date":"2024-10-13T21:56:41","date_gmt":"2024-10-13T19:56:41","guid":{"rendered":"https:\/\/blog.rwth-aachen.de\/akustik\/?p=3158"},"modified":"2024-10-13T21:56:41","modified_gmt":"2024-10-13T19:56:41","slug":"karl-heinrich-kuttruff-17-08-1930-%e2%80%a0-15-09-2024","status":"publish","type":"post","link":"https:\/\/blog.rwth-aachen.de\/akustik\/karl-heinrich-kuttruff-17-08-1930-%e2%80%a0-15-09-2024\/","title":{"rendered":"Karl Heinrich Kuttruff  * 17.08.1930   \u2020 15.09.2024"},"content":{"rendered":"<p style=\"text-align: center;\">Tief betroffen trauern wir um<\/p>\n<p style=\"text-align: center; font-size: 20pt;\"><strong>Prof. Dr. Karl Heinrich Kuttruff<\/strong><\/p>\n<p style=\"text-align: center;\">der nach einer herausragenden Lebensleistung am 15. September 2024 im Alter von 94 Jahren verstarb. Er war eine au\u00dfergew\u00f6hnliche Pers\u00f6nlichkeit, gepr\u00e4gt von h\u00f6chster Fachkompetenz und einer gleichzeitig sehr bescheidenen Grundhaltung. Wer mit ihm arbeiten durfte, sch\u00e4tzte ihn als Chef au\u00dferordentlich.<\/p>\n<p style=\"text-align: center;\">Er baute unser Institut auf und f\u00fchrte es in seiner Zeit als Professor und Direktor des Instituts f\u00fcr Technische Akustik (1972-1995) zu einem weltweit anerkannten Zentrum der Ausbildung und Forschung in der ganzen Breite der Akustik. Seine Arbeiten und seine B\u00fccher sind ein Geschenk an nachfolgende Generationen, ein Auftrag und ein Ansporn.<\/p>\n<p><img loading=\"lazy\" decoding=\"async\" class=\" wp-image-3162 aligncenter\" src=\"https:\/\/blog.rwth-aachen.de\/akustik\/files\/2024\/10\/Kuttruff.jpg\" alt=\"\" width=\"352\" height=\"474\" srcset=\"https:\/\/blog.rwth-aachen.de\/akustik\/files\/2024\/10\/Kuttruff.jpg 570w, https:\/\/blog.rwth-aachen.de\/akustik\/files\/2024\/10\/Kuttruff-223x300.jpg 223w\" sizes=\"auto, (max-width: 352px) 100vw, 352px\" \/><\/p>\n<p style=\"text-align: center;\">Unsere Gedanken sind bei seiner Frau Ingrid und seiner Familie.<\/p>\n<p style=\"text-align: center;\">F\u00fcr alle Mitarbeiterinnen und Mitarbeiter,<br \/>\nf\u00fcr alle Ehemaligen des Instituts f\u00fcr H\u00f6rtechnik und Akustik der RWTH Aachen,<\/p>\n<p style=\"text-align: center;\">Prof. Dr. rer. nat. Michael Vorl\u00e4nder<br \/>\nProf. Dr.-Ing. Janina Fels<br \/>\nDr.-Ing. Lukas Asp\u00f6ck<\/p>\n","protected":false},"excerpt":{"rendered":"<p>Tief betroffen trauern wir um Prof. Dr. Karl Heinrich Kuttruff der nach einer herausragenden Lebensleistung am 15. September 2024 im Alter von 94 Jahren verstarb. Er war eine au\u00dfergew\u00f6hnliche Pers\u00f6nlichkeit, [&hellip;]<\/p>\n","protected":false},"author":816,"featured_media":0,"comment_status":"open","ping_status":"open","sticky":false,"template":"","format":"standard","meta":{"c2c_always_allow_admin_comments":false,"footnotes":""},"categories":[1],"tags":[],"class_list":["post-3158","post","type-post","status-publish","format-standard","hentry","category-ihta"],"_links":{"self":[{"href":"https:\/\/blog.rwth-aachen.de\/akustik\/wp-json\/wp\/v2\/posts\/3158","targetHints":{"allow":["GET"]}}],"collection":[{"href":"https:\/\/blog.rwth-aachen.de\/akustik\/wp-json\/wp\/v2\/posts"}],"about":[{"href":"https:\/\/blog.rwth-aachen.de\/akustik\/wp-json\/wp\/v2\/types\/post"}],"author":[{"embeddable":true,"href":"https:\/\/blog.rwth-aachen.de\/akustik\/wp-json\/wp\/v2\/users\/816"}],"replies":[{"embeddable":true,"href":"https:\/\/blog.rwth-aachen.de\/akustik\/wp-json\/wp\/v2\/comments?post=3158"}],"version-history":[{"count":12,"href":"https:\/\/blog.rwth-aachen.de\/akustik\/wp-json\/wp\/v2\/posts\/3158\/revisions"}],"predecessor-version":[{"id":3171,"href":"https:\/\/blog.rwth-aachen.de\/akustik\/wp-json\/wp\/v2\/posts\/3158\/revisions\/3171"}],"wp:attachment":[{"href":"https:\/\/blog.rwth-aachen.de\/akustik\/wp-json\/wp\/v2\/media?parent=3158"}],"wp:term":[{"taxonomy":"category","embeddable":true,"href":"https:\/\/blog.rwth-aachen.de\/akustik\/wp-json\/wp\/v2\/categories?post=3158"},{"taxonomy":"post_tag","embeddable":true,"href":"https:\/\/blog.rwth-aachen.de\/akustik\/wp-json\/wp\/v2\/tags?post=3158"}],"curies":[{"name":"wp","href":"https:\/\/api.w.org\/{rel}","templated":true}]}}