{"id":3615,"date":"2025-09-02T14:51:19","date_gmt":"2025-09-02T12:51:19","guid":{"rendered":"https:\/\/blog.rwth-aachen.de\/akustik\/?p=3615"},"modified":"2025-09-06T10:14:20","modified_gmt":"2025-09-06T08:14:20","slug":"herbstworkshop-des-schwerpunktprogramms-audictive","status":"publish","type":"post","link":"https:\/\/blog.rwth-aachen.de\/akustik\/herbstworkshop-des-schwerpunktprogramms-audictive\/","title":{"rendered":"Herbstworkshop des Schwerpunktprogramms AUDICTIVE"},"content":{"rendered":"<p>Wir blicken auf einen sehr erfolgreichen und gelungenen Herbstworkshop des AUDICTIVE-Schwerpunktprogramms zur\u00fcck.<\/p>\n<p>Mehr als 30 Mitglieder des Schwerpunktprogramms AUDICTIVE \u201eAuditory Cognition in Interactive Virtual Environments\u201d <a href=\"http:\/\/www.spp2236-audictive.de\" target=\"_blank\" rel=\"noopener\">www.spp2236-audictive.de<\/a> \u2013 darunter leitende Wissenschaftler*innen und Doktorand*innen \u2013 nahmen am diesj\u00e4hrigen Workshop am <a href=\"https:\/\/www.akustik.rwth-aachen.de\" target=\"_blank\" rel=\"noopener\">Institut f\u00fcr H\u00f6rtechnik und Akustik<\/a> in Aachen vom 31. August &#8211; 2. September 2025 teil.<\/p>\n<p>Das Programm begann mit zwei interessanten Keynote-Vortr\u00e4gen: <a href=\"https:\/\/www.jade-hs.de\/team\/inga-holube\" target=\"_blank\" rel=\"noopener\">Inga Holube<\/a> sprach \u00fcber \u201eEcological Momentary Assessment\u201d und <a href=\"https:\/\/www.ifado.de\/de\/forschung\/ergonomie\/team\/stephan-getzmann\" target=\"_blank\" rel=\"noopener\">Stephan Getzmann<\/a> gab Einblicke in \u201eHealthy Aging, Auditory Distraction, and Multi-Speaker Speech Perception \u2014 Insights from the Dortmund Vital Study\u201d.<\/p>\n<p>W\u00e4hrend der 1,5 Tage des Workshops wurden in Posterpr\u00e4sentationen die Fortschritte und n\u00e4chste Schritte in den <a href=\"https:\/\/www.spp2236-audictive.de\/projectphase2.html\" target=\"_blank\" rel=\"noopener\">gef\u00f6rderten 9 interdiszplin\u00e4ren Projekten<\/a> vorgestellt.<\/p>\n<p>Anschlie\u00dfend folgten Diskussionen und weitere Schritte in bestehenden Arbeitsgruppen sowie die Planung neuer gemeinsamer Aktivit\u00e4ten zur F\u00f6rderung des interdisziplin\u00e4ren Projektaustauschs.<\/p>\n<p>Es wird erwartet, dass die Erkenntnisse aus AUDICTIVE die Virtual- und Augmented-Reality-Technologien voranbringen werden, bei denen Akustik eine Schl\u00fcsselkomponente f\u00fcr die nutzerzentrierte Anwendungsentwicklung und -gestaltung ist, wie beispielsweise immersive Telekonferenzen, Gesundheitsf\u00f6rderung, Rehabilitation und Assistenzsysteme f\u00fcr Nutzer*innen mit besonderen Bed\u00fcrfnissen.<\/p>\n<p>AUDICTIVE \u2013 SPP2236 wird von der <a href=\"https:\/\/gepris.dfg.de\/gepris\/projekt\/422686707\" target=\"_blank\" rel=\"noopener\">Deutschen Forschungsgemeinschaft (DFG)<\/a> gef\u00f6rdert.<\/p>\n<p><img loading=\"lazy\" decoding=\"async\" class=\"aligncenter size-large wp-image-3616\" src=\"https:\/\/blog.rwth-aachen.de\/akustik\/files\/2025\/09\/20250901_AUDICTIVE_Autumn_Workshop_k-1024x768.jpg\" alt=\"\" width=\"1024\" height=\"768\" srcset=\"https:\/\/blog.rwth-aachen.de\/akustik\/files\/2025\/09\/20250901_AUDICTIVE_Autumn_Workshop_k-1024x768.jpg 1024w, https:\/\/blog.rwth-aachen.de\/akustik\/files\/2025\/09\/20250901_AUDICTIVE_Autumn_Workshop_k-300x225.jpg 300w, https:\/\/blog.rwth-aachen.de\/akustik\/files\/2025\/09\/20250901_AUDICTIVE_Autumn_Workshop_k-768x576.jpg 768w, https:\/\/blog.rwth-aachen.de\/akustik\/files\/2025\/09\/20250901_AUDICTIVE_Autumn_Workshop_k.jpg 1448w\" sizes=\"auto, (max-width: 1024px) 100vw, 1024px\" \/><\/p>\n","protected":false},"excerpt":{"rendered":"<p>Wir blicken auf einen sehr erfolgreichen und gelungenen Herbstworkshop des AUDICTIVE-Schwerpunktprogramms zur\u00fcck. Mehr als 30 Mitglieder des Schwerpunktprogramms AUDICTIVE \u201eAuditory Cognition in Interactive Virtual Environments\u201d www.spp2236-audictive.de \u2013 darunter leitende Wissenschaftler*innen [&hellip;]<\/p>\n","protected":false},"author":1007,"featured_media":0,"comment_status":"open","ping_status":"open","sticky":false,"template":"","format":"standard","meta":{"c2c_always_allow_admin_comments":false,"footnotes":""},"categories":[55,6,1],"tags":[],"class_list":["post-3615","post","type-post","status-publish","format-standard","hentry","category-events","category-hta","category-ihta"],"_links":{"self":[{"href":"https:\/\/blog.rwth-aachen.de\/akustik\/wp-json\/wp\/v2\/posts\/3615","targetHints":{"allow":["GET"]}}],"collection":[{"href":"https:\/\/blog.rwth-aachen.de\/akustik\/wp-json\/wp\/v2\/posts"}],"about":[{"href":"https:\/\/blog.rwth-aachen.de\/akustik\/wp-json\/wp\/v2\/types\/post"}],"author":[{"embeddable":true,"href":"https:\/\/blog.rwth-aachen.de\/akustik\/wp-json\/wp\/v2\/users\/1007"}],"replies":[{"embeddable":true,"href":"https:\/\/blog.rwth-aachen.de\/akustik\/wp-json\/wp\/v2\/comments?post=3615"}],"version-history":[{"count":2,"href":"https:\/\/blog.rwth-aachen.de\/akustik\/wp-json\/wp\/v2\/posts\/3615\/revisions"}],"predecessor-version":[{"id":3633,"href":"https:\/\/blog.rwth-aachen.de\/akustik\/wp-json\/wp\/v2\/posts\/3615\/revisions\/3633"}],"wp:attachment":[{"href":"https:\/\/blog.rwth-aachen.de\/akustik\/wp-json\/wp\/v2\/media?parent=3615"}],"wp:term":[{"taxonomy":"category","embeddable":true,"href":"https:\/\/blog.rwth-aachen.de\/akustik\/wp-json\/wp\/v2\/categories?post=3615"},{"taxonomy":"post_tag","embeddable":true,"href":"https:\/\/blog.rwth-aachen.de\/akustik\/wp-json\/wp\/v2\/tags?post=3615"}],"curies":[{"name":"wp","href":"https:\/\/api.w.org\/{rel}","templated":true}]}}