{"id":3783,"date":"2025-11-28T16:38:28","date_gmt":"2025-11-28T15:38:28","guid":{"rendered":"https:\/\/blog.rwth-aachen.de\/akustik\/?p=3783"},"modified":"2025-12-03T08:47:35","modified_gmt":"2025-12-03T07:47:35","slug":"gfta-alumni-talks-binauraltechnik-am-ihta","status":"publish","type":"post","link":"https:\/\/blog.rwth-aachen.de\/akustik\/gfta-alumni-talks-binauraltechnik-am-ihta\/","title":{"rendered":"GfTA Alumni-Talks: Binauraltechnik am I(H)TA"},"content":{"rendered":"<div id=\"attachment_3784\" style=\"width: 310px\" class=\"wp-caption alignleft\"><img loading=\"lazy\" decoding=\"async\" aria-describedby=\"caption-attachment-3784\" class=\"wp-image-3784 size-medium\" src=\"https:\/\/blog.rwth-aachen.de\/akustik\/files\/2025\/11\/20251120_172508-300x169.jpg\" alt=\"GfTA Alumni Talks 2025\" width=\"300\" height=\"169\" srcset=\"https:\/\/blog.rwth-aachen.de\/akustik\/files\/2025\/11\/20251120_172508-300x169.jpg 300w, https:\/\/blog.rwth-aachen.de\/akustik\/files\/2025\/11\/20251120_172508-1024x577.jpg 1024w, https:\/\/blog.rwth-aachen.de\/akustik\/files\/2025\/11\/20251120_172508-768x432.jpg 768w, https:\/\/blog.rwth-aachen.de\/akustik\/files\/2025\/11\/20251120_172508-1536x865.jpg 1536w, https:\/\/blog.rwth-aachen.de\/akustik\/files\/2025\/11\/20251120_172508-2048x1153.jpg 2048w\" sizes=\"auto, (max-width: 300px) 100vw, 300px\" \/><p id=\"caption-attachment-3784\" class=\"wp-caption-text\">Lukas Asp\u00f6ck und Cosima Ermert aus dem GfTA Vorstand stellen die beiden Sprecher vor.<\/p><\/div>\n<p>Am 20. November 2025 fanden im Seminarraum des Instituts f\u00fcr H\u00f6rtechnik und Akustik zum zweiten Mal die GfTA Alumni-Talks statt.<\/p>\n<p>Bei diesem Format, organisiert von der <a href=\"https:\/\/www.akustik.rwth-aachen.de\/cms\/institut-fuer-hoertechnik-und-akustik\/das-institut\/~eetn\/gfta\/\" target=\"_blank\" rel=\"noopener\">Gesellschaft f\u00fcr Technische Akustik e.V.<\/a>, soll der Austausch zwischen ehemaligen und aktuellen IHTAliener*innen gef\u00f6rdert und einen generationen\u00fcbergreifenden Kontakt zwischen Mitarbeiter*innen erm\u00f6glicht werden.<\/p>\n<p>In lockerer Atmosph\u00e4re werden dabei interessante Karrierewege in der Akustik beleuchtet und Anekdoten aus dem fr\u00fcheren Institutsleben ausgetauscht.<\/p>\n<div id=\"attachment_3786\" style=\"width: 294px\" class=\"wp-caption alignright\"><img loading=\"lazy\" decoding=\"async\" aria-describedby=\"caption-attachment-3786\" class=\"wp-image-3786 \" src=\"https:\/\/blog.rwth-aachen.de\/akustik\/files\/2025\/11\/IMG_2762-300x225.jpeg\" alt=\"\" width=\"284\" height=\"213\" srcset=\"https:\/\/blog.rwth-aachen.de\/akustik\/files\/2025\/11\/IMG_2762-300x225.jpeg 300w, https:\/\/blog.rwth-aachen.de\/akustik\/files\/2025\/11\/IMG_2762-1024x768.jpeg 1024w, https:\/\/blog.rwth-aachen.de\/akustik\/files\/2025\/11\/IMG_2762-768x576.jpeg 768w, https:\/\/blog.rwth-aachen.de\/akustik\/files\/2025\/11\/IMG_2762-1536x1152.jpeg 1536w, https:\/\/blog.rwth-aachen.de\/akustik\/files\/2025\/11\/IMG_2762-2048x1536.jpeg 2048w\" sizes=\"auto, (max-width: 284px) 100vw, 284px\" \/><p id=\"caption-attachment-3786\" class=\"wp-caption-text\">Alfred Schmitz (links) und Tobias Lentz (rechts)<\/p><\/div>\n<p>Die beiden I(H)TA-Alumni Alfred Schmitz (bekannt durch den ITA Kunstkopf, nun bei <a href=\"https:\/\/www.tac-akustik.de\/\">TAC<\/a> und Dozent im Intensivkurs Raumakustik) und Tobias Lentz (Mitentwickler am ersten CAVE-System der RWTH, nun Teamleiter in der Softwareentwicklung bei <a href=\"https:\/\/www.head-acoustics.com\/de\/\">HEAD acoustics<\/a>) berichteten von ihren Erfahrungen im Studium, der Promotion und der Zeit nach dem IHTA.<\/p>\n<p>Anschlie\u00dfend wurde bei Gl\u00fchwein und anderen Getr\u00e4nken die Gelegenheit genutzt, weitere Geschichten aus der damaligen und aktuellen Zeit am Institut auszutauschen. Der GfTA-Vorstand m\u00f6chte sich f\u00fcr das gro\u00dfe Interesse bei allen Zuh\u00f6rer*innen und ganz herzlich bei Alfred und Tobias f\u00fcr ihre Beteiligung an dem Event bedanken.<\/p>\n","protected":false},"excerpt":{"rendered":"<p>Am 20. November 2025 fanden im Seminarraum des Instituts f\u00fcr H\u00f6rtechnik und Akustik zum zweiten Mal die GfTA Alumni-Talks statt. Bei diesem Format, organisiert von der Gesellschaft f\u00fcr Technische Akustik [&hellip;]<\/p>\n","protected":false},"author":4941,"featured_media":0,"comment_status":"open","ping_status":"open","sticky":false,"template":"","format":"standard","meta":{"c2c_always_allow_admin_comments":false,"footnotes":""},"categories":[55,18],"tags":[],"class_list":["post-3783","post","type-post","status-publish","format-standard","hentry","category-events","category-gfta"],"_links":{"self":[{"href":"https:\/\/blog.rwth-aachen.de\/akustik\/wp-json\/wp\/v2\/posts\/3783","targetHints":{"allow":["GET"]}}],"collection":[{"href":"https:\/\/blog.rwth-aachen.de\/akustik\/wp-json\/wp\/v2\/posts"}],"about":[{"href":"https:\/\/blog.rwth-aachen.de\/akustik\/wp-json\/wp\/v2\/types\/post"}],"author":[{"embeddable":true,"href":"https:\/\/blog.rwth-aachen.de\/akustik\/wp-json\/wp\/v2\/users\/4941"}],"replies":[{"embeddable":true,"href":"https:\/\/blog.rwth-aachen.de\/akustik\/wp-json\/wp\/v2\/comments?post=3783"}],"version-history":[{"count":11,"href":"https:\/\/blog.rwth-aachen.de\/akustik\/wp-json\/wp\/v2\/posts\/3783\/revisions"}],"predecessor-version":[{"id":3804,"href":"https:\/\/blog.rwth-aachen.de\/akustik\/wp-json\/wp\/v2\/posts\/3783\/revisions\/3804"}],"wp:attachment":[{"href":"https:\/\/blog.rwth-aachen.de\/akustik\/wp-json\/wp\/v2\/media?parent=3783"}],"wp:term":[{"taxonomy":"category","embeddable":true,"href":"https:\/\/blog.rwth-aachen.de\/akustik\/wp-json\/wp\/v2\/categories?post=3783"},{"taxonomy":"post_tag","embeddable":true,"href":"https:\/\/blog.rwth-aachen.de\/akustik\/wp-json\/wp\/v2\/tags?post=3783"}],"curies":[{"name":"wp","href":"https:\/\/api.w.org\/{rel}","templated":true}]}}