{"id":1226,"date":"2020-10-29T21:30:35","date_gmt":"2020-10-29T20:30:35","guid":{"rendered":"https:\/\/blog.rwth-aachen.de\/corona\/?p=1226"},"modified":"2020-10-30T09:01:53","modified_gmt":"2020-10-30T08:01:53","slug":"keine-oeffentlichen-veranstaltunen-in-rwth-raeumen","status":"publish","type":"post","link":"https:\/\/blog.rwth-aachen.de\/corona\/2020\/10\/29\/keine-oeffentlichen-veranstaltunen-in-rwth-raeumen\/","title":{"rendered":"Keine \u00f6ffentlichen Veranstaltungen in RWTH-R\u00e4umen"},"content":{"rendered":"<p>\u00d6ffentliche Veranstaltungen\u00a0 wie Kongresse und Tagungen, kulturelle Angebote sowie Veranstaltungen Dritter d\u00fcrfen ab Samstag, 31. Oktober 2020, nicht mehr in R\u00e4umlichkeiten der RWTH durchgef\u00fchrt werden. Dies gibt der Krisenstab der RWTH Aachen bekannt. Diese und weitere Ma\u00dfnahmen werden aufgehoben, sobald die Inzidenz f\u00fcr die Dauer von einer Woche den Wert von 150 in Stadt und St\u00e4dteregion Aachen wieder unterschritten hat. Basis sind jeweils die Ver\u00f6ffentlichungen von Stadt und St\u00e4dteregion Aachen. Hier\u00fcber werden wir entsprechend informieren.<\/p>\n<p>Auf Grund der aktuell wieder sehr dynamischen Lage ist es m\u00f6glich, dass weitere Ma\u00dfnahmen erforderlich werden, \u00fcber die wir Sie dann umgehend informieren.<\/p>","protected":false},"excerpt":{"rendered":"<p>\u00d6ffentliche Veranstaltungen\u00a0 wie Kongresse und Tagungen, kulturelle Angebote sowie Veranstaltungen Dritter d\u00fcrfen ab Samstag, 31. Oktober 2020, nicht mehr in R\u00e4umlichkeiten der RWTH durchgef\u00fchrt werden. Dies gibt der Krisenstab der [&hellip;]<\/p>\n","protected":false},"author":2284,"featured_media":0,"comment_status":"closed","ping_status":"closed","sticky":false,"template":"","format":"standard","meta":{"c2c_always_allow_admin_comments":false,"footnotes":""},"categories":[1],"tags":[],"class_list":["post-1226","post","type-post","status-publish","format-standard","hentry","category-allgemein"],"_links":{"self":[{"href":"https:\/\/blog.rwth-aachen.de\/corona\/wp-json\/wp\/v2\/posts\/1226","targetHints":{"allow":["GET"]}}],"collection":[{"href":"https:\/\/blog.rwth-aachen.de\/corona\/wp-json\/wp\/v2\/posts"}],"about":[{"href":"https:\/\/blog.rwth-aachen.de\/corona\/wp-json\/wp\/v2\/types\/post"}],"author":[{"embeddable":true,"href":"https:\/\/blog.rwth-aachen.de\/corona\/wp-json\/wp\/v2\/users\/2284"}],"replies":[{"embeddable":true,"href":"https:\/\/blog.rwth-aachen.de\/corona\/wp-json\/wp\/v2\/comments?post=1226"}],"version-history":[{"count":3,"href":"https:\/\/blog.rwth-aachen.de\/corona\/wp-json\/wp\/v2\/posts\/1226\/revisions"}],"predecessor-version":[{"id":1243,"href":"https:\/\/blog.rwth-aachen.de\/corona\/wp-json\/wp\/v2\/posts\/1226\/revisions\/1243"}],"wp:attachment":[{"href":"https:\/\/blog.rwth-aachen.de\/corona\/wp-json\/wp\/v2\/media?parent=1226"}],"wp:term":[{"taxonomy":"category","embeddable":true,"href":"https:\/\/blog.rwth-aachen.de\/corona\/wp-json\/wp\/v2\/categories?post=1226"},{"taxonomy":"post_tag","embeddable":true,"href":"https:\/\/blog.rwth-aachen.de\/corona\/wp-json\/wp\/v2\/tags?post=1226"}],"curies":[{"name":"wp","href":"https:\/\/api.w.org\/{rel}","templated":true}]}}