{"id":1559,"date":"2021-03-05T17:33:37","date_gmt":"2021-03-05T16:33:37","guid":{"rendered":"https:\/\/blog.rwth-aachen.de\/corona\/?p=1559"},"modified":"2021-03-08T09:16:11","modified_gmt":"2021-03-08T08:16:11","slug":"keine-praesenzpruefungen-bis-zum-12-april","status":"publish","type":"post","link":"https:\/\/blog.rwth-aachen.de\/corona\/2021\/03\/05\/keine-praesenzpruefungen-bis-zum-12-april\/","title":{"rendered":"Keine Pr\u00e4senzpr\u00fcfungen bis zum 12. April"},"content":{"rendered":"<p>Die Runde der Vorsitzenden der Pr\u00fcfungsaussch\u00fcsse sowie der Studiendekaninnen und Studiendekane der RWTH Aachen hat sich darauf verst\u00e4ndigt, auch weiterhin keine Pr\u00e4senzpr\u00fcfungen bis zum Beginn der Vorlesungen im Sommersemester (12. April 2021) durchzuf\u00fchren. Das betrifft sowohl schriftliche als auch m\u00fcndliche Pr\u00fcfungen. Krisenstab und Hochschulleitung empfehlen den Pr\u00fcfenden in den Lehrst\u00fchlen nachdr\u00fccklich Fernpr\u00fcfungen oder alternative Pr\u00fcfungsformate.<\/p>\n<p>Folgende Ausnahmen k\u00f6nnen jedoch m\u00f6glich sein: Schriftliche Pr\u00fcfungen, die den Vorgaben der Allgemeinverf\u00fcgung des Ministeriums f\u00fcr Arbeit, Gesundheit und Soziales (AV) gen\u00fcgen, k\u00f6nnen in begr\u00fcndeten F\u00e4llen ausnahmsweise in Pr\u00e4senz in zentralen R\u00e4umlichkeiten stattfinden. Dies soll f\u00fcr Pr\u00fcfungen mit mindestens 50 angemeldeten Pr\u00fcflingen (Sollgr\u00f6\u00dfe) gelten. M\u00f6gliche Gr\u00fcnde k\u00f6nnen dabei zum Beispiel Verz\u00f6gerungen im Studienverlauf wegen Pr\u00e4senzveranstaltungen im Sommersemester sein. Der pr\u00fcfende Lehrstuhl muss hierf\u00fcr einen Antrag stellen, der durch das Studiendekanat bef\u00fcrwortet werden muss und dann zur Entscheidung in die Zentrale geht.<\/p>\n<p>Nach wie vor k\u00f6nnen Pr\u00fcfende f\u00fcr Studierende, die an einer angebotenen beaufsichtigten Fernpr\u00fcfung aus gewichtigen Gr\u00fcnden nicht teilnehmen m\u00f6chten, beantragen, die Pr\u00fcfung zeitgleich in Pr\u00e4senz in einem H\u00f6rsaal zu schreiben, sofern es sich um den einzigen Pr\u00fcfungstermin im Semester handelt.<\/p>\n<p>F\u00fcr diese Ausnahmen bei den schriftlichen Pr\u00fcfungen und die parallel zu der Fernpr\u00fcfung in der RWTH durchgef\u00fchrten schriftlichen Pr\u00fcfungen gilt weiterhin die Einhaltung der bisherigen Hygienema\u00dfnahmen. Die Pr\u00fcfungsteilnehmenden m\u00fcssen einen medizinischen Mund-Nasen-Schutz tragen. Die aktuell geltenden Regularien finden sich in der <a href=\"https:\/\/download.cms.rwth-aachen.de\/WebDAV_5.2\/konsolidierte_Handreichungen_Lehre_DE.pdf\">Handreichung zum Umgang mit Pr\u00fcfungs-, Lehrveranstaltungen und Einsichtnahmen<\/a>.<\/p>\n<p>Die Verlegung einer Pr\u00fcfung auf den zweiten Pr\u00fcfungstermin ist ebenfalls weiterhin m\u00f6glich. Im Sommersemester muss dann zwingend ein Pr\u00fcfungstermin angeboten werden, sofern im Wintersemester nur ein Pr\u00fcfungstermin stattfindet. M\u00fcndliche Pr\u00fcfungen m\u00fcssen weiterhin als Online-Formate durchgef\u00fchrt werden. Um keine weitere Mobilit\u00e4t zu erzeugen, d\u00fcrfen diese Formate nicht in den R\u00e4umen der RWTH stattfinden.<\/p>\n<p>Die Entscheidung \u00fcber alle Pr\u00fcfungen der Medizinischen Fakult\u00e4t bleibt weiterhin dem Dekanat der Fakult\u00e4t 10 \u00fcbertragen.<\/p>\n<p>Wenn es \u00c4nderungen in der Coronaschutzverordnung gibt, kommen Krisenstab und Hochschulleitung erneut kurzfristig auf die Lehrenden und Studierenden zu.<\/p>","protected":false},"excerpt":{"rendered":"<p>Die Runde der Vorsitzenden der Pr\u00fcfungsaussch\u00fcsse sowie der Studiendekaninnen und Studiendekane der RWTH Aachen hat sich darauf verst\u00e4ndigt, auch weiterhin keine Pr\u00e4senzpr\u00fcfungen bis zum Beginn der Vorlesungen im Sommersemester (12. [&hellip;]<\/p>\n","protected":false},"author":2284,"featured_media":0,"comment_status":"closed","ping_status":"closed","sticky":false,"template":"","format":"standard","meta":{"c2c_always_allow_admin_comments":false,"footnotes":""},"categories":[1],"tags":[],"class_list":["post-1559","post","type-post","status-publish","format-standard","hentry","category-allgemein"],"_links":{"self":[{"href":"https:\/\/blog.rwth-aachen.de\/corona\/wp-json\/wp\/v2\/posts\/1559","targetHints":{"allow":["GET"]}}],"collection":[{"href":"https:\/\/blog.rwth-aachen.de\/corona\/wp-json\/wp\/v2\/posts"}],"about":[{"href":"https:\/\/blog.rwth-aachen.de\/corona\/wp-json\/wp\/v2\/types\/post"}],"author":[{"embeddable":true,"href":"https:\/\/blog.rwth-aachen.de\/corona\/wp-json\/wp\/v2\/users\/2284"}],"replies":[{"embeddable":true,"href":"https:\/\/blog.rwth-aachen.de\/corona\/wp-json\/wp\/v2\/comments?post=1559"}],"version-history":[{"count":2,"href":"https:\/\/blog.rwth-aachen.de\/corona\/wp-json\/wp\/v2\/posts\/1559\/revisions"}],"predecessor-version":[{"id":1561,"href":"https:\/\/blog.rwth-aachen.de\/corona\/wp-json\/wp\/v2\/posts\/1559\/revisions\/1561"}],"wp:attachment":[{"href":"https:\/\/blog.rwth-aachen.de\/corona\/wp-json\/wp\/v2\/media?parent=1559"}],"wp:term":[{"taxonomy":"category","embeddable":true,"href":"https:\/\/blog.rwth-aachen.de\/corona\/wp-json\/wp\/v2\/categories?post=1559"},{"taxonomy":"post_tag","embeddable":true,"href":"https:\/\/blog.rwth-aachen.de\/corona\/wp-json\/wp\/v2\/tags?post=1559"}],"curies":[{"name":"wp","href":"https:\/\/api.w.org\/{rel}","templated":true}]}}