{"id":1708,"date":"2021-05-26T15:57:08","date_gmt":"2021-05-26T13:57:08","guid":{"rendered":"https:\/\/blog.rwth-aachen.de\/corona\/?p=1708"},"modified":"2021-05-27T07:45:18","modified_gmt":"2021-05-27T05:45:18","slug":"impfangebot-der-hochschulaerztlichen-einrichtung","status":"publish","type":"post","link":"https:\/\/blog.rwth-aachen.de\/corona\/2021\/05\/26\/impfangebot-der-hochschulaerztlichen-einrichtung\/","title":{"rendered":"Impfangebot der Hochschul\u00e4rztlichen Einrichtung"},"content":{"rendered":"<p>Die Hochschul\u00e4rztliche Einrichtung wird voraussichtlich ab Dienstag, 8. Juni 2021 ein Angebot zur Impfung gegen das Coronavirus etablieren k\u00f6nnen. Die Art (Vektor- und\/oder mRNA-Impfstoff) sowie der Umfang des Impfangebots (verf\u00fcgbare Impfdosen pro Woche) sind noch nicht bekannt. Die Hochschul\u00e4rztliche Einrichtung ist nat\u00fcrlich bem\u00fcht, eine m\u00f6glichst gro\u00dfe Zuteilung pro Woche zu erhalten.<\/p>\n<p>Mit dem voraussichtlichen Start des Impfangebots wird wahrscheinlich auch die bisher g\u00fcltige Bundesverordnung zur Impfpriorisierung aufgehoben. Es ist dennoch absehbar, dass weiterhin nicht alle Impfwilligen bereits Anfang Juni ein Impfangebot erhalten k\u00f6nnen. Krisenstab und Rektorat haben nach intensiver Beratung durch die Hochschul\u00e4rztliche Einrichtung entschieden, das Impfangebot an jeweils noch genauer festzulegende Altersgruppen, beginnend mit den \u00e4ltesten Hochschulmitgliedern, auszusprechen.<\/p>\n<p>Die Festlegung der einzelnen Altersgruppen erfolgt, sobald jeweils die genauen Liefermengen des Impfstoffs bekannt sind. Sobald die Nachfrage nach einer Impfung in einer aufgerufenen Altersgruppe merklich nachl\u00e4sst, wird umgehend die n\u00e4chste Altersgruppe angesprochen.<\/p>\n<p>Krisenstab und Rektorat bitten ausdr\u00fccklich um Verst\u00e4ndnis, dass eine Priorisierung nach einzelnen T\u00e4tigkeiten oder anderen Kriterien nicht erfolgt. Diese Entscheidung erfolgte auch vor dem Hintergrund, dass die Hochschul\u00e4rztliche Einrichtung einen gleichberechtigten Versorgungsauftrag f\u00fcr vier Einrichtungen (RWTH, FH, Studierendenwerk sowie UK Aachen) wahrnimmt.<\/p>\n<p>Zur Buchung eines Impftermins wird ein Buchungsportal bereitgestellt. \u00dcber den genauen Ablauf der Buchung sowie die Freischaltung des Portals werden wir Sie voraussichtlich Anfang Juni (22. Kalenderwoche) informieren.<\/p>\n<p>Das Angebot der Hochschul\u00e4rztlichen Einrichtung als Teil der betriebs\u00e4rztlichen Einrichtungen wird eine weitere von mehreren S\u00e4ulen der Impfkampagne der Bundesregierung darstellen. Falls Sie Gelegenheit haben sollten, ein Impfangebot in einem Impfzentrum oder bei einer niedergelassenen \u00c4rztin bzw. einem niedergelassenen Arzt wahrzunehmen, m\u00f6chte der Krisenstab Sie hierzu ausdr\u00fccklich weiterhin ermutigen.<\/p>\n<p>\u00dcber weitere Entwicklungen rund um das Thema Impfen wird der Krisenstab wieder zeitnah informieren.<\/p>","protected":false},"excerpt":{"rendered":"<p>Die Hochschul\u00e4rztliche Einrichtung wird voraussichtlich ab Dienstag, 8. Juni 2021 ein Angebot zur Impfung gegen das Coronavirus etablieren k\u00f6nnen. Die Art (Vektor- und\/oder mRNA-Impfstoff) sowie der Umfang des Impfangebots (verf\u00fcgbare [&hellip;]<\/p>\n","protected":false},"author":2284,"featured_media":0,"comment_status":"closed","ping_status":"closed","sticky":false,"template":"","format":"standard","meta":{"c2c_always_allow_admin_comments":false,"footnotes":""},"categories":[1],"tags":[],"class_list":["post-1708","post","type-post","status-publish","format-standard","hentry","category-allgemein"],"_links":{"self":[{"href":"https:\/\/blog.rwth-aachen.de\/corona\/wp-json\/wp\/v2\/posts\/1708","targetHints":{"allow":["GET"]}}],"collection":[{"href":"https:\/\/blog.rwth-aachen.de\/corona\/wp-json\/wp\/v2\/posts"}],"about":[{"href":"https:\/\/blog.rwth-aachen.de\/corona\/wp-json\/wp\/v2\/types\/post"}],"author":[{"embeddable":true,"href":"https:\/\/blog.rwth-aachen.de\/corona\/wp-json\/wp\/v2\/users\/2284"}],"replies":[{"embeddable":true,"href":"https:\/\/blog.rwth-aachen.de\/corona\/wp-json\/wp\/v2\/comments?post=1708"}],"version-history":[{"count":2,"href":"https:\/\/blog.rwth-aachen.de\/corona\/wp-json\/wp\/v2\/posts\/1708\/revisions"}],"predecessor-version":[{"id":1711,"href":"https:\/\/blog.rwth-aachen.de\/corona\/wp-json\/wp\/v2\/posts\/1708\/revisions\/1711"}],"wp:attachment":[{"href":"https:\/\/blog.rwth-aachen.de\/corona\/wp-json\/wp\/v2\/media?parent=1708"}],"wp:term":[{"taxonomy":"category","embeddable":true,"href":"https:\/\/blog.rwth-aachen.de\/corona\/wp-json\/wp\/v2\/categories?post=1708"},{"taxonomy":"post_tag","embeddable":true,"href":"https:\/\/blog.rwth-aachen.de\/corona\/wp-json\/wp\/v2\/tags?post=1708"}],"curies":[{"name":"wp","href":"https:\/\/api.w.org\/{rel}","templated":true}]}}