{"id":2027,"date":"2022-04-01T15:19:22","date_gmt":"2022-04-01T13:19:22","guid":{"rendered":"https:\/\/blog.rwth-aachen.de\/corona\/?p=2027"},"modified":"2022-05-20T14:23:05","modified_gmt":"2022-05-20T12:23:05","slug":"wichtige-hinweise-des-krisenstabs-zu-den-regelungen-ab-4-april-2022","status":"publish","type":"post","link":"https:\/\/blog.rwth-aachen.de\/corona\/2022\/04\/01\/wichtige-hinweise-des-krisenstabs-zu-den-regelungen-ab-4-april-2022\/","title":{"rendered":"Wichtige Hinweise des Krisenstabs zu den Regelungen ab 4. April 2022"},"content":{"rendered":"<p>Zum 3. April werden die bisher bekannten rechtlichen Regelungen zum Zugang bei Lehr- und Pr\u00fcfungsveranstaltungen (3G-Regel), Abst\u00e4nden und Masken entfallen.<\/p>\n<p><strong>Allgemeine Hinweise<\/strong><\/p>\n<p>Auf Grund des aktuellen Infektionsgeschehens empfehlen Krisenstab und Rektorat nachdr\u00fccklich das Beachten der AHA-L Gebote (Abstand \u2013 Hygiene \u2013 Atemschutz sowie L\u00fcften), wo immer dies m\u00f6glich ist. In diesem Zusammenhang m\u00f6chte ich auf die RWTH Kampagne \u201eWir tragen weiter Masken\u201c verweisen.<\/p>\n<p>Entsprechende Druckvorlagen f\u00fcr R\u00e4umlichkeiten, Eing\u00e4nge aber auch Pr\u00e4sentationen finden Sie unter: <a href=\"https:\/\/www.rwth-aachen.de\/go\/id\/ujbed\">https:\/\/www.rwth-aachen.de\/go\/id\/ujbed<\/a><\/p>\n<p>Bitte beachten Sie, dass auch weiterhin Personen mit nicht abgekl\u00e4rten Erk\u00e4ltungssymptomen die RWTH nicht betreten d\u00fcrfen. In diesem Fall lassen Sie bitte zun\u00e4chst die Symptome \u00e4rztlich abkl\u00e4ren. Entsprechend chronisch erkrankten Personen wird empfohlen, ggf. zur eigenen Erleichterung ein \u00e4rztliches Attest vorzuhalten.<\/p>\n<p>Sofern bei Personen eine Infektion mit dem Coronavirus vorliegt, werden diese gebeten, sich mit den einschl\u00e4gigen Isolationsregeln (siehe auch: <a href=\"https:\/\/www.mags.nrw\/sites\/default\/files\/asset\/document\/corona_schaubild.pdf\">https:\/\/www.mags.nrw\/sites\/default\/files\/asset\/document\/corona_schaubild.pdf<\/a>) vertraut zu machen. Hier gilt nat\u00fcrlich ebenfalls das Betretungsverbot. Ausk\u00fcnfte zur Dauer der Isolation erteilt das \u00f6rtliche Gesundheitsamt.<\/p>\n<p><!--more--><\/p>\n<p><strong>Hinweise zum Arbeiten in Pr\u00e4senz<\/strong><\/p>\n<ul>\n<li>Die Handlungsempfehlungen der Stabsstelle f\u00fcr Arbeits- und Strahlenschutz wurden weiter fortgeschrieben. Die neuen Fassungen finden Sie hier: <a href=\"https:\/\/www.rwth-aachen.de\/go\/id\/uebzi\">https:\/\/www.rwth-aachen.de\/go\/id\/uebzi<\/a><\/li>\n<li>Einerseits in Folge der ver\u00e4nderten rechtlichen Rahmenbedingungen und andererseits auf Grund der vermehrten R\u00fcckkehr an die Arbeitspl\u00e4tze sind die Gef\u00e4hrdungsbeurteilungen f\u00fcr das Arbeiten in Pr\u00e4senz nochmals durch die Vorgesetzten zu \u00fcberpr\u00fcfen und anzupassen. Die Vorlagen f\u00fcr die Gef\u00e4hrdungsbeurteilungen finden Sie hier: <a href=\"https:\/\/www9.rwth-aachen.de\/go\/id\/crga\">https:\/\/www9.rwth-aachen.de\/go\/id\/crga<\/a>. Bitte beachten Sie, dass die sich aus den Gef\u00e4hrdungsbeurteilungen ergebenden Ma\u00dfnahmen (z. B. Tragen eines Mundschutz) f\u00fcr alle Besch\u00e4ftigten bindend sind.<\/li>\n<li>Im vergangenen Jahr wurde die sog. 2G-Option (nicht zu verwechseln mit der 2G-Regel) eingef\u00fchrt. Besch\u00e4ftigte, die diese Option nutzen m\u00f6chten, finden weitere Hinweise hier: <a href=\"https:\/\/www9.rwth-aachen.de\/go\/id\/crga\">https:\/\/www9.rwth-aachen.de\/go\/id\/crga<\/a><\/li>\n<\/ul>\n<p>Weiterhin kann Home-Office als geeignete Ma\u00dfnahme zum Infektionsschutz durch die Vorgesetzten gew\u00e4hrt werden. Die ab 1. April 2022 g\u00fcltigen Regelungen zu Home-Office und situativ mobile Arbeit finden Sie hier: <a href=\"https:\/\/blog.rwth-aachen.de\/corona\/2022\/03\/11\/home-office-regelung-ab-1-april-2022\/\">https:\/\/blog.rwth-aachen.de\/corona\/2022\/03\/11\/home-office-regelung-ab-1-april-2022\/<\/a><\/p>\n<p>Krisenstab und Rektorat sind sich bewusst, dass in dieser Phase der Pandemie die Eigenverantwortung aller Hochschulangeh\u00f6rigen noch st\u00e4rker in den Vordergrund tritt. Die RWTH ist bisher auch deswegen so gut durch die Pandemie gekommen, weil die Hochschulangeh\u00f6rigen sehr verantwortungsvoll die bestehenden Regelungen umgesetzt haben und damit ein besonderes Gemeinschaftsgef\u00fchl dokumentiert haben. Krisenstab und Rektorat appellieren an alle, dieses verantwortungsvolle Verhalten und dieses Gemeinschaftsgef\u00fchl auch weiterhin zu leben und entsprechend besonnen zu handeln!<\/p>","protected":false},"excerpt":{"rendered":"<p>Zum 3. April werden die bisher bekannten rechtlichen Regelungen zum Zugang bei Lehr- und Pr\u00fcfungsveranstaltungen (3G-Regel), Abst\u00e4nden und Masken entfallen. Allgemeine Hinweise Auf Grund des aktuellen Infektionsgeschehens empfehlen Krisenstab und [&hellip;]<\/p>\n","protected":false},"author":2284,"featured_media":0,"comment_status":"closed","ping_status":"closed","sticky":false,"template":"","format":"standard","meta":{"c2c_always_allow_admin_comments":false,"footnotes":""},"categories":[1],"tags":[],"class_list":["post-2027","post","type-post","status-publish","format-standard","hentry","category-allgemein"],"_links":{"self":[{"href":"https:\/\/blog.rwth-aachen.de\/corona\/wp-json\/wp\/v2\/posts\/2027","targetHints":{"allow":["GET"]}}],"collection":[{"href":"https:\/\/blog.rwth-aachen.de\/corona\/wp-json\/wp\/v2\/posts"}],"about":[{"href":"https:\/\/blog.rwth-aachen.de\/corona\/wp-json\/wp\/v2\/types\/post"}],"author":[{"embeddable":true,"href":"https:\/\/blog.rwth-aachen.de\/corona\/wp-json\/wp\/v2\/users\/2284"}],"replies":[{"embeddable":true,"href":"https:\/\/blog.rwth-aachen.de\/corona\/wp-json\/wp\/v2\/comments?post=2027"}],"version-history":[{"count":2,"href":"https:\/\/blog.rwth-aachen.de\/corona\/wp-json\/wp\/v2\/posts\/2027\/revisions"}],"predecessor-version":[{"id":2031,"href":"https:\/\/blog.rwth-aachen.de\/corona\/wp-json\/wp\/v2\/posts\/2027\/revisions\/2031"}],"wp:attachment":[{"href":"https:\/\/blog.rwth-aachen.de\/corona\/wp-json\/wp\/v2\/media?parent=2027"}],"wp:term":[{"taxonomy":"category","embeddable":true,"href":"https:\/\/blog.rwth-aachen.de\/corona\/wp-json\/wp\/v2\/categories?post=2027"},{"taxonomy":"post_tag","embeddable":true,"href":"https:\/\/blog.rwth-aachen.de\/corona\/wp-json\/wp\/v2\/tags?post=2027"}],"curies":[{"name":"wp","href":"https:\/\/api.w.org\/{rel}","templated":true}]}}