{"id":446,"date":"2020-04-22T15:27:52","date_gmt":"2020-04-22T13:27:52","guid":{"rendered":"https:\/\/blog.rwth-aachen.de\/corona\/?p=446"},"modified":"2020-04-27T09:37:31","modified_gmt":"2020-04-27T07:37:31","slug":"ausleihe-von-lehrbuechern-wieder-moeglich","status":"publish","type":"post","link":"https:\/\/blog.rwth-aachen.de\/corona\/2020\/04\/22\/ausleihe-von-lehrbuechern-wieder-moeglich\/","title":{"rendered":"Ausleihe von Lehrb\u00fcchern wieder m\u00f6glich"},"content":{"rendered":"<p>Die Universit\u00e4tsbibliothek (UB) der RWTH gibt bekannt, dass ab sofort die Ausleihe von Lehrb\u00fcchern wieder m\u00f6glich ist. Bestellung und Terminabsprache f\u00fcr die Abholung laufen \u00fcber die E-Mail-Adresse ausleihe@ub.rwth-aachen.de.<\/p>\n<p>Die Fernleihe f\u00fcr B\u00fccher und andere Medien kann dagegen bis auf Weiteres nicht angeboten werden. Die Bestellung von Zeitschriftenartikeln \u00fcber die DigiBib ist laut Informationen der UB wieder m\u00f6glich. Kurzfristig vereinbarte Sonderkonditionen mit den Verwertungsgesellschaften machten es m\u00f6glich, Aufs\u00e4tze bis zum 31.Mai elektronisch bereitzustellen.<\/p>","protected":false},"excerpt":{"rendered":"<p>Die Universit\u00e4tsbibliothek (UB) der RWTH gibt bekannt, dass ab sofort die Ausleihe von Lehrb\u00fcchern wieder m\u00f6glich ist. Bestellung und Terminabsprache f\u00fcr die Abholung laufen \u00fcber die E-Mail-Adresse ausleihe@ub.rwth-aachen.de. Die Fernleihe [&hellip;]<\/p>\n","protected":false},"author":2284,"featured_media":0,"comment_status":"closed","ping_status":"closed","sticky":false,"template":"","format":"standard","meta":{"c2c_always_allow_admin_comments":false,"footnotes":""},"categories":[1],"tags":[],"class_list":["post-446","post","type-post","status-publish","format-standard","hentry","category-allgemein"],"_links":{"self":[{"href":"https:\/\/blog.rwth-aachen.de\/corona\/wp-json\/wp\/v2\/posts\/446","targetHints":{"allow":["GET"]}}],"collection":[{"href":"https:\/\/blog.rwth-aachen.de\/corona\/wp-json\/wp\/v2\/posts"}],"about":[{"href":"https:\/\/blog.rwth-aachen.de\/corona\/wp-json\/wp\/v2\/types\/post"}],"author":[{"embeddable":true,"href":"https:\/\/blog.rwth-aachen.de\/corona\/wp-json\/wp\/v2\/users\/2284"}],"replies":[{"embeddable":true,"href":"https:\/\/blog.rwth-aachen.de\/corona\/wp-json\/wp\/v2\/comments?post=446"}],"version-history":[{"count":3,"href":"https:\/\/blog.rwth-aachen.de\/corona\/wp-json\/wp\/v2\/posts\/446\/revisions"}],"predecessor-version":[{"id":481,"href":"https:\/\/blog.rwth-aachen.de\/corona\/wp-json\/wp\/v2\/posts\/446\/revisions\/481"}],"wp:attachment":[{"href":"https:\/\/blog.rwth-aachen.de\/corona\/wp-json\/wp\/v2\/media?parent=446"}],"wp:term":[{"taxonomy":"category","embeddable":true,"href":"https:\/\/blog.rwth-aachen.de\/corona\/wp-json\/wp\/v2\/categories?post=446"},{"taxonomy":"post_tag","embeddable":true,"href":"https:\/\/blog.rwth-aachen.de\/corona\/wp-json\/wp\/v2\/tags?post=446"}],"curies":[{"name":"wp","href":"https:\/\/api.w.org\/{rel}","templated":true}]}}