{"id":810,"date":"2020-06-17T13:18:03","date_gmt":"2020-06-17T11:18:03","guid":{"rendered":"https:\/\/blog.rwth-aachen.de\/corona\/?p=810"},"modified":"2020-06-24T15:03:36","modified_gmt":"2020-06-24T13:03:36","slug":"rwth-podcast-herr-schuett-und-die-reaktion-der-studierenden","status":"publish","type":"post","link":"https:\/\/blog.rwth-aachen.de\/corona\/2020\/06\/17\/rwth-podcast-herr-schuett-und-die-reaktion-der-studierenden\/","title":{"rendered":"RWTH-Podcast: Herr Sch\u00fctt und die Reaktion der Studierenden"},"content":{"rendered":"<p>Die n\u00e4chste Folge des RWTH-Podcast &#8222;Corona \u2013 unsere Antworten auf die Pandemie&#8220; ist online. In der sechsten Folge der Reihe beleuchtet Alexander Sch\u00fctt die Entwicklungen der vergangenen Wochen aus der Perspektive des AStA. In &#8222;Herr Sch\u00fctt und die Reaktion der Studierenden&#8220; geht es um Lehre und Mitwirkung und vieles mehr. Professor Roger H\u00e4u\u00dfling f\u00fchrt zusammen mit seinem Team vom <a class=\"internal\" href=\"https:\/\/www.rwth-aachen.de\/go\/id\/mlly\" target=\"_self\" rel=\"noopener noreferrer\">RWTH-Lehrstuhl f\u00fcr Technik- und Organisationssoziologie, kurz STO<\/a>, f\u00fcr die Podcast-Reihe \u00fcber Video-Chat Interviews mit Verantwortlichen f\u00fcr die Digitalisierung der Lehre, Virologen und Medizinern der Uniklinik RWTH Aachen, dem RWTH-Rektorat, dem Allgemeinen Studierendenausschuss, Politikwissenschaftlern sowie Experten f\u00fcr Ethik, Wirtschaft (inklusive der Innovationsforschung), Informatik und Maschinenbau.<\/p>\n<p><a href=\"https:\/\/www.rwth-aachen.de\/cms\/root\/Die-RWTH\/Profil\/Social-Media\/~hpfrd\/RWTH-Podcasts\/\">https:\/\/www.rwth-aachen.de\/cms\/root\/Die-RWTH\/Profil\/Social-Media\/~hpfrd\/RWTH-Podcasts\/<\/a><\/p>\n<p><a href=\"https:\/\/anchor.fm\/rwth-aachen-university\/episodes\/Herr-Schtt-und-die-Reaktion-der-Studierenden-efhjho\">https:\/\/anchor.fm\/rwth-aachen-university\/episodes\/Herr-Schtt-und-die-Reaktion-der-Studierenden-efhjho<\/a><\/p>","protected":false},"excerpt":{"rendered":"<p>Die n\u00e4chste Folge des RWTH-Podcast &#8222;Corona \u2013 unsere Antworten auf die Pandemie&#8220; ist online. In der sechsten Folge der Reihe beleuchtet Alexander Sch\u00fctt die Entwicklungen der vergangenen Wochen aus der [&hellip;]<\/p>\n","protected":false},"author":2284,"featured_media":0,"comment_status":"closed","ping_status":"closed","sticky":false,"template":"","format":"standard","meta":{"c2c_always_allow_admin_comments":false,"footnotes":""},"categories":[1],"tags":[],"class_list":["post-810","post","type-post","status-publish","format-standard","hentry","category-allgemein"],"_links":{"self":[{"href":"https:\/\/blog.rwth-aachen.de\/corona\/wp-json\/wp\/v2\/posts\/810","targetHints":{"allow":["GET"]}}],"collection":[{"href":"https:\/\/blog.rwth-aachen.de\/corona\/wp-json\/wp\/v2\/posts"}],"about":[{"href":"https:\/\/blog.rwth-aachen.de\/corona\/wp-json\/wp\/v2\/types\/post"}],"author":[{"embeddable":true,"href":"https:\/\/blog.rwth-aachen.de\/corona\/wp-json\/wp\/v2\/users\/2284"}],"replies":[{"embeddable":true,"href":"https:\/\/blog.rwth-aachen.de\/corona\/wp-json\/wp\/v2\/comments?post=810"}],"version-history":[{"count":8,"href":"https:\/\/blog.rwth-aachen.de\/corona\/wp-json\/wp\/v2\/posts\/810\/revisions"}],"predecessor-version":[{"id":844,"href":"https:\/\/blog.rwth-aachen.de\/corona\/wp-json\/wp\/v2\/posts\/810\/revisions\/844"}],"wp:attachment":[{"href":"https:\/\/blog.rwth-aachen.de\/corona\/wp-json\/wp\/v2\/media?parent=810"}],"wp:term":[{"taxonomy":"category","embeddable":true,"href":"https:\/\/blog.rwth-aachen.de\/corona\/wp-json\/wp\/v2\/categories?post=810"},{"taxonomy":"post_tag","embeddable":true,"href":"https:\/\/blog.rwth-aachen.de\/corona\/wp-json\/wp\/v2\/tags?post=810"}],"curies":[{"name":"wp","href":"https:\/\/api.w.org\/{rel}","templated":true}]}}