{"id":115,"date":"2019-12-19T14:03:57","date_gmt":"2019-12-19T13:03:57","guid":{"rendered":"https:\/\/blog.rwth-aachen.de\/dlphil\/?p=115"},"modified":"2019-12-19T14:07:55","modified_gmt":"2019-12-19T13:07:55","slug":"frohes-fest","status":"publish","type":"post","link":"https:\/\/blog.rwth-aachen.de\/dlphil\/2019\/12\/19\/frohes-fest\/","title":{"rendered":"Frohes Fest!"},"content":{"rendered":"\n<div class=\"wp-block-image\"><figure class=\"aligncenter is-resized\"><img loading=\"lazy\" decoding=\"async\" src=\"https:\/\/blog.rwth-aachen.de\/dlphil\/files\/2019\/12\/pexels-photo-1661905-1-1024x682.jpeg\" alt=\"\" class=\"wp-image-116\" width=\"580\" height=\"386\" srcset=\"https:\/\/blog.rwth-aachen.de\/dlphil\/files\/2019\/12\/pexels-photo-1661905-1-1024x682.jpeg 1024w, https:\/\/blog.rwth-aachen.de\/dlphil\/files\/2019\/12\/pexels-photo-1661905-1-300x200.jpeg 300w, https:\/\/blog.rwth-aachen.de\/dlphil\/files\/2019\/12\/pexels-photo-1661905-1-768x512.jpeg 768w, https:\/\/blog.rwth-aachen.de\/dlphil\/files\/2019\/12\/pexels-photo-1661905-1.jpeg 1880w\" sizes=\"auto, (max-width: 580px) 100vw, 580px\" \/><\/figure><\/div>\n\n\n\n<p style=\"text-align:left\">Ein sehr erfolgreiches Jahr geht nun langsam zu Ende. Die Philosophische Fakult\u00e4t, ihre Lehrenden, ihre Studierenden und wir durften uns 2019 u.a. freuen \u00fcber:<\/p>\n\n\n\n<ul class=\"wp-block-list\"><li>den Start des BMBF-Projekts <a rel=\"noreferrer noopener\" aria-label=\" (\u00f6ffnet in neuem Tab)\" href=\"http:\/\/elearning.fb7.rwth-aachen.de\/institut-fuer-erziehungswissenschaft-erforscht-digitale-ausserschulische-lern-und-bildungsbezogene-handlungspraxen-von-jugendlichen\/\" target=\"_blank\">\u201cDigitale au\u00dferschulische lern- und bildungsbezogene Handlungspraxen von Jugendlichen\u201d<\/a> <\/li><li>den ersten <a rel=\"noreferrer noopener\" aria-label=\"Landeslehrpreis Nordrhein-Westfalen f\u00fcr Prof. Simone Paganini in der Kategorie Lehre digital  (\u00f6ffnet in neuem Tab)\" href=\"https:\/\/blog.rwth-aachen.de\/dlphil\/2019\/12\/18\/prof-simone-paganini-erhaelt-landeslehrpreis-nordrhein-westfalen\/\" target=\"_blank\">Landeslehrpreis Nordrhein-Westfalen f\u00fcr Prof. Simone Paganini in der Kategorie <em>Lehre digital<\/em><\/a><\/li><li>unsere Beteiligung am <a rel=\"noreferrer noopener\" aria-label=\" erfolgreichen Antrag zur \u201eData Literacy Education.nrw\u201c (\u00f6ffnet in neuem Tab)\" href=\"https:\/\/blog.rwth-aachen.de\/dlphil\/2019\/11\/25\/rwth-gehoert-zu-gewinnerhochschulen-der-foerderlinie-data-literacy-education-nrw\/\" target=\"_blank\">erfolgreichen Antrag zur \u201eData Literacy Education.nrw\u201c<\/a><\/li><li>\u00fcber ein <a href=\"https:\/\/blog.rwth-aachen.de\/dlphil\/2019\/12\/18\/dr-patrick-becker-erhaelt-fellowship-fuer-innovationen-in-der-digitalen-hochschullehre-nrw\/\">Fellowship f\u00fcr Innovationen in der digitalen Hochschullehre NRW f\u00fcr PD Dr. Patrick Becker<\/a> <\/li><li>und die beiden <a rel=\"noreferrer noopener\" aria-label=\"erfolreichen ETS-Projektantr\u00e4ge (\u00f6ffnet in neuem Tab)\" href=\"https:\/\/www.rwth-aachen.de\/go\/id\/cdkb\/%EF%BB%BF\" target=\"_blank\">erfolreichen ETS-Projektantr\u00e4ge<\/a> f\u00fcr <a rel=\"noreferrer noopener\" aria-label=\"Prof. Sven Kommer  (\u00f6ffnet in neuem Tab)\" href=\"http:\/\/www9.rwth-aachen.de\/li\/c\/clfl\" target=\"_blank\">Prof. Sven Kommer <\/a>und <a rel=\"noreferrer noopener\" aria-label=\"Prof. Hans-Joachim J\u00fcrgens (\u00f6ffnet in neuem Tab)\" href=\"http:\/\/www9.rwth-aachen.de\/li\/c\/clag\" target=\"_blank\">Prof. Hans-Joachim J\u00fcrgens<\/a>.<\/li><\/ul>\n\n\n\n<p>Wir sind motiviert und gespannt darauf, was uns 2020 erwartet. Weitere Antr\u00e4ge f\u00fcr spannende digitale Lehrvorhaben sind noch im Rennen.<\/p>\n\n\n\n<p>Wir danken allen Unterst\u00fctzer*innen und Begleiter*innen ganz herzlich und w\u00fcnschen allen sch\u00f6ne, ruhige Feiertage und einen gutes neues Jahr 2020. Ab dem 6. Januar sind wir wieder da.<br><br><\/p>\n","protected":false},"excerpt":{"rendered":"<p>Ein sehr erfolgreiches Jahr geht nun langsam zu Ende. Die Philosophische Fakult\u00e4t, ihre Lehrenden, ihre Studierenden und wir durften uns 2019 u.a. freuen \u00fcber: den Start des BMBF-Projekts \u201cDigitale au\u00dferschulische [&hellip;]<\/p>\n","protected":false},"author":13,"featured_media":116,"comment_status":"open","ping_status":"open","sticky":false,"template":"","format":"standard","meta":{"c2c_always_allow_admin_comments":false,"footnotes":""},"categories":[1],"tags":[],"class_list":["post-115","post","type-post","status-publish","format-standard","has-post-thumbnail","hentry","category-allgemein"],"_links":{"self":[{"href":"https:\/\/blog.rwth-aachen.de\/dlphil\/wp-json\/wp\/v2\/posts\/115","targetHints":{"allow":["GET"]}}],"collection":[{"href":"https:\/\/blog.rwth-aachen.de\/dlphil\/wp-json\/wp\/v2\/posts"}],"about":[{"href":"https:\/\/blog.rwth-aachen.de\/dlphil\/wp-json\/wp\/v2\/types\/post"}],"author":[{"embeddable":true,"href":"https:\/\/blog.rwth-aachen.de\/dlphil\/wp-json\/wp\/v2\/users\/13"}],"replies":[{"embeddable":true,"href":"https:\/\/blog.rwth-aachen.de\/dlphil\/wp-json\/wp\/v2\/comments?post=115"}],"version-history":[{"count":6,"href":"https:\/\/blog.rwth-aachen.de\/dlphil\/wp-json\/wp\/v2\/posts\/115\/revisions"}],"predecessor-version":[{"id":122,"href":"https:\/\/blog.rwth-aachen.de\/dlphil\/wp-json\/wp\/v2\/posts\/115\/revisions\/122"}],"wp:featuredmedia":[{"embeddable":true,"href":"https:\/\/blog.rwth-aachen.de\/dlphil\/wp-json\/wp\/v2\/media\/116"}],"wp:attachment":[{"href":"https:\/\/blog.rwth-aachen.de\/dlphil\/wp-json\/wp\/v2\/media?parent=115"}],"wp:term":[{"taxonomy":"category","embeddable":true,"href":"https:\/\/blog.rwth-aachen.de\/dlphil\/wp-json\/wp\/v2\/categories?post=115"},{"taxonomy":"post_tag","embeddable":true,"href":"https:\/\/blog.rwth-aachen.de\/dlphil\/wp-json\/wp\/v2\/tags?post=115"}],"curies":[{"name":"wp","href":"https:\/\/api.w.org\/{rel}","templated":true}]}}