{"id":1292,"date":"2021-06-15T12:35:16","date_gmt":"2021-06-15T10:35:16","guid":{"rendered":"https:\/\/blog.rwth-aachen.de\/dlphil\/?p=1292"},"modified":"2021-06-15T12:35:16","modified_gmt":"2021-06-15T10:35:16","slug":"ausschreibung-landeslehrpreis-des-mkw-nrw","status":"publish","type":"post","link":"https:\/\/blog.rwth-aachen.de\/dlphil\/2021\/06\/15\/ausschreibung-landeslehrpreis-des-mkw-nrw\/","title":{"rendered":"Ausschreibung: Landeslehrpreis des MKW.NRW"},"content":{"rendered":"<p><img loading=\"lazy\" decoding=\"async\" class=\"size-medium wp-image-1000 alignleft\" src=\"https:\/\/blog.rwth-aachen.de\/dlphil\/files\/2020\/11\/john-schnobrich-FlPc9_VocJ4-unsplash-300x200.jpg\" alt=\"\" width=\"300\" height=\"200\" srcset=\"https:\/\/blog.rwth-aachen.de\/dlphil\/files\/2020\/11\/john-schnobrich-FlPc9_VocJ4-unsplash-300x200.jpg 300w, https:\/\/blog.rwth-aachen.de\/dlphil\/files\/2020\/11\/john-schnobrich-FlPc9_VocJ4-unsplash-1024x683.jpg 1024w, https:\/\/blog.rwth-aachen.de\/dlphil\/files\/2020\/11\/john-schnobrich-FlPc9_VocJ4-unsplash-768x512.jpg 768w, https:\/\/blog.rwth-aachen.de\/dlphil\/files\/2020\/11\/john-schnobrich-FlPc9_VocJ4-unsplash-1536x1024.jpg 1536w, https:\/\/blog.rwth-aachen.de\/dlphil\/files\/2020\/11\/john-schnobrich-FlPc9_VocJ4-unsplash-2048x1365.jpg 2048w\" sizes=\"auto, (max-width: 300px) 100vw, 300px\" \/>Nach 2019 schreibt das Land Nordrhein-Westfalen aktuell <a href=\"https:\/\/www.mkw.nrw\/hochschule-und-forschung\/foerderungen\/landeslehrpreis-nordrhein-westfalen\" target=\"_blank\" rel=\"noopener\">zum zweiten Mal den Landeslehrpreis<\/a> aus. Herausragende, innovative Leistungen in der Hochschullehre und der erfolgreiche Umgang mit den aktuellen und unmittelbaren Herausforderungen sollen so gew\u00fcrdigt und \u00f6ffentlich sichtbar gemacht werden. Als einer von f\u00fcnf ausgezeichneten Hochschullehrenden wurde <a href=\"https:\/\/blog.rwth-aachen.de\/dlphil\/2019\/12\/18\/prof-simone-paganini-erhaelt-landeslehrpreis-nordrhein-westfalen\/\" target=\"_blank\" rel=\"noopener\">2019 Prof. Simone Paganini mit dem Landeslehrpreis in der Kategorie &#8222;Lehre Digital&#8220; ausgezeichnet<\/a>.<\/p>\n<p>In der diesj\u00e4hrigen <a href=\"https:\/\/www.mkw.nrw\/system\/files\/media\/document\/file\/ausschreibung.pdf\" target=\"_blank\" rel=\"noopener\">Ausschreibung<\/a> hei\u00dft es:<\/p>\n<blockquote><p>Gegenstand des Preises in allen Kategorien sind herausragende und innovative Leistungen in der Lehre, insbesondere f\u00fcr<br \/>\n\u00bb die Entwicklung und Implementierung innovativer (Teil-)Curricula oder curricularer Elemente (Module, Lehrveranstaltungen);<br \/>\n\u00bb die Entwicklung und den erfolgreichen Einsatz innovativer Lehr- und Lernmethoden oder -materialien oder -umgebungen;<br \/>\n\u00bb die Entwicklung und Implementierung innovativer Pr\u00fcfungsmethoden;<br \/>\n\u00bb die Entwicklung und Umsetzung herausragender Beratungs- und Betreuungskonzepte;<br \/>\n\u00bb sonstige beispielhafte Ma\u00dfnahmen zur Qualit\u00e4tsentwicklung von Studium und Lehre.<\/p>\n<p>Der Preis wird in f\u00fcnf Kategorien verliehen:<br \/>\n1. Lehre an Universit\u00e4ten<br \/>\n2. Lehre an Hochschulen f\u00fcr angewandte Wissenschaften<br \/>\n3. Lehre an Kunst- und Musikhochschulen<br \/>\n4. Sonderpreis \u201eLehre digital\u201c<br \/>\n5. Sonderpreis \u201eF\u00f6rderung zivilgesellschaftlichen Engagements von Studierenden in der Lehre\u201c<\/p>\n<p>Der Preis ist in jeder Kategorie mit 50.000 Euro dotiert.<\/p><\/blockquote>\n<p>Und weiter zu den Modalit\u00e4ten:<\/p>\n<blockquote><p>Lehrende aller Statusgruppen an den staatlichen sowie den staatlich refinanzierten Hochschulen k\u00f6nnen<br \/>\nf\u00fcr den Landeslehrpreis vorgeschlagen werden. Kandidaten und Kandidatinnen k\u00f6nnen von den<br \/>\nFakult\u00e4ten\/Fachbereichen oder den Fachschaften vorgeschlagen werden; Eigenbewerbungen sind<br \/>\nzul\u00e4ssig.<\/p><\/blockquote>\n<p>Alle Infos zum Vorschlags- und Bewerbungsverfahren <a href=\"https:\/\/www.mkw.nrw\/hochschule-und-forschung\/foerderungen\/landeslehrpreis-nordrhein-westfalen\" target=\"_blank\" rel=\"noopener\">finden Sie hier<\/a>. <strong>Die vollst\u00e4ndigen Bewerbungsunterlagen sind bis zum 2. Juli 2021 per E-Mail einzusenden.<\/strong><\/p>\n","protected":false},"excerpt":{"rendered":"<p>Nach 2019 schreibt das Land Nordrhein-Westfalen aktuell zum zweiten Mal den Landeslehrpreis aus. Herausragende, innovative Leistungen in der Hochschullehre und der erfolgreiche Umgang mit den aktuellen und unmittelbaren Herausforderungen sollen [&hellip;]<\/p>\n","protected":false},"author":13,"featured_media":0,"comment_status":"open","ping_status":"open","sticky":false,"template":"","format":"standard","meta":{"c2c_always_allow_admin_comments":false,"footnotes":""},"categories":[34,35,37],"tags":[13,17,49],"class_list":["post-1292","post","type-post","status-publish","format-standard","hentry","category-aus-der-praxis","category-ausschreibungen","category-digitalisierung-der-lehre","tag-landeslehrpreis","tag-mkw","tag-paganini"],"_links":{"self":[{"href":"https:\/\/blog.rwth-aachen.de\/dlphil\/wp-json\/wp\/v2\/posts\/1292","targetHints":{"allow":["GET"]}}],"collection":[{"href":"https:\/\/blog.rwth-aachen.de\/dlphil\/wp-json\/wp\/v2\/posts"}],"about":[{"href":"https:\/\/blog.rwth-aachen.de\/dlphil\/wp-json\/wp\/v2\/types\/post"}],"author":[{"embeddable":true,"href":"https:\/\/blog.rwth-aachen.de\/dlphil\/wp-json\/wp\/v2\/users\/13"}],"replies":[{"embeddable":true,"href":"https:\/\/blog.rwth-aachen.de\/dlphil\/wp-json\/wp\/v2\/comments?post=1292"}],"version-history":[{"count":5,"href":"https:\/\/blog.rwth-aachen.de\/dlphil\/wp-json\/wp\/v2\/posts\/1292\/revisions"}],"predecessor-version":[{"id":1297,"href":"https:\/\/blog.rwth-aachen.de\/dlphil\/wp-json\/wp\/v2\/posts\/1292\/revisions\/1297"}],"wp:attachment":[{"href":"https:\/\/blog.rwth-aachen.de\/dlphil\/wp-json\/wp\/v2\/media?parent=1292"}],"wp:term":[{"taxonomy":"category","embeddable":true,"href":"https:\/\/blog.rwth-aachen.de\/dlphil\/wp-json\/wp\/v2\/categories?post=1292"},{"taxonomy":"post_tag","embeddable":true,"href":"https:\/\/blog.rwth-aachen.de\/dlphil\/wp-json\/wp\/v2\/tags?post=1292"}],"curies":[{"name":"wp","href":"https:\/\/api.w.org\/{rel}","templated":true}]}}