{"id":1375,"date":"2021-11-02T10:00:56","date_gmt":"2021-11-02T09:00:56","guid":{"rendered":"https:\/\/blog.rwth-aachen.de\/dlphil\/?p=1375"},"modified":"2021-10-29T00:02:40","modified_gmt":"2021-10-28T22:02:40","slug":"literaturempfehlung-zum-corona-semester","status":"publish","type":"post","link":"https:\/\/blog.rwth-aachen.de\/dlphil\/2021\/11\/02\/literaturempfehlung-zum-corona-semester\/","title":{"rendered":"Literaturempfehlung zum \u201eCorona-Semester\u201c"},"content":{"rendered":"<p>Die 15 Beitr\u00e4ger:innen der Autor:innengruppe AEDiL geben in ihrer Ver\u00f6ffentlichung <a href=\"https:\/\/www.wbv.de\/shop\/themenbereiche\/hochschule-und-wissenschaft\/shop\/detail\/name\/_\/0\/1\/6004820\/facet\/6004820\/\/\/\/\/\/\/nb\/0\/category\/1740.html\" target=\"_blank\" rel=\"noopener\">\u201eCorona-Semester reflektiert. Einblicke einer kollaborativen Autoethnographie\u201c (2021)<\/a> Alltagseinblicke in die Hochschullehre und zeigen die Auswirkungen der Corona-Pandemie auf die Hochschullehre. Hier geht es jedoch nicht nur um die Krise und die damit einhergehenden Herausforderungen, sondern auch um die Chancen, die die digitale Lehre er\u00f6ffnet. Die Ver\u00f6ffentlichung steht f\u00fcr Interessierte auch als kostenloses E-Book zum <a href=\"https:\/\/www.wbv.de\/shop\/themenbereiche\/hochschule-und-wissenschaft\/shop\/detail\/name\/_\/0\/1\/6004820\/facet\/6004820\/\/\/\/\/\/\/nb\/0\/category\/1740.html\" target=\"_blank\" rel=\"noopener\">Download<\/a> bereit.<\/p>\n<p>Grundlage der Ver\u00f6ffentlichung ist das <a href=\"https:\/\/www.researchgate.net\/project\/AEDiL-AutoEthnographische-Forschung-zu-digitaler-Lehre-und-deren-Begleitung\" target=\"_blank\" rel=\"noopener\">Projekt \u201eAutoethnographische Forschung zu digitaler Lehre (AEDiL)<\/a> in dem Autor:innen aus diversen Hochschulkontexten ihren Umgang mit der digitalen Lehre kollaborativ reflektiert und analysiert haben.<\/p>\n<p>&nbsp;<\/p>\n","protected":false},"excerpt":{"rendered":"<p>Die 15 Beitr\u00e4ger:innen der Autor:innengruppe AEDiL geben in ihrer Ver\u00f6ffentlichung \u201eCorona-Semester reflektiert. Einblicke einer kollaborativen Autoethnographie\u201c (2021) Alltagseinblicke in die Hochschullehre und zeigen die Auswirkungen der Corona-Pandemie auf die Hochschullehre. [&hellip;]<\/p>\n","protected":false},"author":3576,"featured_media":0,"comment_status":"open","ping_status":"open","sticky":false,"template":"","format":"standard","meta":{"c2c_always_allow_admin_comments":false,"footnotes":""},"categories":[34,37,39,572],"tags":[361,93,55,5,128,102],"class_list":["post-1375","post","type-post","status-publish","format-standard","hentry","category-aus-der-praxis","category-digitalisierung-der-lehre","category-literatur","category-rwthextern","tag-corona-semester","tag-digitale-lehre","tag-digitales-lernen","tag-digitalisierung","tag-digitalisierung-der-lehre","tag-online-lehre"],"_links":{"self":[{"href":"https:\/\/blog.rwth-aachen.de\/dlphil\/wp-json\/wp\/v2\/posts\/1375","targetHints":{"allow":["GET"]}}],"collection":[{"href":"https:\/\/blog.rwth-aachen.de\/dlphil\/wp-json\/wp\/v2\/posts"}],"about":[{"href":"https:\/\/blog.rwth-aachen.de\/dlphil\/wp-json\/wp\/v2\/types\/post"}],"author":[{"embeddable":true,"href":"https:\/\/blog.rwth-aachen.de\/dlphil\/wp-json\/wp\/v2\/users\/3576"}],"replies":[{"embeddable":true,"href":"https:\/\/blog.rwth-aachen.de\/dlphil\/wp-json\/wp\/v2\/comments?post=1375"}],"version-history":[{"count":5,"href":"https:\/\/blog.rwth-aachen.de\/dlphil\/wp-json\/wp\/v2\/posts\/1375\/revisions"}],"predecessor-version":[{"id":1464,"href":"https:\/\/blog.rwth-aachen.de\/dlphil\/wp-json\/wp\/v2\/posts\/1375\/revisions\/1464"}],"wp:attachment":[{"href":"https:\/\/blog.rwth-aachen.de\/dlphil\/wp-json\/wp\/v2\/media?parent=1375"}],"wp:term":[{"taxonomy":"category","embeddable":true,"href":"https:\/\/blog.rwth-aachen.de\/dlphil\/wp-json\/wp\/v2\/categories?post=1375"},{"taxonomy":"post_tag","embeddable":true,"href":"https:\/\/blog.rwth-aachen.de\/dlphil\/wp-json\/wp\/v2\/tags?post=1375"}],"curies":[{"name":"wp","href":"https:\/\/api.w.org\/{rel}","templated":true}]}}