{"id":1684,"date":"2022-05-02T17:30:38","date_gmt":"2022-05-02T15:30:38","guid":{"rendered":"https:\/\/blog.rwth-aachen.de\/dlphil\/?p=1684"},"modified":"2022-05-02T17:30:38","modified_gmt":"2022-05-02T15:30:38","slug":"zurueck-in-praesenz-wie-hat-corona-das-hochschulleben-veraendert","status":"publish","type":"post","link":"https:\/\/blog.rwth-aachen.de\/dlphil\/2022\/05\/02\/zurueck-in-praesenz-wie-hat-corona-das-hochschulleben-veraendert\/","title":{"rendered":"Zur\u00fcck in Pr\u00e4senz &#8211; wie hat Corona das Hochschulleben ver\u00e4ndert?"},"content":{"rendered":"<div id=\"attachment_1497\" style=\"width: 310px\" class=\"wp-caption alignleft\"><img loading=\"lazy\" decoding=\"async\" aria-describedby=\"caption-attachment-1497\" class=\"size-medium wp-image-1497\" src=\"https:\/\/blog.rwth-aachen.de\/dlphil\/files\/2021\/12\/ARB_0576_digital_rgb-300x200.jpg\" alt=\"\" width=\"300\" height=\"200\" srcset=\"https:\/\/blog.rwth-aachen.de\/dlphil\/files\/2021\/12\/ARB_0576_digital_rgb-300x200.jpg 300w, https:\/\/blog.rwth-aachen.de\/dlphil\/files\/2021\/12\/ARB_0576_digital_rgb-1024x683.jpg 1024w, https:\/\/blog.rwth-aachen.de\/dlphil\/files\/2021\/12\/ARB_0576_digital_rgb-768x512.jpg 768w, https:\/\/blog.rwth-aachen.de\/dlphil\/files\/2021\/12\/ARB_0576_digital_rgb.jpg 1280w\" sizes=\"auto, (max-width: 300px) 100vw, 300px\" \/><p id=\"caption-attachment-1497\" class=\"wp-caption-text\">Foto: Martin Braun<\/p><\/div>\n<p>In der Mensa etwas essen gehen, mit Kommiliton*innen einen Kaffee trinken oder im Seminarraum gemeinsam diskutieren, seit diesem Sommersemester ist das wieder m\u00f6glich. Nach zwei Jahren \u00fcberwiegender Onlinelehre geht es wieder zur\u00fcck in die Pr\u00e4senz. Doch hat diese Zeit auch Spuren im studentischen Leben hinterlassen. In einem <a href=\"https:\/\/www.spiegel.de\/start\/semesterstart-mit-corona-lockerungen-schoene-neue-uni-welt-a-1dee05e8-aae8-44a3-b23b-6066782d5834?sara_ecid=soci_upd_KsBF0AFjflf0DZCxpPYDCQgO1dEMph&amp;fbclid=IwAR27GdZp2j-yeR3rE3zHpRy_zaCOQ6Ud-KsrU87GfRJpbkV13vLjUQYTsR0\" target=\"_blank\" rel=\"noopener\">SPIEGELonline-Artikel<\/a> (Achtung: Paywall!) werden auch Studierende der Philosophischen Fakult\u00e4t dazu befragt, wie Corona die Hochschullehre, wom\u00f6glich auch dauerhaft, aus ihrer Sicht ver\u00e4ndert hat.<\/p>\n","protected":false},"excerpt":{"rendered":"<p>In der Mensa etwas essen gehen, mit Kommiliton*innen einen Kaffee trinken oder im Seminarraum gemeinsam diskutieren, seit diesem Sommersemester ist das wieder m\u00f6glich. Nach zwei Jahren \u00fcberwiegender Onlinelehre geht es [&hellip;]<\/p>\n","protected":false},"author":4072,"featured_media":0,"comment_status":"open","ping_status":"open","sticky":false,"template":"","format":"standard","meta":{"c2c_always_allow_admin_comments":false,"footnotes":""},"categories":[582,579],"tags":[201,361,83,31,115],"class_list":["post-1684","post","type-post","status-publish","format-standard","hentry","category-corona-pandemie","category-lehre","tag-corona-news","tag-corona-semester","tag-hochschullehre","tag-lehre","tag-studium"],"_links":{"self":[{"href":"https:\/\/blog.rwth-aachen.de\/dlphil\/wp-json\/wp\/v2\/posts\/1684","targetHints":{"allow":["GET"]}}],"collection":[{"href":"https:\/\/blog.rwth-aachen.de\/dlphil\/wp-json\/wp\/v2\/posts"}],"about":[{"href":"https:\/\/blog.rwth-aachen.de\/dlphil\/wp-json\/wp\/v2\/types\/post"}],"author":[{"embeddable":true,"href":"https:\/\/blog.rwth-aachen.de\/dlphil\/wp-json\/wp\/v2\/users\/4072"}],"replies":[{"embeddable":true,"href":"https:\/\/blog.rwth-aachen.de\/dlphil\/wp-json\/wp\/v2\/comments?post=1684"}],"version-history":[{"count":4,"href":"https:\/\/blog.rwth-aachen.de\/dlphil\/wp-json\/wp\/v2\/posts\/1684\/revisions"}],"predecessor-version":[{"id":1689,"href":"https:\/\/blog.rwth-aachen.de\/dlphil\/wp-json\/wp\/v2\/posts\/1684\/revisions\/1689"}],"wp:attachment":[{"href":"https:\/\/blog.rwth-aachen.de\/dlphil\/wp-json\/wp\/v2\/media?parent=1684"}],"wp:term":[{"taxonomy":"category","embeddable":true,"href":"https:\/\/blog.rwth-aachen.de\/dlphil\/wp-json\/wp\/v2\/categories?post=1684"},{"taxonomy":"post_tag","embeddable":true,"href":"https:\/\/blog.rwth-aachen.de\/dlphil\/wp-json\/wp\/v2\/tags?post=1684"}],"curies":[{"name":"wp","href":"https:\/\/api.w.org\/{rel}","templated":true}]}}