{"id":1908,"date":"2022-11-22T14:35:34","date_gmt":"2022-11-22T13:35:34","guid":{"rendered":"https:\/\/blog.rwth-aachen.de\/dlphil\/?p=1908"},"modified":"2022-11-22T14:35:34","modified_gmt":"2022-11-22T13:35:34","slug":"save-the-date-lunch-lehre","status":"publish","type":"post","link":"https:\/\/blog.rwth-aachen.de\/dlphil\/2022\/11\/22\/save-the-date-lunch-lehre\/","title":{"rendered":"Save the date: Lunch Lehre"},"content":{"rendered":"<p><img loading=\"lazy\" decoding=\"async\" class=\"size-medium wp-image-828 alignleft\" src=\"https:\/\/blog.rwth-aachen.de\/dlphil\/files\/2020\/09\/pexels-startup-stock-photos-7097-300x200.jpg\" alt=\"\" width=\"300\" height=\"200\" srcset=\"https:\/\/blog.rwth-aachen.de\/dlphil\/files\/2020\/09\/pexels-startup-stock-photos-7097-300x200.jpg 300w, https:\/\/blog.rwth-aachen.de\/dlphil\/files\/2020\/09\/pexels-startup-stock-photos-7097-768x512.jpg 768w, https:\/\/blog.rwth-aachen.de\/dlphil\/files\/2020\/09\/pexels-startup-stock-photos-7097-1024x683.jpg 1024w\" sizes=\"auto, (max-width: 300px) 100vw, 300px\" \/>Der Lunch Lehre im November findet am 30.11 von 12:15 Uhr bis 14:15 in Pr\u00e4senz im Super C statt. Dieses Mal wird Prof. Dr. Sonja Herres-Pawlis einen Vortrag ihr <a href=\"https:\/\/www.rwth-aachen.de\/cms\/root\/studium\/Lehre\/Digitalisierungsstrategie-der-Lehre\/Ermoeglichungskultur\/Exploratory-Teaching-Space\/~jjsrh\/ETS-Projekte-2019\/\" target=\"_blank\" rel=\"noopener\">ETS Projekt<\/a> <span class=\"author-a-3z72zz82zz65zwz87zwp3z72zhz84z4bt2\">Inverted Classroom mit integriertem Forschungsdatenmanagement am Beispiel der Mastervorlesung \u201eNachhaltige koordinative Polymerisationskatalyse&#8220; halten, der Einblick in die Umgestaltung einer Tafel-\/Powerpointvorlesung bringt, die die Studierenden st\u00e4rker aktiviert und die Studierenden beim Selbstlernen unterst\u00fctzt. Die Anmeldung ist \u00fcber die <a href=\"https:\/\/www.rwth-aachen.de\/go\/id\/mkbr\/file\/11-3667\/\" target=\"_blank\" rel=\"noopener\">Veranstaltugsdatenbank der RWTH<\/a> oder \u00fcber eine Mail an <a href=\"mailto:exact@cls.rwth-aachen.de\">exact@cls.rwth-aachen.de<\/a> m\u00f6glich.<\/span><\/p>\n<p><span lang=\"de\">W\u00e4hrend der Veranstaltung wird aufgrund des neuen Hygienekonzepts zum Infektionsschutz der RWTH Aachen <b>Maskenpflicht<\/b> gelten.<\/span><\/p>\n","protected":false},"excerpt":{"rendered":"<p>Der Lunch Lehre im November findet am 30.11 von 12:15 Uhr bis 14:15 in Pr\u00e4senz im Super C statt. Dieses Mal wird Prof. Dr. Sonja Herres-Pawlis einen Vortrag ihr ETS [&hellip;]<\/p>\n","protected":false},"author":4072,"featured_media":0,"comment_status":"open","ping_status":"open","sticky":false,"template":"","format":"standard","meta":{"c2c_always_allow_admin_comments":false,"footnotes":""},"categories":[579,571],"tags":[10,31,16],"class_list":["post-1908","post","type-post","status-publish","format-standard","hentry","category-lehre","category-rwthintern","tag-exact","tag-lehre","tag-lunch-lehre"],"_links":{"self":[{"href":"https:\/\/blog.rwth-aachen.de\/dlphil\/wp-json\/wp\/v2\/posts\/1908","targetHints":{"allow":["GET"]}}],"collection":[{"href":"https:\/\/blog.rwth-aachen.de\/dlphil\/wp-json\/wp\/v2\/posts"}],"about":[{"href":"https:\/\/blog.rwth-aachen.de\/dlphil\/wp-json\/wp\/v2\/types\/post"}],"author":[{"embeddable":true,"href":"https:\/\/blog.rwth-aachen.de\/dlphil\/wp-json\/wp\/v2\/users\/4072"}],"replies":[{"embeddable":true,"href":"https:\/\/blog.rwth-aachen.de\/dlphil\/wp-json\/wp\/v2\/comments?post=1908"}],"version-history":[{"count":4,"href":"https:\/\/blog.rwth-aachen.de\/dlphil\/wp-json\/wp\/v2\/posts\/1908\/revisions"}],"predecessor-version":[{"id":1912,"href":"https:\/\/blog.rwth-aachen.de\/dlphil\/wp-json\/wp\/v2\/posts\/1908\/revisions\/1912"}],"wp:attachment":[{"href":"https:\/\/blog.rwth-aachen.de\/dlphil\/wp-json\/wp\/v2\/media?parent=1908"}],"wp:term":[{"taxonomy":"category","embeddable":true,"href":"https:\/\/blog.rwth-aachen.de\/dlphil\/wp-json\/wp\/v2\/categories?post=1908"},{"taxonomy":"post_tag","embeddable":true,"href":"https:\/\/blog.rwth-aachen.de\/dlphil\/wp-json\/wp\/v2\/tags?post=1908"}],"curies":[{"name":"wp","href":"https:\/\/api.w.org\/{rel}","templated":true}]}}