{"id":750,"date":"2020-08-24T12:09:33","date_gmt":"2020-08-24T10:09:33","guid":{"rendered":"https:\/\/blog.rwth-aachen.de\/dlphil\/?p=750"},"modified":"2020-08-24T12:09:33","modified_gmt":"2020-08-24T10:09:33","slug":"foerderlinie-curriculum-4-0-nrw","status":"publish","type":"post","link":"https:\/\/blog.rwth-aachen.de\/dlphil\/2020\/08\/24\/foerderlinie-curriculum-4-0-nrw\/","title":{"rendered":"F\u00f6rderlinie Curriculum 4.0.nrw"},"content":{"rendered":"<p><img loading=\"lazy\" decoding=\"async\" class=\"alignnone size-large wp-image-758\" src=\"https:\/\/blog.rwth-aachen.de\/dlphil\/files\/2020\/08\/pexels-canva-studio-3194521-1024x683.jpg\" alt=\"\" width=\"1024\" height=\"683\" srcset=\"https:\/\/blog.rwth-aachen.de\/dlphil\/files\/2020\/08\/pexels-canva-studio-3194521-1024x683.jpg 1024w, https:\/\/blog.rwth-aachen.de\/dlphil\/files\/2020\/08\/pexels-canva-studio-3194521-300x200.jpg 300w, https:\/\/blog.rwth-aachen.de\/dlphil\/files\/2020\/08\/pexels-canva-studio-3194521-768x512.jpg 768w\" sizes=\"auto, (max-width: 1024px) 100vw, 1024px\" \/><\/p>\n<p>Sp\u00e4testens seit dem Sommersemester 2020 sind die <strong>Potenziale und Auswirkungen der Digitalisierung<\/strong> deutlich geworden. Insbesondere im Hochschulkontext sind <strong>digitale Kompetenzen<\/strong> f\u00fcr Studierende mittlerweile unabdingbar. Deshalb wurde die <strong>F\u00f6rderlinie <a href=\"https:\/\/www.stifterverband.org\/curriculum_4_0_nrw\" target=\"_blank\" rel=\"noopener noreferrer\">Curriculum 4.0.nrw<\/a><\/strong> ins Leben gerufen.<\/p>\n<p>Es handelte sich um eine Ausschreibung durch das <a href=\"https:\/\/www.mkw.nrw\/\" target=\"_blank\" rel=\"noopener noreferrer\">Ministerium f\u00fcr Kultur und Wissenschaft des Landes Nordrhein-Westfalen<\/a> in Kooperation mit dem <a href=\"https:\/\/www.stifterverband.org\/\" target=\"_blank\" rel=\"noopener noreferrer\">Stifterverband<\/a> und der <a href=\"https:\/\/www.dh.nrw\/\" target=\"_blank\" rel=\"noopener noreferrer\">Digitalen Hochschule NRW<\/a>. Ziel ist es, Medienkompetenz und fachspezifische digitale Kompetenz curricular einzubinden bzw. auszubauen.<\/p>\n<p>Mit der F\u00f6rderlinie sollen ganze <strong>Studieng\u00e4nge<\/strong> (Bachelor- und Masterstudieng\u00e4nge) und\/oder ein oder mehrere, sich aufeinander beziehende <strong>Pflichtmodule<\/strong>\u00a0weiterentwickelt und\/oder umgestaltet werden.<\/p>\n<p>In der <strong>Kategorie Module<\/strong> wurden bereits <strong>22 Hochschulantr\u00e4ge<\/strong> von einer Jury aus NRW-externen Hochschullehrenden, Studierenden und Hochschuldidaktikern f\u00fcr die F\u00f6rderung ausgew\u00e4hlt. Darunter befindet sich auch ein Antrag aus der <a href=\"https:\/\/www.philosophische-fakultaet.rwth-aachen.de\/cms\/~hqc\/Philosophie\/\" target=\"_blank\" rel=\"noopener noreferrer\">Philosophischen Fakult\u00e4t<\/a> der <a href=\"https:\/\/www.rwth-aachen.de\/go\/id\/a\/\" target=\"_blank\" rel=\"noopener noreferrer\">RWTH<\/a>, n\u00e4mlich <a href=\"https:\/\/www.ag.histinst.rwth-aachen.de\/go\/id\/jchq\" target=\"_blank\" rel=\"noopener noreferrer\">Prof. Dr. Klaus Freitags<\/a> <strong>Projekt &#8222;Digitale Quellenbest\u00e4nde in der Alten Geschichte (DIQUAG)&#8220;<\/strong>.<\/p>\n<p>Neuigkeiten \u00fcber die Entscheidungen <strong>Kategorie Studieng\u00e4nge<\/strong> folgen.<\/p>\n","protected":false},"excerpt":{"rendered":"<p>Sp\u00e4testens seit dem Sommersemester 2020 sind die Potenziale und Auswirkungen der Digitalisierung deutlich geworden. Insbesondere im Hochschulkontext sind digitale Kompetenzen f\u00fcr Studierende mittlerweile unabdingbar. Deshalb wurde die F\u00f6rderlinie Curriculum 4.0.nrw [&hellip;]<\/p>\n","protected":false},"author":2132,"featured_media":0,"comment_status":"open","ping_status":"open","sticky":false,"template":"","format":"standard","meta":{"c2c_always_allow_admin_comments":false,"footnotes":""},"categories":[34,37],"tags":[334,336,337,5,332,338,333,339,31,335,19,115],"class_list":["post-750","post","type-post","status-publish","format-standard","hentry","category-aus-der-praxis","category-digitalisierung-der-lehre","tag-curriculum-4-0-nrw","tag-digitale-hochschule-nrw","tag-digitale-kompetenzen","tag-digitalisierung","tag-digitalkompetenz","tag-diquag","tag-foerderlinie","tag-klaus-freitag","tag-lehre","tag-ministerium-fuer-kultur-und-wissenschaft-nrw","tag-stifterverband","tag-studium"],"_links":{"self":[{"href":"https:\/\/blog.rwth-aachen.de\/dlphil\/wp-json\/wp\/v2\/posts\/750","targetHints":{"allow":["GET"]}}],"collection":[{"href":"https:\/\/blog.rwth-aachen.de\/dlphil\/wp-json\/wp\/v2\/posts"}],"about":[{"href":"https:\/\/blog.rwth-aachen.de\/dlphil\/wp-json\/wp\/v2\/types\/post"}],"author":[{"embeddable":true,"href":"https:\/\/blog.rwth-aachen.de\/dlphil\/wp-json\/wp\/v2\/users\/2132"}],"replies":[{"embeddable":true,"href":"https:\/\/blog.rwth-aachen.de\/dlphil\/wp-json\/wp\/v2\/comments?post=750"}],"version-history":[{"count":12,"href":"https:\/\/blog.rwth-aachen.de\/dlphil\/wp-json\/wp\/v2\/posts\/750\/revisions"}],"predecessor-version":[{"id":769,"href":"https:\/\/blog.rwth-aachen.de\/dlphil\/wp-json\/wp\/v2\/posts\/750\/revisions\/769"}],"wp:attachment":[{"href":"https:\/\/blog.rwth-aachen.de\/dlphil\/wp-json\/wp\/v2\/media?parent=750"}],"wp:term":[{"taxonomy":"category","embeddable":true,"href":"https:\/\/blog.rwth-aachen.de\/dlphil\/wp-json\/wp\/v2\/categories?post=750"},{"taxonomy":"post_tag","embeddable":true,"href":"https:\/\/blog.rwth-aachen.de\/dlphil\/wp-json\/wp\/v2\/tags?post=750"}],"curies":[{"name":"wp","href":"https:\/\/api.w.org\/{rel}","templated":true}]}}