{"id":786,"date":"2020-09-02T11:33:45","date_gmt":"2020-09-02T09:33:45","guid":{"rendered":"https:\/\/blog.rwth-aachen.de\/dlphil\/?p=786"},"modified":"2020-09-02T11:33:45","modified_gmt":"2020-09-02T09:33:45","slug":"digitale-lehre-germanistik-8-anforderungen-an-die-zukuenftige-lehre-in-der-germanistik","status":"publish","type":"post","link":"https:\/\/blog.rwth-aachen.de\/dlphil\/2020\/09\/02\/digitale-lehre-germanistik-8-anforderungen-an-die-zukuenftige-lehre-in-der-germanistik\/","title":{"rendered":"Digitale Lehre Germanistik: 8 Anforderungen an die zuk\u00fcnftige Lehre in der Germanistik"},"content":{"rendered":"<p><img loading=\"lazy\" decoding=\"async\" class=\"aligncenter wp-image-787\" src=\"https:\/\/blog.rwth-aachen.de\/dlphil\/files\/2020\/09\/pexels-pixabay-207691-1024x731.jpg\" alt=\"\" width=\"800\" height=\"571\" srcset=\"https:\/\/blog.rwth-aachen.de\/dlphil\/files\/2020\/09\/pexels-pixabay-207691-1024x731.jpg 1024w, https:\/\/blog.rwth-aachen.de\/dlphil\/files\/2020\/09\/pexels-pixabay-207691-300x214.jpg 300w, https:\/\/blog.rwth-aachen.de\/dlphil\/files\/2020\/09\/pexels-pixabay-207691-768x548.jpg 768w\" sizes=\"auto, (max-width: 800px) 100vw, 800px\" \/><\/p>\n<p>Im Rahmen der <a href=\"https:\/\/vfr.mww-forschung.de\/web\/digitale-lehre-germanistik\/konferenz\" target=\"_blank\" rel=\"noopener noreferrer\">digitalen Konferenz &#8222;W\u00e4hrend und nach Corona. Digitale Lehre in der Germanistik&#8220;<\/a> am 25. und 26. August 2020 haben 200 GermanistInnen aus vier Kontinenten ihre Erfahrungen w\u00e4hrend des digitalen Corona-Semesters f\u00fcr die hochschuldidaktische Weiterentwicklung der Germanistik ausgetauscht. Dabei wurden die folgenden <strong>acht Anforderungen an die zuk\u00fcnftige Lehre in der Germanistik<\/strong> erarbeitet:<\/p>\n<ol>\n<li><strong>Den Wandel der germanistischen Lehre ernst nehmen!<\/strong><\/li>\n<li><strong>Pr\u00e4sent oder digital? Pr\u00e4sent und digital!<\/strong><\/li>\n<li><strong>\u00dcber den Wochenrhythmus der Lehre hinausdenken!<\/strong><\/li>\n<li><strong>Schreiben Lehren\/Lernen geht auch digital<\/strong><\/li>\n<li><strong>Digitale Lehre erm\u00f6glicht neue Formen der Kooperation<\/strong><\/li>\n<li><strong>Offenheit der Materialien und Datensouver\u00e4nit\u00e4t sind fundamental<\/strong><\/li>\n<li><strong>Digitale Lehre ist kein Sparmodell<\/strong><\/li>\n<li><strong>Wissen \u00fcber die digitale (Lehre in der) Germanistik weiterentwickeln<\/strong><\/li>\n<\/ol>\n<p>Was genau hinter diesen acht Anforderungen steckt, hat das Austausch- und Wissensportal <a href=\"https:\/\/vfr.mww-forschung.de\/web\/digitale-lehre-germanistik\" target=\"_blank\" rel=\"noopener noreferrer\">Digitale Lehre Germanistik<\/a> in einem kurzen <a href=\"https:\/\/vfr.mww-forschung.de\/web\/digitale-lehre-germanistik\/konsenspapier\" target=\"_blank\" rel=\"noopener noreferrer\">Beitrag<\/a> erl\u00e4utert. Auf der <a href=\"https:\/\/vfr.mww-forschung.de\/web\/digitale-lehre-germanistik\/konferenz\" target=\"_blank\" rel=\"noopener noreferrer\">Webseite<\/a> der Konferenz werden zeitnah Vortr\u00e4ge und Chatverl\u00e4ufe der Konferenz ver\u00f6ffentlicht, die ebenfalls viele dieser Punkte konkretisieren.<\/p>\n<p>&nbsp;<\/p>\n","protected":false},"excerpt":{"rendered":"<p>Im Rahmen der digitalen Konferenz &#8222;W\u00e4hrend und nach Corona. Digitale Lehre in der Germanistik&#8220; am 25. und 26. August 2020 haben 200 GermanistInnen aus vier Kontinenten ihre Erfahrungen w\u00e4hrend des [&hellip;]<\/p>\n","protected":false},"author":2132,"featured_media":0,"comment_status":"open","ping_status":"open","sticky":false,"template":"","format":"standard","meta":{"c2c_always_allow_admin_comments":false,"footnotes":""},"categories":[34,37],"tags":[361,93,106,5,127,108,154],"class_list":["post-786","post","type-post","status-publish","format-standard","hentry","category-aus-der-praxis","category-digitalisierung-der-lehre","tag-corona-semester","tag-digitale-lehre","tag-digitale-lehre-germanistik","tag-digitalisierung","tag-esemester","tag-germanistik","tag-online-semester"],"_links":{"self":[{"href":"https:\/\/blog.rwth-aachen.de\/dlphil\/wp-json\/wp\/v2\/posts\/786","targetHints":{"allow":["GET"]}}],"collection":[{"href":"https:\/\/blog.rwth-aachen.de\/dlphil\/wp-json\/wp\/v2\/posts"}],"about":[{"href":"https:\/\/blog.rwth-aachen.de\/dlphil\/wp-json\/wp\/v2\/types\/post"}],"author":[{"embeddable":true,"href":"https:\/\/blog.rwth-aachen.de\/dlphil\/wp-json\/wp\/v2\/users\/2132"}],"replies":[{"embeddable":true,"href":"https:\/\/blog.rwth-aachen.de\/dlphil\/wp-json\/wp\/v2\/comments?post=786"}],"version-history":[{"count":6,"href":"https:\/\/blog.rwth-aachen.de\/dlphil\/wp-json\/wp\/v2\/posts\/786\/revisions"}],"predecessor-version":[{"id":793,"href":"https:\/\/blog.rwth-aachen.de\/dlphil\/wp-json\/wp\/v2\/posts\/786\/revisions\/793"}],"wp:attachment":[{"href":"https:\/\/blog.rwth-aachen.de\/dlphil\/wp-json\/wp\/v2\/media?parent=786"}],"wp:term":[{"taxonomy":"category","embeddable":true,"href":"https:\/\/blog.rwth-aachen.de\/dlphil\/wp-json\/wp\/v2\/categories?post=786"},{"taxonomy":"post_tag","embeddable":true,"href":"https:\/\/blog.rwth-aachen.de\/dlphil\/wp-json\/wp\/v2\/tags?post=786"}],"curies":[{"name":"wp","href":"https:\/\/api.w.org\/{rel}","templated":true}]}}