{"id":4082,"date":"2024-12-12T12:22:03","date_gmt":"2024-12-12T11:22:03","guid":{"rendered":"https:\/\/blog.rwth-aachen.de\/elektrotechnik\/?p=4082"},"modified":"2024-12-12T12:22:03","modified_gmt":"2024-12-12T11:22:03","slug":"tag-der-elektrotechnik-und-der-informationstechnik-2024","status":"publish","type":"post","link":"https:\/\/blog.rwth-aachen.de\/elektrotechnik\/en\/tag-der-elektrotechnik-und-der-informationstechnik-2024\/","title":{"rendered":"Day of Electrical Engineering and Information Technology 2024"},"content":{"rendered":"<div class=\"twoclick_social_bookmarks_post_4082 social_share_privacy clearfix 1.6.4 locale-en_US sprite-en_US\"><\/div><div class=\"twoclick-js\"><script type=\"text\/javascript\">\/* <![CDATA[ *\/\njQuery(document).ready(function($){if($('.twoclick_social_bookmarks_post_4082')){$('.twoclick_social_bookmarks_post_4082').socialSharePrivacy({\"services\":{\"facebook\":{\"status\":\"on\",\"txt_info\":\"2 Klicks f\\u00fcr mehr Datenschutz: Erst wenn Sie hier klicken, wird der Button aktiv und Sie k\\u00f6nnen Ihre Empfehlung an Facebook senden. Schon beim Aktivieren werden Daten an Dritte \\u00fcbertragen - siehe <em>i<\\\/em>.\",\"perma_option\":\"off\",\"action\":\"recommend\",\"language\":\"en_US\"}},\"txt_help\":\"Wenn Sie diese Felder durch einen Klick aktivieren, werden Informationen an Facebook, Twitter, Flattr, Xing, t3n, LinkedIn, Pinterest oder Google eventuell ins Ausland \\u00fcbertragen und unter Umst\\u00e4nden auch dort gespeichert. N\\u00e4heres erfahren Sie durch einen Klick auf das <em>i<\\\/em>.\",\"settings_perma\":\"Dauerhaft aktivieren und Daten\\u00fcber-tragung zustimmen:\",\"info_link\":\"http:\\\/\\\/www.heise.de\\\/ct\\\/artikel\\\/2-Klicks-fuer-mehr-Datenschutz-1333879.html\",\"uri\":\"https:\\\/\\\/blog.rwth-aachen.de\\\/elektrotechnik\\\/en\\\/tag-der-elektrotechnik-und-der-informationstechnik-2024\\\/\",\"post_id\":4082,\"post_title_referrer_track\":\"Day+of+Electrical+Engineering+and+Information+Technology+2024\",\"display_infobox\":\"on\"});}});\n\/* ]]> *\/<\/script><\/div><p><div id=\"attachment_4087\" style=\"width: 2570px\" class=\"wp-caption aligncenter\"><img loading=\"lazy\" decoding=\"async\" aria-describedby=\"caption-attachment-4087\" class=\"wp-image-4087 size-full\" src=\"https:\/\/blog.rwth-aachen.de\/elektrotechnik\/files\/2024\/12\/241122-TDEI24-0014-scaled.jpg\" alt=\"Auf der B\u00fchne stehen eine Frau und zwei M\u00e4nner. Die Frau, die einen Blumenstrau\u00df tr\u00e4gt, und der Mann, der neben ihr steht, richten ihre Blicke auf die dritte Person, die ihnen zugewandt ein Mikrofon h\u00e4lt. \" width=\"2560\" height=\"1707\" srcset=\"https:\/\/blog.rwth-aachen.de\/elektrotechnik\/files\/2024\/12\/241122-TDEI24-0014-scaled.jpg 2560w, https:\/\/blog.rwth-aachen.de\/elektrotechnik\/files\/2024\/12\/241122-TDEI24-0014-300x200.jpg 300w, https:\/\/blog.rwth-aachen.de\/elektrotechnik\/files\/2024\/12\/241122-TDEI24-0014-1024x683.jpg 1024w, https:\/\/blog.rwth-aachen.de\/elektrotechnik\/files\/2024\/12\/241122-TDEI24-0014-768x512.jpg 768w, https:\/\/blog.rwth-aachen.de\/elektrotechnik\/files\/2024\/12\/241122-TDEI24-0014-1536x1024.jpg 1536w, https:\/\/blog.rwth-aachen.de\/elektrotechnik\/files\/2024\/12\/241122-TDEI24-0014-2048x1365.jpg 2048w\" sizes=\"auto, (max-width: 2560px) 100vw, 2560px\" \/><p id=\"caption-attachment-4087\" class=\"wp-caption-text\">After five and a half years in the role of Dean of the Faculty of Electrical Engineering and Information Technology, Professor Jens-Rainer Ohm (left) was given a ceremonial farewell. The farewell was given by Managing Director Martina Dahm (right) and the new Dean of the Faculty, Professor Albert Moser (centre). \u00a9 Martin Braun<\/p><\/div><\/p>\n<p><span style=\"color: #00549f;\"><strong>On the 25th Day of Electrical Engineering and Information Technology (TDEI), which took place on 22 November 2024, we presented our success this year and once again brought together companies, students, faculty members and graduates.<\/strong><\/span><\/p>\n<p>The Faculty of Electrical Engineering and Information Technology at RWTH Aachen University has a longstanding reputation as an institution that produces highly qualified and responsible engineers, a reputation that has been established over the course of five decades. This is corroborated by the faculty&#8217;s consistent performance in national and international rankings, in which it consistently ranks at the top. The Dean of the Faculty, Professor Albert Moser, commenced proceedings at the Electrical Engineering and Information Technology Day with a review of the preceding year and the welcoming of new professors to the Faculty team.<\/p>\n<div id=\"attachment_4088\" style=\"width: 2570px\" class=\"wp-caption aligncenter\"><img loading=\"lazy\" decoding=\"async\" aria-describedby=\"caption-attachment-4088\" class=\"wp-image-4088 size-full\" src=\"https:\/\/blog.rwth-aachen.de\/elektrotechnik\/files\/2024\/12\/241122-TDEI24-0046-scaled.jpg\" alt=\"Die Abbildung zeigt zwei M\u00e4nner, die sich auf einer B\u00fchne gegen\u00fcberstehen. Der Mann links im Bild h\u00e4lt eine gef\u00fcllte Tasse, wobei er frontal dargestellt ist. Der zweite Mann, der sich rechts im Bild befindet, h\u00e4lt ein Mikrophon, wobei er seitlich zu sehen ist.\" width=\"2560\" height=\"1707\" srcset=\"https:\/\/blog.rwth-aachen.de\/elektrotechnik\/files\/2024\/12\/241122-TDEI24-0046-scaled.jpg 2560w, https:\/\/blog.rwth-aachen.de\/elektrotechnik\/files\/2024\/12\/241122-TDEI24-0046-300x200.jpg 300w, https:\/\/blog.rwth-aachen.de\/elektrotechnik\/files\/2024\/12\/241122-TDEI24-0046-1024x683.jpg 1024w, https:\/\/blog.rwth-aachen.de\/elektrotechnik\/files\/2024\/12\/241122-TDEI24-0046-768x512.jpg 768w, https:\/\/blog.rwth-aachen.de\/elektrotechnik\/files\/2024\/12\/241122-TDEI24-0046-1536x1024.jpg 1536w, https:\/\/blog.rwth-aachen.de\/elektrotechnik\/files\/2024\/12\/241122-TDEI24-0046-2048x1365.jpg 2048w\" sizes=\"auto, (max-width: 2560px) 100vw, 2560px\" \/><p id=\"caption-attachment-4088\" class=\"wp-caption-text\">From right: Professor Alber Moser with Professor Volkmar Schulz \u00a9 Martin Braun<\/p><\/div>\n<p>Professor Volkmar Schulz&#8217;s expertise in the field of image processing enriches the research in biomedical engineering. He previously led the \u201cPhysics of Molecular Imaging\u201d\u00a0group at the Institute for Experimental Molecular Imaging and is now the head of the <a href=\"https:\/\/www.lfb.rwth-aachen.de\/en\/\">Institute of Imaging and Computer Vision<\/a> at the Faculty of Electrical Engineering and Information Technology, a role he assumed in September 2024.<\/p>\n<div id=\"attachment_4089\" style=\"width: 2570px\" class=\"wp-caption aligncenter\"><img loading=\"lazy\" decoding=\"async\" aria-describedby=\"caption-attachment-4089\" class=\"wp-image-4089 size-full\" src=\"https:\/\/blog.rwth-aachen.de\/elektrotechnik\/files\/2024\/12\/241122-TDEI24-0054-scaled.jpg\" alt=\"Die Abbildung zeigt zwei M\u00e4nner, die auf einer B\u00fchne nebeneinander stehen und nach vorne, in die Richtung der Kamera blicken. Der Mann rechts im Bild pr\u00e4sentiert eine Tasse, w\u00e4hrend der zweite Mann, der sich links im Bild befindet, ein Mikrophon h\u00e4lt.\" width=\"2560\" height=\"1707\" srcset=\"https:\/\/blog.rwth-aachen.de\/elektrotechnik\/files\/2024\/12\/241122-TDEI24-0054-scaled.jpg 2560w, https:\/\/blog.rwth-aachen.de\/elektrotechnik\/files\/2024\/12\/241122-TDEI24-0054-300x200.jpg 300w, https:\/\/blog.rwth-aachen.de\/elektrotechnik\/files\/2024\/12\/241122-TDEI24-0054-1024x683.jpg 1024w, https:\/\/blog.rwth-aachen.de\/elektrotechnik\/files\/2024\/12\/241122-TDEI24-0054-768x512.jpg 768w, https:\/\/blog.rwth-aachen.de\/elektrotechnik\/files\/2024\/12\/241122-TDEI24-0054-1536x1024.jpg 1536w, https:\/\/blog.rwth-aachen.de\/elektrotechnik\/files\/2024\/12\/241122-TDEI24-0054-2048x1365.jpg 2048w\" sizes=\"auto, (max-width: 2560px) 100vw, 2560px\" \/><p id=\"caption-attachment-4089\" class=\"wp-caption-text\">From right: Professor Simon Steentjes and Professor Albert Moser \u00a9 Martin Braun<\/p><\/div>\n<p>Professor Simon Steentjes had been pursuing the objective of returning to RWTH Aachen University for a considerable period of time, as part of his personal mission.<\/p>\n<blockquote><p>\u201eWorking with young minds fosters fresh ideas that keep me attuned to current developments. It\u2019s wonderful being back in teaching\u201c, says Professor Steentjes, who assumed the role of head of the <a href=\"https:\/\/www.iem.rwth-aachen.de\/cms\/~poti\/IEM\/lidx\/1\/\">Institute of Electrical Machines and Chair in Electromagnetic Energy Conversion<\/a> in October.<\/p><\/blockquote>\n<p>Having previously held leading positions at Audi AG and the Hilti Group, Professor Steentjes has many years of experience in the industry.<\/p>\n<div id=\"attachment_4090\" style=\"width: 2570px\" class=\"wp-caption aligncenter\"><img loading=\"lazy\" decoding=\"async\" aria-describedby=\"caption-attachment-4090\" class=\"wp-image-4090 size-full\" src=\"https:\/\/blog.rwth-aachen.de\/elektrotechnik\/files\/2024\/12\/241122-TDEI24-0082-scaled.jpg\" alt=\"Das Bild zeigt eine seitliche Portraitaufnahme eines Mannes, der auf mit der rechten Hand gestikuliert und in der linken Hand ein Mikrophon h\u00e4lt.\" width=\"2560\" height=\"1707\" srcset=\"https:\/\/blog.rwth-aachen.de\/elektrotechnik\/files\/2024\/12\/241122-TDEI24-0082-scaled.jpg 2560w, https:\/\/blog.rwth-aachen.de\/elektrotechnik\/files\/2024\/12\/241122-TDEI24-0082-300x200.jpg 300w, https:\/\/blog.rwth-aachen.de\/elektrotechnik\/files\/2024\/12\/241122-TDEI24-0082-1024x683.jpg 1024w, https:\/\/blog.rwth-aachen.de\/elektrotechnik\/files\/2024\/12\/241122-TDEI24-0082-768x512.jpg 768w, https:\/\/blog.rwth-aachen.de\/elektrotechnik\/files\/2024\/12\/241122-TDEI24-0082-1536x1024.jpg 1536w, https:\/\/blog.rwth-aachen.de\/elektrotechnik\/files\/2024\/12\/241122-TDEI24-0082-2048x1365.jpg 2048w\" sizes=\"auto, (max-width: 2560px) 100vw, 2560px\" \/><p id=\"caption-attachment-4090\" class=\"wp-caption-text\">Professor Peter Jax \u00a9 Martin Braun<\/p><\/div>\n<p>Another item on the programme was the report presented by the Dean of Studies, Professor Peter Jax, who is also the Head of the Institute of <a href=\"https:\/\/www.iks.rwth-aachen.de\/en\/home\/\">Communication Systems<\/a>. Based on the results of quantitative surveys, he conducted an analysis of the academic teaching provided within the degree programmes offered by the faculty, identifying potential areas for further development.<\/p>\n<p>Subsequently, Professor Jax presented the Team Award, which was bestowed upon Cinar Alg\u00fcl, Maxim Klosa and Wenjie Zeng for their exemplary contributions. The three students had demonstrated outstanding performance in their work on the Electrical Engineering and Information Technology project, entitled <em>MATLAB meets Lego Mindstorms<\/em>.<\/p>\n<div id=\"attachment_4118\" style=\"width: 2570px\" class=\"wp-caption aligncenter\"><img loading=\"lazy\" decoding=\"async\" aria-describedby=\"caption-attachment-4118\" class=\"wp-image-4118 size-full\" src=\"https:\/\/blog.rwth-aachen.de\/elektrotechnik\/files\/2024\/12\/241122-TDEI24-0276-scaled.jpg\" alt=\"Ein junger Mann steht l\u00e4chelnd auf der B\u00fchne und h\u00e4lt eine Auszeichnung in Form einer Urkunde.\" width=\"2560\" height=\"1708\" srcset=\"https:\/\/blog.rwth-aachen.de\/elektrotechnik\/files\/2024\/12\/241122-TDEI24-0276-scaled.jpg 2560w, https:\/\/blog.rwth-aachen.de\/elektrotechnik\/files\/2024\/12\/241122-TDEI24-0276-300x200.jpg 300w, https:\/\/blog.rwth-aachen.de\/elektrotechnik\/files\/2024\/12\/241122-TDEI24-0276-1024x683.jpg 1024w, https:\/\/blog.rwth-aachen.de\/elektrotechnik\/files\/2024\/12\/241122-TDEI24-0276-768x512.jpg 768w, https:\/\/blog.rwth-aachen.de\/elektrotechnik\/files\/2024\/12\/241122-TDEI24-0276-1536x1025.jpg 1536w, https:\/\/blog.rwth-aachen.de\/elektrotechnik\/files\/2024\/12\/241122-TDEI24-0276-2048x1366.jpg 2048w\" sizes=\"auto, (max-width: 2560px) 100vw, 2560px\" \/><p id=\"caption-attachment-4118\" class=\"wp-caption-text\">Best Bachelor Award winner Fritz Stracke \u00a9 Martin Braun<\/p><\/div>\n<p>One of the key factors contributing to success is the constructive collaboration with other companies, which provides students with the opportunity to engage in and contribute to challenging projects and theses. At the TDEI event, Gold sponsor <a href=\"https:\/\/www.intravis.com\/\">Intravis<\/a> participated in an interview. Furthermore, the <a href=\"https:\/\/www.rohde-schwarz.com\/de\/startseite_48230.html\">Rohde &amp; Schwarz<\/a> Best Bachelor Award was bestowed upon Fritz Stracke in the current academic year. The student, who is also distinguished by his dedication to the student council for electrical engineering and information technology, was recognized for his bachelor&#8217;s thesis, entitled \u201cInvestigation of the bare-metal support of Rst Unikernels in heterogeneous computing systems\u201d.<\/p>\n<p>Another noteworthy feature of the event was the keynote address delivered by Professor Andreas Hierlemann from <a href=\"https:\/\/ethz.ch\/en.html\">ETH Zurich<\/a>, entitled \u201cInterfacing with brain cells at subcellular resolution\u201d. The interview with Professor Sven Ingebrandt, Head of the <a href=\"https:\/\/www.iwe1.rwth-aachen.de\/cms\/~ijvl\/iwe1\/?lidx=1\">Institute of Materials in Electrical Engineering 1<\/a> at RWTH Aachen University, and the presentation of the key visual and the institute&#8217;s projects also provided valuable insights.<\/p>\n<p>The graduation ceremony marked the traditional conclusion of the event. After the graduates were introduced by name on stage, the Dean congratulated each of them on their academic success.<\/p>\n<div style=\"width: 2520px;\" class=\"wp-video\"><video class=\"wp-video-shortcode\" id=\"video-4082-2\" width=\"2520\" height=\"1080\" preload=\"metadata\" controls=\"controls\"><source type=\"video\/mp4\" src=\"https:\/\/blog.rwth-aachen.de\/elektrotechnik\/files\/2024\/12\/Zusammenschnitt-1.mp4?_=2\" \/><a href=\"https:\/\/blog.rwth-aachen.de\/elektrotechnik\/files\/2024\/12\/Zusammenschnitt-1.mp4\">https:\/\/blog.rwth-aachen.de\/elektrotechnik\/files\/2024\/12\/Zusammenschnitt-1.mp4<\/a><\/video><\/div>\n<p>Professor Antonello Monti expressed his gratitude to the students in a unique manner. He once caused a great deal of excitement at the TDEI 2019 with a surprise performance. In the current year, he reappeared on the stage in the company of the ERC Band. Two musical compositions, \u201cKnockin on E.ON&#8217;s Door\u201d\u00a0and \u201cAC to Hell\u201d, were presented as part of the performance.<\/p>\n<p>We would like to express our gratitude to all faculty members and assistants, as well as the <a href=\"https:\/\/www.academy.rwth-aachen.de\/en\/\">RWTH International Academy<\/a>, for their contributions to the organisation and implementation of the Electrical Engineering and Information Technology Day.<\/p>\n<hr \/>\n<p>Further details regarding TDEI 2024, along with photographic documentation of the event, can be accessed on the official <a href=\"https:\/\/www.elektrotechnik.rwth-aachen.de\/cms\/Elektrotechnik-und-Informationstechnik\/Die-Fakultaet\/Aktuelles\/~bgufmc\/Tag-der-Elektrotechnik-und-Informationst\/lidx\/1\/\">website<\/a>.<\/p>","protected":false},"excerpt":{"rendered":"<p>On the 25th Day of Electrical Engineering and Information Technology (TDEI), which took place on 22 November 2024, we presented our success this year and once again brought together companies, [&hellip;]<\/p>\n","protected":false},"author":4543,"featured_media":0,"comment_status":"open","ping_status":"open","sticky":false,"template":"","format":"standard","meta":{"c2c_always_allow_admin_comments":false,"footnotes":""},"categories":[1],"tags":[295,248,286,53,297,276,292,283,290,289,281,282,284,274,296,163,287,275,293,273,285,280,294,279,277,291,78,271,272,278,288],"class_list":["post-4082","post","type-post","status-publish","format-standard","hentry","category-allgemein","tag-absolventen-und-absolventinnen","tag-bachelor","tag-cinar-alguel","tag-elektrotechnik","tag-erc-band","tag-exzellenter-ruf","tag-fritz-stracke","tag-iem","tag-intravis","tag-lego-mindstorms","tag-lehrstuhl-fuer-bildverarbeitung","tag-lehrstuhl-fuer-elektrische-maschinen-und-anlagen","tag-lfb","tag-martina-dahm","tag-master","tag-matlab","tag-maxim-klosa","tag-professor-albert-moser","tag-professor-andreas-hierleman","tag-professor-jens-rainer-ohm","tag-professor-peter-jax","tag-professor-simon-steentjes","tag-professor-sven-ingebrandt","tag-professor-volkmar-schulz","tag-qualifizierte-ingenieure-und-ingenieurinnen","tag-rohde-schwarz","tag-rwth","tag-tag-der-elektrotechnik-und-informationstechnik-2024","tag-tdei-2024","tag-vordere-plaetze-bei-ranking","tag-wenjie-zeng"],"_links":{"self":[{"href":"https:\/\/blog.rwth-aachen.de\/elektrotechnik\/en\/wp-json\/wp\/v2\/posts\/4082","targetHints":{"allow":["GET"]}}],"collection":[{"href":"https:\/\/blog.rwth-aachen.de\/elektrotechnik\/en\/wp-json\/wp\/v2\/posts"}],"about":[{"href":"https:\/\/blog.rwth-aachen.de\/elektrotechnik\/en\/wp-json\/wp\/v2\/types\/post"}],"author":[{"embeddable":true,"href":"https:\/\/blog.rwth-aachen.de\/elektrotechnik\/en\/wp-json\/wp\/v2\/users\/4543"}],"replies":[{"embeddable":true,"href":"https:\/\/blog.rwth-aachen.de\/elektrotechnik\/en\/wp-json\/wp\/v2\/comments?post=4082"}],"version-history":[{"count":64,"href":"https:\/\/blog.rwth-aachen.de\/elektrotechnik\/en\/wp-json\/wp\/v2\/posts\/4082\/revisions"}],"predecessor-version":[{"id":4184,"href":"https:\/\/blog.rwth-aachen.de\/elektrotechnik\/en\/wp-json\/wp\/v2\/posts\/4082\/revisions\/4184"}],"wp:attachment":[{"href":"https:\/\/blog.rwth-aachen.de\/elektrotechnik\/en\/wp-json\/wp\/v2\/media?parent=4082"}],"wp:term":[{"taxonomy":"category","embeddable":true,"href":"https:\/\/blog.rwth-aachen.de\/elektrotechnik\/en\/wp-json\/wp\/v2\/categories?post=4082"},{"taxonomy":"post_tag","embeddable":true,"href":"https:\/\/blog.rwth-aachen.de\/elektrotechnik\/en\/wp-json\/wp\/v2\/tags?post=4082"}],"curies":[{"name":"wp","href":"https:\/\/api.w.org\/{rel}","templated":true}]}}