{"id":160,"date":"2020-02-05T14:05:26","date_gmt":"2020-02-05T13:05:26","guid":{"rendered":"https:\/\/blog.rwth-aachen.de\/elektrotechnik\/?p=160"},"modified":"2020-06-25T14:11:21","modified_gmt":"2020-06-25T12:11:21","slug":"lehrpreis-2019-prof-dr-dirk-uwe-sauer","status":"publish","type":"post","link":"https:\/\/blog.rwth-aachen.de\/elektrotechnik\/lehrpreis-2019-prof-dr-dirk-uwe-sauer\/","title":{"rendered":"Lehrpreis 2019 Prof. Dr. Dirk Uwe Sauer"},"content":{"rendered":"<div class=\"twoclick_social_bookmarks_post_160 social_share_privacy clearfix 1.6.4 locale-de_DE sprite-de_DE\"><\/div><div class=\"twoclick-js\"><script type=\"text\/javascript\">\/* <![CDATA[ *\/\njQuery(document).ready(function($){if($('.twoclick_social_bookmarks_post_160')){$('.twoclick_social_bookmarks_post_160').socialSharePrivacy({\"services\":{\"facebook\":{\"status\":\"on\",\"txt_info\":\"2 Klicks f\\u00fcr mehr Datenschutz: Erst wenn Sie hier klicken, wird der Button aktiv und Sie k\\u00f6nnen Ihre Empfehlung an Facebook senden. Schon beim Aktivieren werden Daten an Dritte \\u00fcbertragen - siehe <em>i<\\\/em>.\",\"perma_option\":\"off\",\"action\":\"recommend\",\"language\":\"de_DE\"}},\"txt_help\":\"Wenn Sie diese Felder durch einen Klick aktivieren, werden Informationen an Facebook, Twitter, Flattr, Xing, t3n, LinkedIn, Pinterest oder Google eventuell ins Ausland \\u00fcbertragen und unter Umst\\u00e4nden auch dort gespeichert. N\\u00e4heres erfahren Sie durch einen Klick auf das <em>i<\\\/em>.\",\"settings_perma\":\"Dauerhaft aktivieren und Daten\\u00fcber-tragung zustimmen:\",\"info_link\":\"http:\\\/\\\/www.heise.de\\\/ct\\\/artikel\\\/2-Klicks-fuer-mehr-Datenschutz-1333879.html\",\"uri\":\"https:\\\/\\\/blog.rwth-aachen.de\\\/elektrotechnik\\\/lehrpreis-2019-prof-dr-dirk-uwe-sauer\\\/\",\"post_id\":160,\"post_title_referrer_track\":\"Lehrpreis+2019+Prof.+Dr.+Dirk+Uwe+Sauer\",\"display_infobox\":\"on\"});}});\n\/* ]]> *\/<\/script><\/div><p>&nbsp;<\/p>\n<div id=\"attachment_161\" style=\"width: 310px\" class=\"wp-caption alignleft\"><a href=\"https:\/\/www.elektrotechnik.rwth-aachen.de\/cms\/Elektrotechnik-und-Informationstechnik\/Die-Fakultaet\/Aktuelles\/Termine-und-Veranstaltungen\/Meldungen\/~gherw\/Lehrpreis-2019\/\" target=\"_blank\" rel=\"noopener noreferrer\"><img loading=\"lazy\" decoding=\"async\" aria-describedby=\"caption-attachment-161\" class=\"wp-image-161 size-medium\" title=\"ISEA\" src=\"https:\/\/blog.rwth-aachen.de\/elektrotechnik\/files\/2020\/06\/show_picture.asp_-2-300x225.jpg\" alt=\"Professor Sauer \" width=\"300\" height=\"225\" srcset=\"https:\/\/blog.rwth-aachen.de\/elektrotechnik\/files\/2020\/06\/show_picture.asp_-2-300x225.jpg 300w, https:\/\/blog.rwth-aachen.de\/elektrotechnik\/files\/2020\/06\/show_picture.asp_-2-768x576.jpg 768w, https:\/\/blog.rwth-aachen.de\/elektrotechnik\/files\/2020\/06\/show_picture.asp_-2.jpg 842w\" sizes=\"auto, (max-width: 300px) 100vw, 300px\" \/><\/a><p id=\"caption-attachment-161\" class=\"wp-caption-text\">Foto: ISEA<\/p><\/div>\n<p>Prof. Dr. Dirk Uwe Sauer wurde mit dem Lehrpreis der RWTH in der Kategorie \u201eDozent\u201c ausgezeichnet. Die RWTH Aachen vergibt seit 2001 einen Lehrpreis, um herausragende Leistungen im Bereich Lehre an der Hochschule zu w\u00fcrdigen. Mit dem Preis wird die Neu-Gestaltung der Elektrotechnik I-Vorlesung ausgezeichnet. Die Verleihung fand im Rahmen von RWTHtransparent am 31.01.2020 statt.<\/p>\n<p>Das ISEA freut sich \u00fcber diese besondere Auszeichnung, mit der auch die Arbeit der Mitarbeiterinnen und Mitarbeiter, die jedes Semester an der Gestaltung der Vorlesung, den \u00dcbungen und der Klausur mitwirken, gew\u00fcrdigt wird. Der Dank gilt aber auch den HiWis, der Fachschaft, der Medienstelle f\u00fcr die Lehre und vielen Mitarbeiterinnen und Mitarbeitern der Fakult\u00e4t und zentraler Dienste der Hochschulverwaltung.<\/p>","protected":false},"excerpt":{"rendered":"<p>&nbsp; Prof. Dr. Dirk Uwe Sauer wurde mit dem Lehrpreis der RWTH in der Kategorie \u201eDozent\u201c ausgezeichnet. Die RWTH Aachen vergibt seit 2001 einen Lehrpreis, um herausragende Leistungen im Bereich [&hellip;]<\/p>\n","protected":false},"author":2405,"featured_media":0,"comment_status":"open","ping_status":"open","sticky":false,"template":"","format":"standard","meta":{"c2c_always_allow_admin_comments":false,"footnotes":""},"categories":[1,4,7],"tags":[],"class_list":["post-160","post","type-post","status-publish","format-standard","hentry","category-allgemein","category-auszeichnungen","category-energie-und-umwelt"],"_links":{"self":[{"href":"https:\/\/blog.rwth-aachen.de\/elektrotechnik\/wp-json\/wp\/v2\/posts\/160","targetHints":{"allow":["GET"]}}],"collection":[{"href":"https:\/\/blog.rwth-aachen.de\/elektrotechnik\/wp-json\/wp\/v2\/posts"}],"about":[{"href":"https:\/\/blog.rwth-aachen.de\/elektrotechnik\/wp-json\/wp\/v2\/types\/post"}],"author":[{"embeddable":true,"href":"https:\/\/blog.rwth-aachen.de\/elektrotechnik\/wp-json\/wp\/v2\/users\/2405"}],"replies":[{"embeddable":true,"href":"https:\/\/blog.rwth-aachen.de\/elektrotechnik\/wp-json\/wp\/v2\/comments?post=160"}],"version-history":[{"count":5,"href":"https:\/\/blog.rwth-aachen.de\/elektrotechnik\/wp-json\/wp\/v2\/posts\/160\/revisions"}],"predecessor-version":[{"id":166,"href":"https:\/\/blog.rwth-aachen.de\/elektrotechnik\/wp-json\/wp\/v2\/posts\/160\/revisions\/166"}],"wp:attachment":[{"href":"https:\/\/blog.rwth-aachen.de\/elektrotechnik\/wp-json\/wp\/v2\/media?parent=160"}],"wp:term":[{"taxonomy":"category","embeddable":true,"href":"https:\/\/blog.rwth-aachen.de\/elektrotechnik\/wp-json\/wp\/v2\/categories?post=160"},{"taxonomy":"post_tag","embeddable":true,"href":"https:\/\/blog.rwth-aachen.de\/elektrotechnik\/wp-json\/wp\/v2\/tags?post=160"}],"curies":[{"name":"wp","href":"https:\/\/api.w.org\/{rel}","templated":true}]}}