{"id":1637,"date":"2021-05-07T08:00:31","date_gmt":"2021-05-07T06:00:31","guid":{"rendered":"https:\/\/blog.rwth-aachen.de\/elektrotechnik\/?p=1637"},"modified":"2021-04-28T10:30:54","modified_gmt":"2021-04-28T08:30:54","slug":"abgelenkt-fehlende-konzentration","status":"publish","type":"post","link":"https:\/\/blog.rwth-aachen.de\/elektrotechnik\/abgelenkt-fehlende-konzentration\/","title":{"rendered":"Abgelenkt? &#8211; Fehlende Konzentration"},"content":{"rendered":"<div class=\"twoclick_social_bookmarks_post_1637 social_share_privacy clearfix 1.6.4 locale-de_DE sprite-de_DE\"><\/div><div class=\"twoclick-js\"><script type=\"text\/javascript\">\/* <![CDATA[ *\/\njQuery(document).ready(function($){if($('.twoclick_social_bookmarks_post_1637')){$('.twoclick_social_bookmarks_post_1637').socialSharePrivacy({\"services\":{\"facebook\":{\"status\":\"on\",\"txt_info\":\"2 Klicks f\\u00fcr mehr Datenschutz: Erst wenn Sie hier klicken, wird der Button aktiv und Sie k\\u00f6nnen Ihre Empfehlung an Facebook senden. Schon beim Aktivieren werden Daten an Dritte \\u00fcbertragen - siehe <em>i<\\\/em>.\",\"perma_option\":\"off\",\"action\":\"recommend\",\"language\":\"de_DE\"}},\"txt_help\":\"Wenn Sie diese Felder durch einen Klick aktivieren, werden Informationen an Facebook, Twitter, Flattr, Xing, t3n, LinkedIn, Pinterest oder Google eventuell ins Ausland \\u00fcbertragen und unter Umst\\u00e4nden auch dort gespeichert. N\\u00e4heres erfahren Sie durch einen Klick auf das <em>i<\\\/em>.\",\"settings_perma\":\"Dauerhaft aktivieren und Daten\\u00fcber-tragung zustimmen:\",\"info_link\":\"http:\\\/\\\/www.heise.de\\\/ct\\\/artikel\\\/2-Klicks-fuer-mehr-Datenschutz-1333879.html\",\"uri\":\"https:\\\/\\\/blog.rwth-aachen.de\\\/elektrotechnik\\\/abgelenkt-fehlende-konzentration\\\/\",\"post_id\":1637,\"post_title_referrer_track\":\"Abgelenkt%3F+%26%238211%3B+Fehlende+Konzentration\",\"display_infobox\":\"on\"});}});\n\/* ]]> *\/<\/script><\/div><p>Irgendwie l\u00e4uft es alles nicht so richtig, du bist unkonzentriert, m\u00fcde und hast das Gef\u00fchl, \u00fcberhaupt nichts hinzubekommen? Hier kann eine Analyse des Tages helfen. Zu unterschiedlichen Zeiten sind wir unterschiedlich leistungsf\u00e4hig. Beachte Leistungshochs und \u2013tiefs bei deiner Lern- und Tagesplanung. Der Vormittag eignet sich gut f\u00fcr konzentriertes Arbeiten, mittags gibt es ein kleines Tief, welche meistens auf die Wachzeith\u00e4lfte f\u00e4llt und nachmittags kommt nochmal ein kleines Hoch bevor die Konzentrationsf\u00e4higkeit zum Abend hin abf\u00e4llt. Probier&#8216; doch mal aus, deine Tagesplanung an deine Leistungshochs und -tiefs anzupassen, so dass du bestm\u00f6glich von den guten Phasen profitieren kannst.<\/p>\n<p><span style=\"color: #808080;\">Verfasst von Iris Heisterklaus\u00a0<\/span><\/p>\n<h5><img loading=\"lazy\" decoding=\"async\" class=\"wp-image-1640 aligncenter\" src=\"https:\/\/blog.rwth-aachen.de\/elektrotechnik\/files\/2021\/04\/Leistungskurve-Blog-DE-e1619598251703-1024x724.jpg\" alt=\"\" width=\"621\" height=\"439\" srcset=\"https:\/\/blog.rwth-aachen.de\/elektrotechnik\/files\/2021\/04\/Leistungskurve-Blog-DE-e1619598251703-1024x724.jpg 1024w, https:\/\/blog.rwth-aachen.de\/elektrotechnik\/files\/2021\/04\/Leistungskurve-Blog-DE-e1619598251703-300x212.jpg 300w, https:\/\/blog.rwth-aachen.de\/elektrotechnik\/files\/2021\/04\/Leistungskurve-Blog-DE-e1619598251703-768x543.jpg 768w, https:\/\/blog.rwth-aachen.de\/elektrotechnik\/files\/2021\/04\/Leistungskurve-Blog-DE-e1619598251703.jpg 1080w\" sizes=\"auto, (max-width: 621px) 100vw, 621px\" \/><\/h5>\n<p>&nbsp;<\/p>","protected":false},"excerpt":{"rendered":"<p>Irgendwie l\u00e4uft es alles nicht so richtig, du bist unkonzentriert, m\u00fcde und hast das Gef\u00fchl, \u00fcberhaupt nichts hinzubekommen? Hier kann eine Analyse des Tages helfen. Zu unterschiedlichen Zeiten sind wir [&hellip;]<\/p>\n","protected":false},"author":2405,"featured_media":0,"comment_status":"open","ping_status":"open","sticky":false,"template":"","format":"standard","meta":{"c2c_always_allow_admin_comments":false,"footnotes":""},"categories":[67],"tags":[],"class_list":["post-1637","post","type-post","status-publish","format-standard","hentry","category-mentoring-whispers"],"_links":{"self":[{"href":"https:\/\/blog.rwth-aachen.de\/elektrotechnik\/wp-json\/wp\/v2\/posts\/1637","targetHints":{"allow":["GET"]}}],"collection":[{"href":"https:\/\/blog.rwth-aachen.de\/elektrotechnik\/wp-json\/wp\/v2\/posts"}],"about":[{"href":"https:\/\/blog.rwth-aachen.de\/elektrotechnik\/wp-json\/wp\/v2\/types\/post"}],"author":[{"embeddable":true,"href":"https:\/\/blog.rwth-aachen.de\/elektrotechnik\/wp-json\/wp\/v2\/users\/2405"}],"replies":[{"embeddable":true,"href":"https:\/\/blog.rwth-aachen.de\/elektrotechnik\/wp-json\/wp\/v2\/comments?post=1637"}],"version-history":[{"count":6,"href":"https:\/\/blog.rwth-aachen.de\/elektrotechnik\/wp-json\/wp\/v2\/posts\/1637\/revisions"}],"predecessor-version":[{"id":1647,"href":"https:\/\/blog.rwth-aachen.de\/elektrotechnik\/wp-json\/wp\/v2\/posts\/1637\/revisions\/1647"}],"wp:attachment":[{"href":"https:\/\/blog.rwth-aachen.de\/elektrotechnik\/wp-json\/wp\/v2\/media?parent=1637"}],"wp:term":[{"taxonomy":"category","embeddable":true,"href":"https:\/\/blog.rwth-aachen.de\/elektrotechnik\/wp-json\/wp\/v2\/categories?post=1637"},{"taxonomy":"post_tag","embeddable":true,"href":"https:\/\/blog.rwth-aachen.de\/elektrotechnik\/wp-json\/wp\/v2\/tags?post=1637"}],"curies":[{"name":"wp","href":"https:\/\/api.w.org\/{rel}","templated":true}]}}