{"id":2464,"date":"2022-05-25T11:35:15","date_gmt":"2022-05-25T09:35:15","guid":{"rendered":"https:\/\/blog.rwth-aachen.de\/elektrotechnik\/?p=2464"},"modified":"2022-05-25T11:35:15","modified_gmt":"2022-05-25T09:35:15","slug":"aufruf-zum-stadtradeln","status":"publish","type":"post","link":"https:\/\/blog.rwth-aachen.de\/elektrotechnik\/aufruf-zum-stadtradeln\/","title":{"rendered":"Aufruf zum STADTRADELN"},"content":{"rendered":"<div class=\"twoclick_social_bookmarks_post_2464 social_share_privacy clearfix 1.6.4 locale-de_DE sprite-de_DE\"><\/div><div class=\"twoclick-js\"><script type=\"text\/javascript\">\/* <![CDATA[ *\/\njQuery(document).ready(function($){if($('.twoclick_social_bookmarks_post_2464')){$('.twoclick_social_bookmarks_post_2464').socialSharePrivacy({\"services\":{\"facebook\":{\"status\":\"on\",\"txt_info\":\"2 Klicks f\\u00fcr mehr Datenschutz: Erst wenn Sie hier klicken, wird der Button aktiv und Sie k\\u00f6nnen Ihre Empfehlung an Facebook senden. Schon beim Aktivieren werden Daten an Dritte \\u00fcbertragen - siehe <em>i<\\\/em>.\",\"perma_option\":\"off\",\"action\":\"recommend\",\"language\":\"de_DE\"}},\"txt_help\":\"Wenn Sie diese Felder durch einen Klick aktivieren, werden Informationen an Facebook, Twitter, Flattr, Xing, t3n, LinkedIn, Pinterest oder Google eventuell ins Ausland \\u00fcbertragen und unter Umst\\u00e4nden auch dort gespeichert. N\\u00e4heres erfahren Sie durch einen Klick auf das <em>i<\\\/em>.\",\"settings_perma\":\"Dauerhaft aktivieren und Daten\\u00fcber-tragung zustimmen:\",\"info_link\":\"http:\\\/\\\/www.heise.de\\\/ct\\\/artikel\\\/2-Klicks-fuer-mehr-Datenschutz-1333879.html\",\"uri\":\"https:\\\/\\\/blog.rwth-aachen.de\\\/elektrotechnik\\\/aufruf-zum-stadtradeln\\\/\",\"post_id\":2464,\"post_title_referrer_track\":\"Aufruf+zum+STADTRADELN\",\"display_infobox\":\"on\"});}});\n\/* ]]> *\/<\/script><\/div><p><div id=\"attachment_2509\" style=\"width: 310px\" class=\"wp-caption alignright\"><img loading=\"lazy\" decoding=\"async\" aria-describedby=\"caption-attachment-2509\" class=\"wp-image-2509 size-medium\" src=\"https:\/\/blog.rwth-aachen.de\/elektrotechnik\/files\/2022\/05\/STU_0131_digital_rgb_zugeschnitten02_Urheber-Martin-Braun-300x200.jpg\" alt=\"Fahrradfahrerin vor dem SuperC\" width=\"300\" height=\"200\" srcset=\"https:\/\/blog.rwth-aachen.de\/elektrotechnik\/files\/2022\/05\/STU_0131_digital_rgb_zugeschnitten02_Urheber-Martin-Braun-300x200.jpg 300w, https:\/\/blog.rwth-aachen.de\/elektrotechnik\/files\/2022\/05\/STU_0131_digital_rgb_zugeschnitten02_Urheber-Martin-Braun.jpg 707w\" sizes=\"auto, (max-width: 300px) 100vw, 300px\" \/><p id=\"caption-attachment-2509\" class=\"wp-caption-text\">\u00a9 Martin Braun<\/p><\/div><\/p>\n<p>Vom 01. bis zum 21. Juni geht das STADTRADELN in die n\u00e4chste Runde. Ziel des Wettbewerbes ist es, innerhalb der 21 Tage m\u00f6glichst oft das Fahrrad zu nutzen und damit nicht nur einen Beitrag zum Klimaschutz zu leisten, sondern auch f\u00fcr mehr Lebensqualit\u00e4t in den Kommunen zu sorgen.<\/p>\n<p>Die STADTRADELN-Aktion tr\u00e4gt dazu bei, den Radverkehr im \u00f6ffentlichen Diskurs pr\u00e4senter zu machen und unterst\u00fctzt die gezielte Verbesserung der Radinfrastruktur. Die beim STADTRADELN per App getrackten Strecken werden anonymisiert von der Technischen Universit\u00e4t Dresden ausgewertet und die daraus resultierenden Erkenntnisse an die Kommunen weitergegeben.<\/p>\n<p>Wer kann teilnehmen?<br \/>\nSTADTRADELN ist f\u00fcr alle gedacht. Unabh\u00e4ngig davon, ob das Fahrrad bereits als Hauptverkehrsmittel genutzt wird oder die gr\u00f6\u00dfte Zeit im Keller steht. Jeder mit dem Fahrrad zur\u00fcckgelegte Kilometer z\u00e4hlt. Erst recht, wenn er ansonsten mit dem Auto zur\u00fcckgelegt worden w\u00e4re.<\/p>\n<p>Die Fakult\u00e4t f\u00fcr Elektrotechnik und Informationstechnik beteiligt sich an dieser Aktion und hat in diesem Zuge das Team \u201eFakult\u00e4t f\u00fcr Elektrotechnik &amp; Informationstechnik\u201c gegr\u00fcndet. Um dem Team der Fakult\u00e4t beizutreten, ist eine <a href=\"http:\/\/stadtradeln.de\/registrieren\" target=\"_blank\" rel=\"noopener\">Registrierung<\/a> erforderlich. Sie k\u00f6nnen sich bis zum letzten der 21 STADTRADELN-Tage unserem Team anschlie\u00dfen.<\/p>\n<p>Die zur\u00fcckgelegten Kilometer k\u00f6nnen entweder online in das km-Buch eingetragen oder \u00fcber die <a href=\"https:\/\/www.stadtradeln.de\/app\" target=\"_blank\" rel=\"noopener\">STADTRADELN-App<\/a> (<a title=\"Google Play Store\" href=\"https:\/\/play.google.com\/store\/apps\/details?id=org.klimabuendnis.Stadtradeln&amp;hl=de\" target=\"_blank\" rel=\"noopener noreferrer\">Android<\/a>\u00a0und\u00a0<a title=\"Apple App Store\" href=\"https:\/\/itunes.apple.com\/de\/app\/stadtradeln\/id1359069906?mt=8\" target=\"_blank\" rel=\"noopener noreferrer\">iOS<\/a>) getrackt werden. Aber auch ohne Internetzugang ist eine Teilnahme m\u00f6glich. In diesem Fall k\u00f6nnen die Radfahrerinnen und Radfahrer w\u00f6chentlich die Radkilometer per Kilometer-Erfassungsbogen an die lokale STADTRADELN-Koordination melden.<\/p>\n<p>Auch wenn es in erster Linie um die Radf\u00f6rderung und den Schutz der Umwelt geht, gibt es zudem Preise unter anderem f\u00fcr die fahrradaktivsten Kommunen und Kommunalparlamente zu gewinnen.<\/p>\n<p>F\u00fcr weitere Informationen sehen Sie sich gerne auf der <a href=\"https:\/\/www.stadtradeln.de\/home\" target=\"_blank\" rel=\"noopener\">STADTRADELN-Webseite<\/a> um.<\/p>\n<p>Wir freuen uns auf Ihre Teilnahme!<\/p>","protected":false},"excerpt":{"rendered":"<p>Vom 01. bis zum 21. Juni geht das STADTRADELN in die n\u00e4chste Runde. Ziel des Wettbewerbes ist es, innerhalb der 21 Tage m\u00f6glichst oft das Fahrrad zu nutzen und damit [&hellip;]<\/p>\n","protected":false},"author":3827,"featured_media":0,"comment_status":"open","ping_status":"open","sticky":false,"template":"","format":"standard","meta":{"c2c_always_allow_admin_comments":false,"footnotes":""},"categories":[1],"tags":[],"class_list":["post-2464","post","type-post","status-publish","format-standard","hentry","category-allgemein"],"_links":{"self":[{"href":"https:\/\/blog.rwth-aachen.de\/elektrotechnik\/wp-json\/wp\/v2\/posts\/2464","targetHints":{"allow":["GET"]}}],"collection":[{"href":"https:\/\/blog.rwth-aachen.de\/elektrotechnik\/wp-json\/wp\/v2\/posts"}],"about":[{"href":"https:\/\/blog.rwth-aachen.de\/elektrotechnik\/wp-json\/wp\/v2\/types\/post"}],"author":[{"embeddable":true,"href":"https:\/\/blog.rwth-aachen.de\/elektrotechnik\/wp-json\/wp\/v2\/users\/3827"}],"replies":[{"embeddable":true,"href":"https:\/\/blog.rwth-aachen.de\/elektrotechnik\/wp-json\/wp\/v2\/comments?post=2464"}],"version-history":[{"count":15,"href":"https:\/\/blog.rwth-aachen.de\/elektrotechnik\/wp-json\/wp\/v2\/posts\/2464\/revisions"}],"predecessor-version":[{"id":2507,"href":"https:\/\/blog.rwth-aachen.de\/elektrotechnik\/wp-json\/wp\/v2\/posts\/2464\/revisions\/2507"}],"wp:attachment":[{"href":"https:\/\/blog.rwth-aachen.de\/elektrotechnik\/wp-json\/wp\/v2\/media?parent=2464"}],"wp:term":[{"taxonomy":"category","embeddable":true,"href":"https:\/\/blog.rwth-aachen.de\/elektrotechnik\/wp-json\/wp\/v2\/categories?post=2464"},{"taxonomy":"post_tag","embeddable":true,"href":"https:\/\/blog.rwth-aachen.de\/elektrotechnik\/wp-json\/wp\/v2\/tags?post=2464"}],"curies":[{"name":"wp","href":"https:\/\/api.w.org\/{rel}","templated":true}]}}