{"id":2612,"date":"2022-09-30T10:00:56","date_gmt":"2022-09-30T08:00:56","guid":{"rendered":"https:\/\/blog.rwth-aachen.de\/elektrotechnik\/?p=2612"},"modified":"2022-09-16T10:36:48","modified_gmt":"2022-09-16T08:36:48","slug":"schreibwerkstatt-e-technik-wintersemerster-2022-23","status":"publish","type":"post","link":"https:\/\/blog.rwth-aachen.de\/elektrotechnik\/schreibwerkstatt-e-technik-wintersemerster-2022-23\/","title":{"rendered":"Schreibwerkstatt E-Technik Wintersemerster 2022\/23"},"content":{"rendered":"<div class=\"twoclick_social_bookmarks_post_2612 social_share_privacy clearfix 1.6.4 locale-de_DE sprite-de_DE\"><\/div><div class=\"twoclick-js\"><script type=\"text\/javascript\">\/* <![CDATA[ *\/\njQuery(document).ready(function($){if($('.twoclick_social_bookmarks_post_2612')){$('.twoclick_social_bookmarks_post_2612').socialSharePrivacy({\"services\":{\"facebook\":{\"status\":\"on\",\"txt_info\":\"2 Klicks f\\u00fcr mehr Datenschutz: Erst wenn Sie hier klicken, wird der Button aktiv und Sie k\\u00f6nnen Ihre Empfehlung an Facebook senden. Schon beim Aktivieren werden Daten an Dritte \\u00fcbertragen - siehe <em>i<\\\/em>.\",\"perma_option\":\"off\",\"action\":\"recommend\",\"language\":\"de_DE\"}},\"txt_help\":\"Wenn Sie diese Felder durch einen Klick aktivieren, werden Informationen an Facebook, Twitter, Flattr, Xing, t3n, LinkedIn, Pinterest oder Google eventuell ins Ausland \\u00fcbertragen und unter Umst\\u00e4nden auch dort gespeichert. N\\u00e4heres erfahren Sie durch einen Klick auf das <em>i<\\\/em>.\",\"settings_perma\":\"Dauerhaft aktivieren und Daten\\u00fcber-tragung zustimmen:\",\"info_link\":\"http:\\\/\\\/www.heise.de\\\/ct\\\/artikel\\\/2-Klicks-fuer-mehr-Datenschutz-1333879.html\",\"uri\":\"https:\\\/\\\/blog.rwth-aachen.de\\\/elektrotechnik\\\/schreibwerkstatt-e-technik-wintersemerster-2022-23\\\/\",\"post_id\":2612,\"post_title_referrer_track\":\"Schreibwerkstatt+E-Technik+Wintersemerster+2022%2F23\",\"display_infobox\":\"on\"});}});\n\/* ]]> *\/<\/script><\/div><p><div id=\"attachment_2613\" style=\"width: 210px\" class=\"wp-caption alignright\"><img loading=\"lazy\" decoding=\"async\" aria-describedby=\"caption-attachment-2613\" class=\"size-medium wp-image-2613\" src=\"https:\/\/blog.rwth-aachen.de\/elektrotechnik\/files\/2022\/09\/STU_0012_digital_rgb_Martin-Braun-200x300.jpg\" alt=\"Lernender Student aus der Vogelperspektive\" width=\"200\" height=\"300\" srcset=\"https:\/\/blog.rwth-aachen.de\/elektrotechnik\/files\/2022\/09\/STU_0012_digital_rgb_Martin-Braun-200x300.jpg 200w, https:\/\/blog.rwth-aachen.de\/elektrotechnik\/files\/2022\/09\/STU_0012_digital_rgb_Martin-Braun-682x1024.jpg 682w, https:\/\/blog.rwth-aachen.de\/elektrotechnik\/files\/2022\/09\/STU_0012_digital_rgb_Martin-Braun-768x1152.jpg 768w, https:\/\/blog.rwth-aachen.de\/elektrotechnik\/files\/2022\/09\/STU_0012_digital_rgb_Martin-Braun.jpg 853w\" sizes=\"auto, (max-width: 200px) 100vw, 200px\" \/><p id=\"caption-attachment-2613\" class=\"wp-caption-text\">\u00a9 Martin Braun<\/p><\/div><\/p>\n<p><strong>Kursangebot<\/strong><\/p>\n<p>20. Oktober 2022 bis 26. Januar 2023<\/p>\n<p>Auch dieses Semester wird die &#8222;Schreibwerkstatt E-Technik&#8220; f\u00fcr die Studierenden der Fakult\u00e4t f\u00fcr Elektrotechnik und Informationstechnik angeboten. Das Angebot ist das Resultat der Kollaboration des Schreibzentrums am Sprachenzentrum, der Zentralen Studienberatung sowie der Fakult\u00e4t f\u00fcr Elektrotechnik und Informationstechnik der RWTH Aachen University.<\/p>\n<p>Studierende haben die M\u00f6glichkeit sich zu einem der beiden angebotenen Kurse anzumelden und somit ihre F\u00e4higkeiten im Verfassen von Studien- oder Abschlussarbeiten zu verbessern. Praxisnah werden notwendige Kenntnisse und Schreibstrategien vermittel . Au\u00dferdem kann eine individuelle Online-Schreibberatung in Anspruch genommen werden.<\/p>\n<p>Das Kursangebot richtet sich an alle Bachelor- und Masterstudierenden der Fakult\u00e4t Elektrotechnik und Informationstechnik, die eine Studien- oder Abschlussarbeit schreiben.<\/p>\n<p>&nbsp;<\/p>\n<p><strong>Termine<\/strong><\/p>\n<table>\n<tbody>\n<tr>\n<td width=\"120\"><strong>Gruppe 1<\/strong><br \/>\n02.54478<\/td>\n<td width=\"120\"><strong>Gruppe 2<\/strong><br \/>\n02.54479<\/td>\n<\/tr>\n<tr>\n<td width=\"120\">Do, 20.10.2022<br \/>\nDo, 10.11.2022<br \/>\nDo, 24.11.2022<br \/>\nDo, 08.12.2022<\/td>\n<td width=\"120\">Do, 17.11.2022<br \/>\nDo, 01.12.2022<br \/>\nDo, 12.01.2023<br \/>\nDo, 26.01.2023<\/td>\n<\/tr>\n<\/tbody>\n<\/table>\n<p>&nbsp;<\/p>\n<p><strong>Anmeldung<\/strong><\/p>\n<p>Anmeldefrist: 30. September bis 10. Oktober 2022<\/p>\n<p>Die Anmeldung erfolgt \u00fcber das <a href=\"https:\/\/verwaltung.sz.rwth-aachen.de\/st\/?hl=de\">Benutzerkonto<\/a> am Sprachenzentrum.<\/p>\n<p>Bei erfolgreicher Teilnahme erhalten die Studierenden ein Zertifikat und 3 CP, die f\u00fcr den Wahlpflichtbereich anrechenbar sind. Internationale Studierende m\u00fcssen als Teilnahmevoraussetzung ein Deutschniveau von mindestens C1.2 nachweisen.<\/p>\n<p>Kontakt f\u00fcr R\u00fcckfragen: <a href=\"mailto:schreibzentrum@sz.rwth-aachen.de\">schreibzentrum@sz.rwth-aachen.de<\/a><\/p>","protected":false},"excerpt":{"rendered":"<p>Kursangebot 20. Oktober 2022 bis 26. Januar 2023 Auch dieses Semester wird die &#8222;Schreibwerkstatt E-Technik&#8220; f\u00fcr die Studierenden der Fakult\u00e4t f\u00fcr Elektrotechnik und Informationstechnik angeboten. Das Angebot ist das Resultat [&hellip;]<\/p>\n","protected":false},"author":4047,"featured_media":0,"comment_status":"open","ping_status":"open","sticky":false,"template":"","format":"standard","meta":{"c2c_always_allow_admin_comments":false,"footnotes":""},"categories":[1,3],"tags":[],"class_list":["post-2612","post","type-post","status-publish","format-standard","hentry","category-allgemein","category-veranstaltungen"],"_links":{"self":[{"href":"https:\/\/blog.rwth-aachen.de\/elektrotechnik\/wp-json\/wp\/v2\/posts\/2612","targetHints":{"allow":["GET"]}}],"collection":[{"href":"https:\/\/blog.rwth-aachen.de\/elektrotechnik\/wp-json\/wp\/v2\/posts"}],"about":[{"href":"https:\/\/blog.rwth-aachen.de\/elektrotechnik\/wp-json\/wp\/v2\/types\/post"}],"author":[{"embeddable":true,"href":"https:\/\/blog.rwth-aachen.de\/elektrotechnik\/wp-json\/wp\/v2\/users\/4047"}],"replies":[{"embeddable":true,"href":"https:\/\/blog.rwth-aachen.de\/elektrotechnik\/wp-json\/wp\/v2\/comments?post=2612"}],"version-history":[{"count":7,"href":"https:\/\/blog.rwth-aachen.de\/elektrotechnik\/wp-json\/wp\/v2\/posts\/2612\/revisions"}],"predecessor-version":[{"id":2620,"href":"https:\/\/blog.rwth-aachen.de\/elektrotechnik\/wp-json\/wp\/v2\/posts\/2612\/revisions\/2620"}],"wp:attachment":[{"href":"https:\/\/blog.rwth-aachen.de\/elektrotechnik\/wp-json\/wp\/v2\/media?parent=2612"}],"wp:term":[{"taxonomy":"category","embeddable":true,"href":"https:\/\/blog.rwth-aachen.de\/elektrotechnik\/wp-json\/wp\/v2\/categories?post=2612"},{"taxonomy":"post_tag","embeddable":true,"href":"https:\/\/blog.rwth-aachen.de\/elektrotechnik\/wp-json\/wp\/v2\/tags?post=2612"}],"curies":[{"name":"wp","href":"https:\/\/api.w.org\/{rel}","templated":true}]}}