{"id":2954,"date":"2023-06-16T09:54:44","date_gmt":"2023-06-16T07:54:44","guid":{"rendered":"https:\/\/blog.rwth-aachen.de\/elektrotechnik\/?p=2954"},"modified":"2023-07-07T13:34:52","modified_gmt":"2023-07-07T11:34:52","slug":"klimaschutz-durch-elektrotechnik-professor-dirk-uwe-sauers-vorlesung-in-der-kinderuni","status":"publish","type":"post","link":"https:\/\/blog.rwth-aachen.de\/elektrotechnik\/klimaschutz-durch-elektrotechnik-professor-dirk-uwe-sauers-vorlesung-in-der-kinderuni\/","title":{"rendered":"Klimaschutz durch Elektrotechnik &#8211; Professor Dirk Uwe Sauers Vorlesung in der Kinderuni"},"content":{"rendered":"<div class=\"twoclick_social_bookmarks_post_2954 social_share_privacy clearfix 1.6.4 locale-de_DE sprite-de_DE\"><\/div><div class=\"twoclick-js\"><script type=\"text\/javascript\">\/* <![CDATA[ *\/\njQuery(document).ready(function($){if($('.twoclick_social_bookmarks_post_2954')){$('.twoclick_social_bookmarks_post_2954').socialSharePrivacy({\"services\":{\"facebook\":{\"status\":\"on\",\"txt_info\":\"2 Klicks f\\u00fcr mehr Datenschutz: Erst wenn Sie hier klicken, wird der Button aktiv und Sie k\\u00f6nnen Ihre Empfehlung an Facebook senden. Schon beim Aktivieren werden Daten an Dritte \\u00fcbertragen - siehe <em>i<\\\/em>.\",\"perma_option\":\"off\",\"action\":\"recommend\",\"language\":\"de_DE\"}},\"txt_help\":\"Wenn Sie diese Felder durch einen Klick aktivieren, werden Informationen an Facebook, Twitter, Flattr, Xing, t3n, LinkedIn, Pinterest oder Google eventuell ins Ausland \\u00fcbertragen und unter Umst\\u00e4nden auch dort gespeichert. N\\u00e4heres erfahren Sie durch einen Klick auf das <em>i<\\\/em>.\",\"settings_perma\":\"Dauerhaft aktivieren und Daten\\u00fcber-tragung zustimmen:\",\"info_link\":\"http:\\\/\\\/www.heise.de\\\/ct\\\/artikel\\\/2-Klicks-fuer-mehr-Datenschutz-1333879.html\",\"uri\":\"https:\\\/\\\/blog.rwth-aachen.de\\\/elektrotechnik\\\/klimaschutz-durch-elektrotechnik-professor-dirk-uwe-sauers-vorlesung-in-der-kinderuni\\\/\",\"post_id\":2954,\"post_title_referrer_track\":\"Klimaschutz+durch+Elektrotechnik+%26%238211%3B+Professor+Dirk+Uwe+Sauers+Vorlesung+in+der+Kinderuni\",\"display_infobox\":\"on\"});}});\n\/* ]]> *\/<\/script><\/div><p><div id=\"attachment_2955\" style=\"width: 1034px\" class=\"wp-caption aligncenter\"><img loading=\"lazy\" decoding=\"async\" aria-describedby=\"caption-attachment-2955\" class=\"wp-image-2955 size-large\" src=\"https:\/\/blog.rwth-aachen.de\/elektrotechnik\/files\/2023\/06\/Kinderuni-1024x733.jpeg\" alt=\"Kinder im H\u00f6rsaal\" width=\"1024\" height=\"733\" srcset=\"https:\/\/blog.rwth-aachen.de\/elektrotechnik\/files\/2023\/06\/Kinderuni-1024x733.jpeg 1024w, https:\/\/blog.rwth-aachen.de\/elektrotechnik\/files\/2023\/06\/Kinderuni-300x215.jpeg 300w, https:\/\/blog.rwth-aachen.de\/elektrotechnik\/files\/2023\/06\/Kinderuni-768x550.jpeg 768w, https:\/\/blog.rwth-aachen.de\/elektrotechnik\/files\/2023\/06\/Kinderuni-1536x1099.jpeg 1536w, https:\/\/blog.rwth-aachen.de\/elektrotechnik\/files\/2023\/06\/Kinderuni-2048x1466.jpeg 2048w\" sizes=\"auto, (max-width: 1024px) 100vw, 1024px\" \/><p id=\"caption-attachment-2955\" class=\"wp-caption-text\">Kinder im H\u00f6rsaal. \u00a9RWTH Aachen University<\/p><\/div><\/p>\n<h4><span style=\"color: #00549f;\">Der Klimawandel ist kein Zukunftsszenario mehr, sondern eine Realit\u00e4t, die uns alle betrifft. Ob D\u00fcrre, Hochwasser oder Waldbr\u00e4nde \u2013 die Folgen der globalen Erw\u00e4rmung sind dramatisch f\u00fcr die Natur und die Menschen. Besonders hart trifft es die L\u00e4nder des globalen S\u00fcdens, aber auch bei uns sind die Auswirkungen sp\u00fcrbar. Das haben wir sp\u00e4testens beim verheerenden Hochwasser im Juli 2021 erlebt.<\/span><\/h4>\n<p>Deshalb m\u00fcssen wir uns dringend mit dem Thema Klimawandel auseinandersetzen. Das macht auch Dirk Uwe Sauer, Professor f\u00fcr Elektrochemische Energiewandlung und Speichersystemtechnik an der RWTH Aachen. Er forscht seit \u00fcber 30 Jahren an neuen Energiesystemen und ber\u00e4t die Politik bei der Energiewende.<\/p>\n<blockquote><p>\u201eWir sehen an allen Stellen, dass der Klimawandel stattfindet \u2013 mit vielen negativen Folgen. Und wir brauchen dringend einen Umbruch in der Art und Weise, wie wir uns bisher mit Energie versorgt haben.\u201c<\/p><\/blockquote>\n<p>Das betrifft nicht nur uns Erwachsene, sondern vor allem die Kinder und Jugendlichen von heute. Sie werden mit den Einschr\u00e4nkungen leben m\u00fcssen, die der Klimawandel mit sich bringt. \u201eIch glaube, man sollte auch nicht untersch\u00e4tzen, was die Kinder alles so wissen und was sie alles so k\u00f6nnen.\u201c, sagt Professor Sauer.<\/p>\n<h4>Es ist noch nicht zu sp\u00e4t etwas zu ver\u00e4ndern<\/h4>\n<p>Der Physiker erkl\u00e4rte in seiner Vorlesung nicht nur die Gefahren des Klimawandels, sondern auch die n\u00f6tigen Ver\u00e4nderungen verst\u00e4ndlich machen. Er zeigte mit verschiedenen Materialien wie Videos, Folien und interaktiven Darstellungen die physikalischen Grundlagen und die M\u00f6glichkeiten durch rechtzeitiges Handeln: \u201eIch will auch den Optimismus verbreiten und aufzeigen, dass es auch besser werden kann, als es aktuell der Fall ist. Denn wenn wir noch das Ruder rechtzeitig in die Hand nehmen, dann haben wir noch die M\u00f6glichkeit, Schlimmeres zu vermeiden.\u201c Daf\u00fcr muss die Gesellschaft aber ihre Angst vor neuen Technologien \u00fcberwinden. Der Professor meinte, dass zu viel \u00fcber die Risiken geredet wird, statt die Chancen zu sehen. \u201eUnd das k\u00f6nnen wir uns auch schlicht jetzt nicht mehr leisten.\u201c Ein Urteil des Bundesverfassungsgerichts aus dem Jahr 2021 hat die Politik und damit die Bev\u00f6lkerung zum schnelleren Handeln verpflichtet. Je langsamer Fortschritte gemacht werden, desto mehr werden die Lebensbedingungen der n\u00e4chsten Generationen eingeschr\u00e4nkt. Deshalb hat die vorherige Bundesregierung die Klimaschutzziele und das Klimaschutzgesetz versch\u00e4rft. \u201eWir haben die M\u00f6glichkeit, diese Ziele zu erreichen. Wir haben die notwendigen Technologien, um alle acht Milliarden Menschen auf der Welt ordentlich mit erneuerbaren Energien zu versorgen.\u201c, sagte Sauer.<\/p>\n<p>Der Klimawandel ist ein wichtiges Thema, das uns alle angeht. Aber was bedeutet er eigentlich und wie k\u00f6nnen wir ihm entgegenwirken? Das hat Professor Sauer den Kindern in seiner Vorlesung zur Kinderuni am 16. Juni 2023 erkl\u00e4rt. Er zeigte Ihnen, wie die Erde sich erw\u00e4rmt und welche Folgen das f\u00fcr die Natur und die Menschen hat. Zudem stellte er auch L\u00f6sungen vor, wie wir mit erneuerbaren Energien und neuen Technologien das Klima sch\u00fctzen k\u00f6nnen. Zum Beispiel mit Solarzellen, die Strom aus Sonnenlicht erzeugen, oder mit Elektroautos, die keine Abgase aussto\u00dfen. Professor Sauer zeigte den Kindern aber nicht nur die Probleme des Klimawandels auf, sondern auch die Chancen, die sich daraus ergeben. Er vermittelte Ihnen, dass wir mit unserer Energieversorgung nicht nur das Klima beeinflussen, sondern auch die Artenvielfalt f\u00f6rdern k\u00f6nnen.<\/p>\n<blockquote><p>\u201eIch m\u00f6chte den Kindern gerne aufzeigen, dass beispielsweise gro\u00dfe Photovoltaikanlagen auf freien Feldern eben nicht nur Strom erzeugen, sondern auch Raum f\u00fcr extensive Landwirtschaft schaffen, f\u00fcr Insekten, die dort wieder leben und sich entfalten k\u00f6nnen.\u201c<\/p><\/blockquote>\n<p>Der Klimawandel ist eine gro\u00dfe Herausforderung, die wir nur gemeinsam bew\u00e4ltigen k\u00f6nnen. Daf\u00fcr brauchen wir ein Bewusstsein f\u00fcr die Zusammenh\u00e4nge zwischen Energie und Umwelt, das schon bei den Kindern beginnt. Ein weiteres Ziel der Kinderuni-Veranstaltung war es, die Kinder f\u00fcr naturwissenschaftliche Themen zu begeistern. \u201eDie Physik hat den gro\u00dfen Vorteil, dass sie sehr plastisch Dinge veranschaulichen und eben auch Zusammenh\u00e4nge darstellen kann\u201c, sagte Sauer. Mit einfachen Mitteln zeigte Professor Sauer, wo die Forschung ansetzt und welche M\u00f6glichkeiten sich durch technischen Fortschritt ergeben kann.<\/p>\n<p>Quelle: Aachener Zeitung, 16. Juni 2023<\/p>","protected":false},"excerpt":{"rendered":"<p>Der Klimawandel ist kein Zukunftsszenario mehr, sondern eine Realit\u00e4t, die uns alle betrifft. Ob D\u00fcrre, Hochwasser oder Waldbr\u00e4nde \u2013 die Folgen der globalen Erw\u00e4rmung sind dramatisch f\u00fcr die Natur und [&hellip;]<\/p>\n","protected":false},"author":4757,"featured_media":0,"comment_status":"open","ping_status":"open","sticky":false,"template":"","format":"standard","meta":{"c2c_always_allow_admin_comments":false,"footnotes":""},"categories":[1,7,12,3],"tags":[53,38,84,37,78,61],"class_list":["post-2954","post","type-post","status-publish","format-standard","hentry","category-allgemein","category-energie-und-umwelt","category-schuelerinnen-studieninteressierte","category-veranstaltungen","tag-elektrotechnik","tag-energiewende","tag-isea","tag-prof-sauer","tag-rwth","tag-zukunft"],"_links":{"self":[{"href":"https:\/\/blog.rwth-aachen.de\/elektrotechnik\/wp-json\/wp\/v2\/posts\/2954","targetHints":{"allow":["GET"]}}],"collection":[{"href":"https:\/\/blog.rwth-aachen.de\/elektrotechnik\/wp-json\/wp\/v2\/posts"}],"about":[{"href":"https:\/\/blog.rwth-aachen.de\/elektrotechnik\/wp-json\/wp\/v2\/types\/post"}],"author":[{"embeddable":true,"href":"https:\/\/blog.rwth-aachen.de\/elektrotechnik\/wp-json\/wp\/v2\/users\/4757"}],"replies":[{"embeddable":true,"href":"https:\/\/blog.rwth-aachen.de\/elektrotechnik\/wp-json\/wp\/v2\/comments?post=2954"}],"version-history":[{"count":18,"href":"https:\/\/blog.rwth-aachen.de\/elektrotechnik\/wp-json\/wp\/v2\/posts\/2954\/revisions"}],"predecessor-version":[{"id":3013,"href":"https:\/\/blog.rwth-aachen.de\/elektrotechnik\/wp-json\/wp\/v2\/posts\/2954\/revisions\/3013"}],"wp:attachment":[{"href":"https:\/\/blog.rwth-aachen.de\/elektrotechnik\/wp-json\/wp\/v2\/media?parent=2954"}],"wp:term":[{"taxonomy":"category","embeddable":true,"href":"https:\/\/blog.rwth-aachen.de\/elektrotechnik\/wp-json\/wp\/v2\/categories?post=2954"},{"taxonomy":"post_tag","embeddable":true,"href":"https:\/\/blog.rwth-aachen.de\/elektrotechnik\/wp-json\/wp\/v2\/tags?post=2954"}],"curies":[{"name":"wp","href":"https:\/\/api.w.org\/{rel}","templated":true}]}}