{"id":3231,"date":"2023-09-14T12:02:09","date_gmt":"2023-09-14T10:02:09","guid":{"rendered":"https:\/\/blog.rwth-aachen.de\/elektrotechnik\/?p=3231"},"modified":"2023-09-15T13:21:16","modified_gmt":"2023-09-15T11:21:16","slug":"schreibwerkstatt-e-technik-wintersemerster-2023-24","status":"publish","type":"post","link":"https:\/\/blog.rwth-aachen.de\/elektrotechnik\/schreibwerkstatt-e-technik-wintersemerster-2023-24\/","title":{"rendered":"Schreibwerkstatt E-Technik Wintersemester 2023\/24"},"content":{"rendered":"<div class=\"twoclick_social_bookmarks_post_3231 social_share_privacy clearfix 1.6.4 locale-de_DE sprite-de_DE\"><\/div><div class=\"twoclick-js\"><script type=\"text\/javascript\">\/* <![CDATA[ *\/\njQuery(document).ready(function($){if($('.twoclick_social_bookmarks_post_3231')){$('.twoclick_social_bookmarks_post_3231').socialSharePrivacy({\"services\":{\"facebook\":{\"status\":\"on\",\"txt_info\":\"2 Klicks f\\u00fcr mehr Datenschutz: Erst wenn Sie hier klicken, wird der Button aktiv und Sie k\\u00f6nnen Ihre Empfehlung an Facebook senden. Schon beim Aktivieren werden Daten an Dritte \\u00fcbertragen - siehe <em>i<\\\/em>.\",\"perma_option\":\"off\",\"action\":\"recommend\",\"language\":\"de_DE\"}},\"txt_help\":\"Wenn Sie diese Felder durch einen Klick aktivieren, werden Informationen an Facebook, Twitter, Flattr, Xing, t3n, LinkedIn, Pinterest oder Google eventuell ins Ausland \\u00fcbertragen und unter Umst\\u00e4nden auch dort gespeichert. N\\u00e4heres erfahren Sie durch einen Klick auf das <em>i<\\\/em>.\",\"settings_perma\":\"Dauerhaft aktivieren und Daten\\u00fcber-tragung zustimmen:\",\"info_link\":\"http:\\\/\\\/www.heise.de\\\/ct\\\/artikel\\\/2-Klicks-fuer-mehr-Datenschutz-1333879.html\",\"uri\":\"https:\\\/\\\/blog.rwth-aachen.de\\\/elektrotechnik\\\/schreibwerkstatt-e-technik-wintersemerster-2023-24\\\/\",\"post_id\":3231,\"post_title_referrer_track\":\"Schreibwerkstatt+E-Technik+Wintersemester+2023%2F24\",\"display_infobox\":\"on\"});}});\n\/* ]]> *\/<\/script><\/div><p><div id=\"attachment_3282\" style=\"width: 1290px\" class=\"wp-caption aligncenter\"><img loading=\"lazy\" decoding=\"async\" aria-describedby=\"caption-attachment-3282\" class=\"wp-image-3282 size-full\" src=\"https:\/\/blog.rwth-aachen.de\/elektrotechnik\/files\/2023\/09\/ARB_0029_digital_rgb.jpeg\" alt=\"H\u00e4nde am Laptop.\" width=\"1280\" height=\"853\" srcset=\"https:\/\/blog.rwth-aachen.de\/elektrotechnik\/files\/2023\/09\/ARB_0029_digital_rgb.jpeg 1280w, https:\/\/blog.rwth-aachen.de\/elektrotechnik\/files\/2023\/09\/ARB_0029_digital_rgb-300x200.jpeg 300w, https:\/\/blog.rwth-aachen.de\/elektrotechnik\/files\/2023\/09\/ARB_0029_digital_rgb-1024x682.jpeg 1024w, https:\/\/blog.rwth-aachen.de\/elektrotechnik\/files\/2023\/09\/ARB_0029_digital_rgb-768x512.jpeg 768w\" sizes=\"auto, (max-width: 1280px) 100vw, 1280px\" \/><p id=\"caption-attachment-3282\" class=\"wp-caption-text\">\u00a9 Martin Braun<\/p><\/div><\/p>\n<p><span style=\"color: #00549f;\"><strong>Ihr studiert ein Bachelor- oder Masterfach der Fakult\u00e4t f\u00fcr Elektrotechnik und Informationstechnik? Die Studien- oder Abschlussarbeit steht nun bevor? Dann holt euch die Unterst\u00fctzung der Schreibwerkstatt und profitiert gleich doppelt!<\/strong><\/span><\/p>\n<p>Der Semesterkurs in Pr\u00e4senz st\u00e4rkt mit qualifizierter Schreibberatung die fachspezifische Schreib- und Textkompetenz. Praxisnah und auf der Basis von Textbeispielen aus der Elektro- und Informationstechnik werden Workshops angeboten, die Know-how zum Textaufbau, zu Sprache, Stil und Zitation vermitteln. Das Online-Expertenfeedback in der Schreibberatung hilft dabei, das im Kurs Gelernte individuell auf die aktuelle Projekt- oder Abschlussarbeit zu \u00fcbertragen. Auch die freiwillige Teilnahme an einem Einf\u00fchrungskurs zur technischen Fachrecherche der Universit\u00e4tsbibliothek wird im Rahmen des Kurses angeboten.<\/p>\n<p>Nach erfolgreicher Teilnahme vergibt die Schreibwerkstatt ein Zertifikat und 3 CP, die nach Ma\u00dfgabe der jeweiligen Pr\u00fcfungsordnung anrechenbar sind.<\/p>\n<p>Internationale Studierende m\u00fcssen als Teilnahmevoraussetzung f\u00fcr den Kurs ein Deutschniveau von mindestens C1.2 nachweisen.<br \/>\nDie Anmeldung erfolgt \u00fcber das <a href=\"https:\/\/verwaltung.sz.rwth-aachen.de\/st\/\">Benutzerkonto<\/a> am Sprachenzentrum.<\/p>\n<p>Anmeldefrist: 29. September bis 10. Oktober 2023<br \/>\nTermine:<\/p>\n<table>\n<tbody>\n<tr>\n<td width=\"120\">Gruppe 1<br \/>\n02.54478<\/td>\n<td width=\"120\">Gruppe 2<br \/>\n02.54479<\/td>\n<\/tr>\n<tr>\n<td width=\"120\">\nMi, 08.11.2023<br \/>\nMi, 22.11.2023<br \/>\nMi, 06.12.2023<br \/>\nMi, 10.01.2024<\/p>\n<p>jeweils von 09.00 bis 12.00 Uhr<\/td>\n<td width=\"120\">\nMi, 15.11.2023<br \/>\nMi,\u00a029.11.2023<br \/>\nMi,\u00a013.12.2023<br \/>\nMi, 17.01.2024<\/p>\n<p>jeweils von 09.00 bis 12.00 Uhr<\/td>\n<\/tr>\n<\/tbody>\n<\/table>\n<hr \/>\n<p>Kontakt bei R\u00fcckfragen: <a href=\"mailto:schreibzentrum@sz.rwth-aachen.de\">schreibzentrum@sz.rwth-aachen.de<\/a><\/p>","protected":false},"excerpt":{"rendered":"<p>Ihr studiert ein Bachelor- oder Masterfach der Fakult\u00e4t f\u00fcr Elektrotechnik und Informationstechnik? Die Studien- oder Abschlussarbeit steht nun bevor? Dann holt euch die Unterst\u00fctzung der Schreibwerkstatt und profitiert gleich doppelt! [&hellip;]<\/p>\n","protected":false},"author":4543,"featured_media":0,"comment_status":"open","ping_status":"open","sticky":false,"template":"","format":"standard","meta":{"c2c_always_allow_admin_comments":false,"footnotes":""},"categories":[1,7,8,9,10,11,83,3],"tags":[],"class_list":["post-3231","post","type-post","status-publish","format-standard","hentry","category-allgemein","category-energie-und-umwelt","category-information-kommunikation-und-elektronik","category-informationstechnische-systeme","category-medizintechnik","category-mikro-und-nanoeletronik","category-organisatorisches","category-veranstaltungen"],"_links":{"self":[{"href":"https:\/\/blog.rwth-aachen.de\/elektrotechnik\/wp-json\/wp\/v2\/posts\/3231","targetHints":{"allow":["GET"]}}],"collection":[{"href":"https:\/\/blog.rwth-aachen.de\/elektrotechnik\/wp-json\/wp\/v2\/posts"}],"about":[{"href":"https:\/\/blog.rwth-aachen.de\/elektrotechnik\/wp-json\/wp\/v2\/types\/post"}],"author":[{"embeddable":true,"href":"https:\/\/blog.rwth-aachen.de\/elektrotechnik\/wp-json\/wp\/v2\/users\/4543"}],"replies":[{"embeddable":true,"href":"https:\/\/blog.rwth-aachen.de\/elektrotechnik\/wp-json\/wp\/v2\/comments?post=3231"}],"version-history":[{"count":59,"href":"https:\/\/blog.rwth-aachen.de\/elektrotechnik\/wp-json\/wp\/v2\/posts\/3231\/revisions"}],"predecessor-version":[{"id":3305,"href":"https:\/\/blog.rwth-aachen.de\/elektrotechnik\/wp-json\/wp\/v2\/posts\/3231\/revisions\/3305"}],"wp:attachment":[{"href":"https:\/\/blog.rwth-aachen.de\/elektrotechnik\/wp-json\/wp\/v2\/media?parent=3231"}],"wp:term":[{"taxonomy":"category","embeddable":true,"href":"https:\/\/blog.rwth-aachen.de\/elektrotechnik\/wp-json\/wp\/v2\/categories?post=3231"},{"taxonomy":"post_tag","embeddable":true,"href":"https:\/\/blog.rwth-aachen.de\/elektrotechnik\/wp-json\/wp\/v2\/tags?post=3231"}],"curies":[{"name":"wp","href":"https:\/\/api.w.org\/{rel}","templated":true}]}}