{"id":3292,"date":"2023-09-15T13:33:19","date_gmt":"2023-09-15T11:33:19","guid":{"rendered":"https:\/\/blog.rwth-aachen.de\/elektrotechnik\/?p=3292"},"modified":"2023-09-19T09:44:24","modified_gmt":"2023-09-19T07:44:24","slug":"intspire-der-preis-fuer-internationalisierung-an-der-rwth","status":"publish","type":"post","link":"https:\/\/blog.rwth-aachen.de\/elektrotechnik\/intspire-der-preis-fuer-internationalisierung-an-der-rwth\/","title":{"rendered":"IntSpire &#8211; der Preis f\u00fcr Internationalisierung an der RWTH"},"content":{"rendered":"<div class=\"twoclick_social_bookmarks_post_3292 social_share_privacy clearfix 1.6.4 locale-de_DE sprite-de_DE\"><\/div><div class=\"twoclick-js\"><script type=\"text\/javascript\">\/* <![CDATA[ *\/\njQuery(document).ready(function($){if($('.twoclick_social_bookmarks_post_3292')){$('.twoclick_social_bookmarks_post_3292').socialSharePrivacy({\"services\":{\"facebook\":{\"status\":\"on\",\"txt_info\":\"2 Klicks f\\u00fcr mehr Datenschutz: Erst wenn Sie hier klicken, wird der Button aktiv und Sie k\\u00f6nnen Ihre Empfehlung an Facebook senden. Schon beim Aktivieren werden Daten an Dritte \\u00fcbertragen - siehe <em>i<\\\/em>.\",\"perma_option\":\"off\",\"action\":\"recommend\",\"language\":\"de_DE\"}},\"txt_help\":\"Wenn Sie diese Felder durch einen Klick aktivieren, werden Informationen an Facebook, Twitter, Flattr, Xing, t3n, LinkedIn, Pinterest oder Google eventuell ins Ausland \\u00fcbertragen und unter Umst\\u00e4nden auch dort gespeichert. N\\u00e4heres erfahren Sie durch einen Klick auf das <em>i<\\\/em>.\",\"settings_perma\":\"Dauerhaft aktivieren und Daten\\u00fcber-tragung zustimmen:\",\"info_link\":\"http:\\\/\\\/www.heise.de\\\/ct\\\/artikel\\\/2-Klicks-fuer-mehr-Datenschutz-1333879.html\",\"uri\":\"https:\\\/\\\/blog.rwth-aachen.de\\\/elektrotechnik\\\/intspire-der-preis-fuer-internationalisierung-an-der-rwth\\\/\",\"post_id\":3292,\"post_title_referrer_track\":\"IntSpire+%26%238211%3B+der+Preis+f%C3%BCr+Internationalisierung+an+der+RWTH\",\"display_infobox\":\"on\"});}});\n\/* ]]> *\/<\/script><\/div><p><div id=\"attachment_3298\" style=\"width: 982px\" class=\"wp-caption aligncenter\"><img loading=\"lazy\" decoding=\"async\" aria-describedby=\"caption-attachment-3298\" class=\"wp-image-3298 size-full\" src=\"https:\/\/blog.rwth-aachen.de\/elektrotechnik\/files\/2023\/09\/show_picture.jpeg\" alt=\"Drei Personen in triumphierender Pose, die Auszeichnungen haltend auf der B\u00fchne. \" width=\"972\" height=\"648\" srcset=\"https:\/\/blog.rwth-aachen.de\/elektrotechnik\/files\/2023\/09\/show_picture.jpeg 972w, https:\/\/blog.rwth-aachen.de\/elektrotechnik\/files\/2023\/09\/show_picture-300x200.jpeg 300w, https:\/\/blog.rwth-aachen.de\/elektrotechnik\/files\/2023\/09\/show_picture-768x512.jpeg 768w\" sizes=\"auto, (max-width: 972px) 100vw, 972px\" \/><p id=\"caption-attachment-3298\" class=\"wp-caption-text\">Preisverleihung IntSpire 2022 \u00a9 Heike Lachmann<\/p><\/div><\/p>\n<p><span style=\"color: #00549f;\"><strong>Kreativit\u00e4t, Diversit\u00e4t und Internationalit\u00e4t sind die Bausteine exzellenter L\u00f6sungen f\u00fcr die globalen Herausforderungen unserer Zeit. <\/strong><\/span><\/p>\n<p>Um Menschen und Einrichtungen innerhalb der RWTH Aachen sichtbar zu machen und zu w\u00fcrdigen, die einen au\u00dfergew\u00f6hnlichen Beitrag f\u00fcr die Internationalisierung der Hochschule leisten, wurde der Preis \u201eIntSpire\u201c im Jahr 2020 vom International Office und der Prorektorin f\u00fcr Internationales ins Leben gerufen und seither j\u00e4hrlich im festlichen Rahmen und mit einem Preisgeld von 500 Euro vergeben.<\/p>\n<p>Die Internationalisierung zieht sich durch alle Ebenen unserer Hochschule und ver\u00e4ndert diese weitreichend und nachhaltig. Sie \u00f6ffnet die Grenzen des eigenen Horizonts und ist entscheidend f\u00fcr die Bildung, Lehre, Forschung und die Zukunft unserer Gesellschaft.<br \/>\nUm die diversen Facetten der gelebten Internationalisierung an der RWTH zu f\u00f6rdern und voran zu treiben, engagieren sich viele Personen und Einrichtungen \u00fcber das normale Ma\u00df hinaus.<\/p>\n<p>Vor diesem Hintergrund ruft das Team IntSpire dazu auf, Vorschl\u00e4ge zur Ehrung aus dem Kreis der RWTH-Angeh\u00f6rigen zu unterbreiten. Dabei kann es sich um Einzelpersonen handeln wie Besch\u00e4ftigte und Studierende, aber auch um Organisationen, Einrichtungen und Institute, die sich in besonderem Ma\u00dfe f\u00fcr die Internationalisierung der RWTH einsetzen. W\u00e4hrend der Vorschlagsphase vom 1. September bis 15. Oktober kann ein entsprechender Vorschlagsvordruck ausgef\u00fcllt und per E-Mail eingereicht werden. Aus den eingegangenen und schriftlich begr\u00fcndeten Vorschl\u00e4gen w\u00e4hlt eine Jury, bestehend aus Vertretenden der Hochschulleitung, der Professorenschaft, des International Office, des Personalrats f\u00fcr Technik und Verwaltung, des Personalrats der wissenschaftlich Besch\u00e4ftigten und der Studierenden der RWTH Aachen, eine preistragende Person oder Einrichtung aus.<\/p>\n<hr \/>\n<p>Weitere Informationen sowie den Vorschlagsvordruck finden Sie auf der <a href=\"https:\/\/www.rwth-aachen.de\/cms\/root\/Die-RWTH\/Profil\/Internationalisierung\/~jqxco\/IntSpire-Internationalization-Inspirat\/\">offiziellen RWTH-Seite<\/a>.<\/p>","protected":false},"excerpt":{"rendered":"<p>Kreativit\u00e4t, Diversit\u00e4t und Internationalit\u00e4t sind die Bausteine exzellenter L\u00f6sungen f\u00fcr die globalen Herausforderungen unserer Zeit. Um Menschen und Einrichtungen innerhalb der RWTH Aachen sichtbar zu machen und zu w\u00fcrdigen, die [&hellip;]<\/p>\n","protected":false},"author":4543,"featured_media":0,"comment_status":"open","ping_status":"open","sticky":false,"template":"","format":"standard","meta":{"c2c_always_allow_admin_comments":false,"footnotes":""},"categories":[1,4,3],"tags":[],"class_list":["post-3292","post","type-post","status-publish","format-standard","hentry","category-allgemein","category-auszeichnungen","category-veranstaltungen"],"_links":{"self":[{"href":"https:\/\/blog.rwth-aachen.de\/elektrotechnik\/wp-json\/wp\/v2\/posts\/3292","targetHints":{"allow":["GET"]}}],"collection":[{"href":"https:\/\/blog.rwth-aachen.de\/elektrotechnik\/wp-json\/wp\/v2\/posts"}],"about":[{"href":"https:\/\/blog.rwth-aachen.de\/elektrotechnik\/wp-json\/wp\/v2\/types\/post"}],"author":[{"embeddable":true,"href":"https:\/\/blog.rwth-aachen.de\/elektrotechnik\/wp-json\/wp\/v2\/users\/4543"}],"replies":[{"embeddable":true,"href":"https:\/\/blog.rwth-aachen.de\/elektrotechnik\/wp-json\/wp\/v2\/comments?post=3292"}],"version-history":[{"count":11,"href":"https:\/\/blog.rwth-aachen.de\/elektrotechnik\/wp-json\/wp\/v2\/posts\/3292\/revisions"}],"predecessor-version":[{"id":3306,"href":"https:\/\/blog.rwth-aachen.de\/elektrotechnik\/wp-json\/wp\/v2\/posts\/3292\/revisions\/3306"}],"wp:attachment":[{"href":"https:\/\/blog.rwth-aachen.de\/elektrotechnik\/wp-json\/wp\/v2\/media?parent=3292"}],"wp:term":[{"taxonomy":"category","embeddable":true,"href":"https:\/\/blog.rwth-aachen.de\/elektrotechnik\/wp-json\/wp\/v2\/categories?post=3292"},{"taxonomy":"post_tag","embeddable":true,"href":"https:\/\/blog.rwth-aachen.de\/elektrotechnik\/wp-json\/wp\/v2\/tags?post=3292"}],"curies":[{"name":"wp","href":"https:\/\/api.w.org\/{rel}","templated":true}]}}