{"id":805,"date":"2020-12-10T09:08:27","date_gmt":"2020-12-10T08:08:27","guid":{"rendered":"https:\/\/blog.rwth-aachen.de\/elektrotechnik\/?p=805"},"modified":"2020-12-10T09:08:36","modified_gmt":"2020-12-10T08:08:36","slug":"adventskalendertuerchen-nr-9","status":"publish","type":"post","link":"https:\/\/blog.rwth-aachen.de\/elektrotechnik\/adventskalendertuerchen-nr-9\/","title":{"rendered":"Adventskalendert\u00fcrchen Nr. 9"},"content":{"rendered":"<div class=\"twoclick_social_bookmarks_post_805 social_share_privacy clearfix 1.6.4 locale-de_DE sprite-de_DE\"><\/div><div class=\"twoclick-js\"><script type=\"text\/javascript\">\/* <![CDATA[ *\/\njQuery(document).ready(function($){if($('.twoclick_social_bookmarks_post_805')){$('.twoclick_social_bookmarks_post_805').socialSharePrivacy({\"services\":{\"facebook\":{\"status\":\"on\",\"txt_info\":\"2 Klicks f\\u00fcr mehr Datenschutz: Erst wenn Sie hier klicken, wird der Button aktiv und Sie k\\u00f6nnen Ihre Empfehlung an Facebook senden. Schon beim Aktivieren werden Daten an Dritte \\u00fcbertragen - siehe <em>i<\\\/em>.\",\"perma_option\":\"off\",\"action\":\"recommend\",\"language\":\"de_DE\"}},\"txt_help\":\"Wenn Sie diese Felder durch einen Klick aktivieren, werden Informationen an Facebook, Twitter, Flattr, Xing, t3n, LinkedIn, Pinterest oder Google eventuell ins Ausland \\u00fcbertragen und unter Umst\\u00e4nden auch dort gespeichert. N\\u00e4heres erfahren Sie durch einen Klick auf das <em>i<\\\/em>.\",\"settings_perma\":\"Dauerhaft aktivieren und Daten\\u00fcber-tragung zustimmen:\",\"info_link\":\"http:\\\/\\\/www.heise.de\\\/ct\\\/artikel\\\/2-Klicks-fuer-mehr-Datenschutz-1333879.html\",\"uri\":\"https:\\\/\\\/blog.rwth-aachen.de\\\/elektrotechnik\\\/adventskalendertuerchen-nr-9\\\/\",\"post_id\":805,\"post_title_referrer_track\":\"Adventskalendert%C3%BCrchen+Nr.+9\",\"display_infobox\":\"on\"});}});\n\/* ]]> *\/<\/script><\/div><p><img loading=\"lazy\" decoding=\"async\" class=\"wp-image-746 alignleft\" src=\"https:\/\/blog.rwth-aachen.de\/elektrotechnik\/files\/2020\/12\/Folie9-300x300.jpg\" alt=\"\" width=\"173\" height=\"173\" srcset=\"https:\/\/blog.rwth-aachen.de\/elektrotechnik\/files\/2020\/12\/Folie9-300x300.jpg 300w, https:\/\/blog.rwth-aachen.de\/elektrotechnik\/files\/2020\/12\/Folie9-1024x1024.jpg 1024w, https:\/\/blog.rwth-aachen.de\/elektrotechnik\/files\/2020\/12\/Folie9-150x150.jpg 150w, https:\/\/blog.rwth-aachen.de\/elektrotechnik\/files\/2020\/12\/Folie9-768x768.jpg 768w, https:\/\/blog.rwth-aachen.de\/elektrotechnik\/files\/2020\/12\/Folie9-50x50.jpg 50w, https:\/\/blog.rwth-aachen.de\/elektrotechnik\/files\/2020\/12\/Folie9.jpg 1134w\" sizes=\"auto, (max-width: 173px) 100vw, 173px\" \/><\/p>\n<p>Der Tag der Elektrotechnik und Informationstechnik ist seit 1999 der Tag der Begegnung aller Fakult\u00e4tsangeh\u00f6rigen, Studierenden und Projektpartnern und zugleich der feierliche Abschluss des Studiums f\u00fcr unsere Absolventen. Auch in diesem Jahr haben wir es geschafft zusammenzukommen &#8211; diesmal jedoch virtuell.<br \/>\nDoch auch ein virtuelles Event ist mit viel Vorbereitung verbunden, vor allem, wenn es gem\u00e4\u00df der geltenden Hygieneregelungen gestaltet wird.<\/p>\n<p>Wir gew\u00e4hren heute einen (winzig) kleinen Einblick hinter die Kulissen des Tags der Elektrotechnik und Informationstechnik und m\u00f6chten euch zeigen, wie unsere Moderation, unsere Vortragenden und unsere Technik von verschiedenen Orten aus zusammengearbeitet haben, um euch durch das Event zu f\u00fchren.<br \/>\nAn dieser Stelle m\u00f6chten wir uns vor allem auch f\u00fcr den Einsatz aller Unterst\u00fctzer bedanken, die nicht auf diesen Fotos zu sehen sind.<\/p>\n<div id=\"attachment_809\" style=\"width: 460px\" class=\"wp-caption aligncenter\"><img loading=\"lazy\" decoding=\"async\" aria-describedby=\"caption-attachment-809\" class=\"wp-image-809\" src=\"https:\/\/blog.rwth-aachen.de\/elektrotechnik\/files\/2020\/12\/DSC_3203_DxO-1-300x200.jpg\" alt=\"Behind the Scenes TDEI\" width=\"450\" height=\"299\" srcset=\"https:\/\/blog.rwth-aachen.de\/elektrotechnik\/files\/2020\/12\/DSC_3203_DxO-1-300x200.jpg 300w, https:\/\/blog.rwth-aachen.de\/elektrotechnik\/files\/2020\/12\/DSC_3203_DxO-1-1024x681.jpg 1024w, https:\/\/blog.rwth-aachen.de\/elektrotechnik\/files\/2020\/12\/DSC_3203_DxO-1-768x511.jpg 768w, https:\/\/blog.rwth-aachen.de\/elektrotechnik\/files\/2020\/12\/DSC_3203_DxO-1-1536x1022.jpg 1536w, https:\/\/blog.rwth-aachen.de\/elektrotechnik\/files\/2020\/12\/DSC_3203_DxO-1-2048x1363.jpg 2048w\" sizes=\"auto, (max-width: 450px) 100vw, 450px\" \/><p id=\"caption-attachment-809\" class=\"wp-caption-text\">Foto: Arno B\u00fccken<\/p><\/div>\n<p>&nbsp;<\/p>\n<div id=\"attachment_810\" style=\"width: 460px\" class=\"wp-caption aligncenter\"><img loading=\"lazy\" decoding=\"async\" aria-describedby=\"caption-attachment-810\" class=\"wp-image-810\" src=\"https:\/\/blog.rwth-aachen.de\/elektrotechnik\/files\/2020\/12\/DSC_3229_DxO-1-300x200.jpg\" alt=\"Behind the Scenes TDEI\" width=\"450\" height=\"299\" srcset=\"https:\/\/blog.rwth-aachen.de\/elektrotechnik\/files\/2020\/12\/DSC_3229_DxO-1-300x200.jpg 300w, https:\/\/blog.rwth-aachen.de\/elektrotechnik\/files\/2020\/12\/DSC_3229_DxO-1-1024x681.jpg 1024w, https:\/\/blog.rwth-aachen.de\/elektrotechnik\/files\/2020\/12\/DSC_3229_DxO-1-768x511.jpg 768w, https:\/\/blog.rwth-aachen.de\/elektrotechnik\/files\/2020\/12\/DSC_3229_DxO-1-1536x1022.jpg 1536w, https:\/\/blog.rwth-aachen.de\/elektrotechnik\/files\/2020\/12\/DSC_3229_DxO-1-2048x1363.jpg 2048w\" sizes=\"auto, (max-width: 450px) 100vw, 450px\" \/><p id=\"caption-attachment-810\" class=\"wp-caption-text\">Foto: Arno B\u00fccken<\/p><\/div>\n<p>&nbsp;<\/p>\n<p><div id=\"attachment_811\" style=\"width: 460px\" class=\"wp-caption aligncenter\"><img loading=\"lazy\" decoding=\"async\" aria-describedby=\"caption-attachment-811\" class=\"wp-image-811\" src=\"https:\/\/blog.rwth-aachen.de\/elektrotechnik\/files\/2020\/12\/DSC_3165_DxO-1-300x200.jpg\" alt=\"Behind the Scenes TDEI\" width=\"450\" height=\"299\" srcset=\"https:\/\/blog.rwth-aachen.de\/elektrotechnik\/files\/2020\/12\/DSC_3165_DxO-1-300x200.jpg 300w, https:\/\/blog.rwth-aachen.de\/elektrotechnik\/files\/2020\/12\/DSC_3165_DxO-1-1024x681.jpg 1024w, https:\/\/blog.rwth-aachen.de\/elektrotechnik\/files\/2020\/12\/DSC_3165_DxO-1-768x511.jpg 768w, https:\/\/blog.rwth-aachen.de\/elektrotechnik\/files\/2020\/12\/DSC_3165_DxO-1-1536x1022.jpg 1536w, https:\/\/blog.rwth-aachen.de\/elektrotechnik\/files\/2020\/12\/DSC_3165_DxO-1-2048x1362.jpg 2048w\" sizes=\"auto, (max-width: 450px) 100vw, 450px\" \/><p id=\"caption-attachment-811\" class=\"wp-caption-text\">Foto: Arno B\u00fccken<\/p><\/div><\/p>","protected":false},"excerpt":{"rendered":"<p>Der Tag der Elektrotechnik und Informationstechnik ist seit 1999 der Tag der Begegnung aller Fakult\u00e4tsangeh\u00f6rigen, Studierenden und Projektpartnern und zugleich der feierliche Abschluss des Studiums f\u00fcr unsere Absolventen. Auch in [&hellip;]<\/p>\n","protected":false},"author":2455,"featured_media":0,"comment_status":"open","ping_status":"open","sticky":false,"template":"","format":"standard","meta":{"c2c_always_allow_admin_comments":false,"footnotes":""},"categories":[57],"tags":[],"class_list":["post-805","post","type-post","status-publish","format-standard","hentry","category-adventskalender-2020"],"_links":{"self":[{"href":"https:\/\/blog.rwth-aachen.de\/elektrotechnik\/wp-json\/wp\/v2\/posts\/805","targetHints":{"allow":["GET"]}}],"collection":[{"href":"https:\/\/blog.rwth-aachen.de\/elektrotechnik\/wp-json\/wp\/v2\/posts"}],"about":[{"href":"https:\/\/blog.rwth-aachen.de\/elektrotechnik\/wp-json\/wp\/v2\/types\/post"}],"author":[{"embeddable":true,"href":"https:\/\/blog.rwth-aachen.de\/elektrotechnik\/wp-json\/wp\/v2\/users\/2455"}],"replies":[{"embeddable":true,"href":"https:\/\/blog.rwth-aachen.de\/elektrotechnik\/wp-json\/wp\/v2\/comments?post=805"}],"version-history":[{"count":7,"href":"https:\/\/blog.rwth-aachen.de\/elektrotechnik\/wp-json\/wp\/v2\/posts\/805\/revisions"}],"predecessor-version":[{"id":816,"href":"https:\/\/blog.rwth-aachen.de\/elektrotechnik\/wp-json\/wp\/v2\/posts\/805\/revisions\/816"}],"wp:attachment":[{"href":"https:\/\/blog.rwth-aachen.de\/elektrotechnik\/wp-json\/wp\/v2\/media?parent=805"}],"wp:term":[{"taxonomy":"category","embeddable":true,"href":"https:\/\/blog.rwth-aachen.de\/elektrotechnik\/wp-json\/wp\/v2\/categories?post=805"},{"taxonomy":"post_tag","embeddable":true,"href":"https:\/\/blog.rwth-aachen.de\/elektrotechnik\/wp-json\/wp\/v2\/tags?post=805"}],"curies":[{"name":"wp","href":"https:\/\/api.w.org\/{rel}","templated":true}]}}