{"id":293,"date":"2015-08-31T08:11:05","date_gmt":"2015-08-31T06:11:05","guid":{"rendered":"https:\/\/blog.rwth-aachen.de\/forschungsdaten\/?p=293"},"modified":"2023-05-22T13:23:19","modified_gmt":"2023-05-22T11:23:19","slug":"vortrag-und-diskussion-zum-forschungsdatenmanagement-an-der-rwth","status":"publish","type":"post","link":"https:\/\/blog.rwth-aachen.de\/forschungsdaten\/en\/2015\/08\/31\/vortrag-und-diskussion-zum-forschungsdatenmanagement-an-der-rwth\/","title":{"rendered":"Vortrag und Diskussion zum Forschungsdatenmanagement an der RWTH"},"content":{"rendered":"<p class=\"qtranxs-available-languages-message qtranxs-available-languages-message-en\">This entry is only available in <a href=\"https:\/\/blog.rwth-aachen.de\/forschungsdaten\/de\/wp-json\/wp\/v2\/posts\/293\" class=\"qtranxs-available-language-link qtranxs-available-language-link-de\" title=\"Deutsch\">Deutsch<\/a>.<\/p><p>Am 11. September berichtet Frau Professorin Sabine Roller vom Zentrum f\u00fcr Informations- und Medientechnologie der Universit\u00e4t Siegen \u00fcber &#8220;Forschungsdatenmanagement im Kooperationsverbund&#8221;. Anschlie\u00dfend findet ausgehend von dem <a href=\"https:\/\/blog.rwth-aachen.de\/forschungsdaten\/2015\/05\/07\/ag-forschungsdatenmanagement-an-der-rwth-2\/\" target=\"_blank\" rel=\"noopener noreferrer\">aktuellen Vorprojekt der RWTH<\/a> eine Diskussion zum Thema Forschungsdatenmanagement an der RWTH statt, zu dem alle Interessenten herzlich eingeladen sind. Die Vortragseinladung finden Sie <a href=\"https:\/\/blog.rwth-aachen.de\/forschungsdaten\/files\/2015\/08\/ERS-Vortragseinladung-Forschungsdatenmanagement_11.9.2015.pdf\" target=\"_blank\" rel=\"noopener noreferrer\">hier<\/a>.<\/p>\n<p>Weitere Informationen und Anmeldung bis zum 4. September 2015:<br \/>\nDr. Brigitte K\u00fcppers, <a href=\"http:\/\/www.rwth-aachen.de\/cms\/root\/Forschung\/Forschen_an_der_RWTH\/Angebote_fuer_Forschende\/ERS_Angebote\/~oro\/Ideengenerierung\/\" target=\"_blank\" rel=\"noopener noreferrer\">ERS-Forum<\/a>, Tel. 0241 80 96504, <a href=\"mailto:kueppers@ers.rwth-aachen.de\" target=\"_blank\" rel=\"noopener noreferrer\">kueppers@ers.rwth-aachen.de<\/a><\/p>","protected":false},"excerpt":{"rendered":"<p>This entry is only available in Deutsch.Am 11. September berichtet Frau Professorin Sabine Roller vom Zentrum f\u00fcr Informations- und Medientechnologie der Universit\u00e4t Siegen \u00fcber &#8220;Forschungsdatenmanagement im Kooperationsverbund&#8221;. Anschlie\u00dfend findet ausgehend [&hellip;]<\/p>\n","protected":false},"author":1740,"featured_media":0,"comment_status":"open","ping_status":"open","sticky":false,"template":"","format":"standard","meta":{"c2c_always_allow_admin_comments":false,"footnotes":""},"categories":[107],"tags":[48],"class_list":["post-293","post","type-post","status-publish","format-standard","hentry","category-informationen-beratung","tag-veranstaltung"],"aioseo_notices":[],"aioseo_head":"\n\t\t<!-- All in One SEO 4.9.8 - aioseo.com -->\n\t<meta name=\"description\" content=\"This entry is only available in Deutsch.Am 11. September berichtet Frau Professorin Sabine Roller vom Zentrum f\u00fcr Informations- und Medientechnologie der Universit\u00e4t Siegen \u00fcber &quot;Forschungsdatenmanagement im Kooperationsverbund&quot;. Anschlie\u00dfend findet ausgehend von dem aktuellen Vorprojekt der RWTH eine Diskussion zum Thema Forschungsdatenmanagement an der RWTH statt, zu dem alle Interessenten herzlich eingeladen sind. Die Vortragseinladung finden\" \/>\n\t<meta name=\"robots\" content=\"max-image-preview:large\" \/>\n\t<meta name=\"author\" content=\"Annett Barbara Schwarz\"\/>\n\t<link rel=\"canonical\" href=\"https:\/\/blog.rwth-aachen.de\/forschungsdaten\/en\/2015\/08\/31\/vortrag-und-diskussion-zum-forschungsdatenmanagement-an-der-rwth\/\" \/>\n\t<meta name=\"generator\" content=\"All in One SEO (AIOSEO) 4.9.8\" \/>\n\t\t<meta property=\"og:locale\" content=\"en_US\" \/>\n\t\t<meta property=\"og:site_name\" content=\"Research Data \u2013 Latest News &amp; Worth Knowing - a service for the RWTH Aachen University\" \/>\n\t\t<meta property=\"og:type\" content=\"article\" \/>\n\t\t<meta property=\"og:title\" content=\"Vortrag und Diskussion zum Forschungsdatenmanagement an der RWTH - Research Data \u2013 Latest News &amp; Worth Knowing\" \/>\n\t\t<meta property=\"og:description\" content=\"This entry is only available in Deutsch.Am 11. September berichtet Frau Professorin Sabine Roller vom Zentrum f\u00fcr Informations- und Medientechnologie der Universit\u00e4t Siegen \u00fcber &quot;Forschungsdatenmanagement im Kooperationsverbund&quot;. Anschlie\u00dfend findet ausgehend von dem aktuellen Vorprojekt der RWTH eine Diskussion zum Thema Forschungsdatenmanagement an der RWTH statt, zu dem alle Interessenten herzlich eingeladen sind. Die Vortragseinladung finden\" \/>\n\t\t<meta property=\"og:url\" content=\"https:\/\/blog.rwth-aachen.de\/forschungsdaten\/en\/2015\/08\/31\/vortrag-und-diskussion-zum-forschungsdatenmanagement-an-der-rwth\/\" \/>\n\t\t<meta property=\"article:published_time\" content=\"2015-08-31T06:11:05+00:00\" \/>\n\t\t<meta property=\"article:modified_time\" content=\"2023-05-22T11:23:19+00:00\" \/>\n\t\t<meta name=\"twitter:card\" content=\"summary_large_image\" \/>\n\t\t<meta name=\"twitter:title\" content=\"Vortrag und Diskussion zum Forschungsdatenmanagement an der RWTH - Research Data \u2013 Latest News &amp; Worth Knowing\" \/>\n\t\t<meta name=\"twitter:description\" content=\"This entry is only available in Deutsch.Am 11. September berichtet Frau Professorin Sabine Roller vom Zentrum f\u00fcr Informations- und Medientechnologie der Universit\u00e4t Siegen \u00fcber &quot;Forschungsdatenmanagement im Kooperationsverbund&quot;. Anschlie\u00dfend findet ausgehend von dem aktuellen Vorprojekt der RWTH eine Diskussion zum Thema Forschungsdatenmanagement an der RWTH statt, zu dem alle Interessenten herzlich eingeladen sind. Die Vortragseinladung finden\" \/>\n\t\t<script type=\"application\/ld+json\" class=\"aioseo-schema\">\n\t\t\t{\"@context\":\"https:\\\/\\\/schema.org\",\"@graph\":[{\"@type\":\"BlogPosting\",\"@id\":\"https:\\\/\\\/blog.rwth-aachen.de\\\/forschungsdaten\\\/en\\\/2015\\\/08\\\/31\\\/vortrag-und-diskussion-zum-forschungsdatenmanagement-an-der-rwth\\\/#blogposting\",\"name\":\"Vortrag und Diskussion zum Forschungsdatenmanagement an der RWTH - Research Data \\u2013 Latest News & Worth Knowing\",\"headline\":\"Vortrag und Diskussion zum Forschungsdatenmanagement an der RWTH\",\"author\":{\"@id\":\"https:\\\/\\\/blog.rwth-aachen.de\\\/forschungsdaten\\\/en\\\/author\\\/1740\\\/#author\"},\"publisher\":{\"@id\":\"https:\\\/\\\/blog.rwth-aachen.de\\\/forschungsdaten\\\/en\\\/#organization\"},\"datePublished\":\"2015-08-31T08:11:05+02:00\",\"dateModified\":\"2023-05-22T13:23:19+02:00\",\"inLanguage\":\"en-US\",\"mainEntityOfPage\":{\"@id\":\"https:\\\/\\\/blog.rwth-aachen.de\\\/forschungsdaten\\\/en\\\/2015\\\/08\\\/31\\\/vortrag-und-diskussion-zum-forschungsdatenmanagement-an-der-rwth\\\/#webpage\"},\"isPartOf\":{\"@id\":\"https:\\\/\\\/blog.rwth-aachen.de\\\/forschungsdaten\\\/en\\\/2015\\\/08\\\/31\\\/vortrag-und-diskussion-zum-forschungsdatenmanagement-an-der-rwth\\\/#webpage\"},\"articleSection\":\"Informationen &amp; Beratung, Veranstaltung\"},{\"@type\":\"BreadcrumbList\",\"@id\":\"https:\\\/\\\/blog.rwth-aachen.de\\\/forschungsdaten\\\/en\\\/2015\\\/08\\\/31\\\/vortrag-und-diskussion-zum-forschungsdatenmanagement-an-der-rwth\\\/#breadcrumblist\",\"itemListElement\":[{\"@type\":\"ListItem\",\"@id\":\"https:\\\/\\\/blog.rwth-aachen.de\\\/forschungsdaten\\\/en#listItem\",\"position\":1,\"name\":\"Home\",\"item\":\"https:\\\/\\\/blog.rwth-aachen.de\\\/forschungsdaten\\\/en\",\"nextItem\":{\"@type\":\"ListItem\",\"@id\":\"https:\\\/\\\/blog.rwth-aachen.de\\\/forschungsdaten\\\/en\\\/category\\\/rwth\\\/#listItem\",\"name\":\"An der RWTH\"}},{\"@type\":\"ListItem\",\"@id\":\"https:\\\/\\\/blog.rwth-aachen.de\\\/forschungsdaten\\\/en\\\/category\\\/rwth\\\/#listItem\",\"position\":2,\"name\":\"An der RWTH\",\"item\":\"https:\\\/\\\/blog.rwth-aachen.de\\\/forschungsdaten\\\/en\\\/category\\\/rwth\\\/\",\"nextItem\":{\"@type\":\"ListItem\",\"@id\":\"https:\\\/\\\/blog.rwth-aachen.de\\\/forschungsdaten\\\/en\\\/category\\\/rwth\\\/services\\\/#listItem\",\"name\":\"Services\"},\"previousItem\":{\"@type\":\"ListItem\",\"@id\":\"https:\\\/\\\/blog.rwth-aachen.de\\\/forschungsdaten\\\/en#listItem\",\"name\":\"Home\"}},{\"@type\":\"ListItem\",\"@id\":\"https:\\\/\\\/blog.rwth-aachen.de\\\/forschungsdaten\\\/en\\\/category\\\/rwth\\\/services\\\/#listItem\",\"position\":3,\"name\":\"Services\",\"item\":\"https:\\\/\\\/blog.rwth-aachen.de\\\/forschungsdaten\\\/en\\\/category\\\/rwth\\\/services\\\/\",\"nextItem\":{\"@type\":\"ListItem\",\"@id\":\"https:\\\/\\\/blog.rwth-aachen.de\\\/forschungsdaten\\\/en\\\/category\\\/rwth\\\/services\\\/informationen-beratung\\\/#listItem\",\"name\":\"Informationen &amp; Beratung\"},\"previousItem\":{\"@type\":\"ListItem\",\"@id\":\"https:\\\/\\\/blog.rwth-aachen.de\\\/forschungsdaten\\\/en\\\/category\\\/rwth\\\/#listItem\",\"name\":\"An der RWTH\"}},{\"@type\":\"ListItem\",\"@id\":\"https:\\\/\\\/blog.rwth-aachen.de\\\/forschungsdaten\\\/en\\\/category\\\/rwth\\\/services\\\/informationen-beratung\\\/#listItem\",\"position\":4,\"name\":\"Informationen &amp; Beratung\",\"item\":\"https:\\\/\\\/blog.rwth-aachen.de\\\/forschungsdaten\\\/en\\\/category\\\/rwth\\\/services\\\/informationen-beratung\\\/\",\"nextItem\":{\"@type\":\"ListItem\",\"@id\":\"https:\\\/\\\/blog.rwth-aachen.de\\\/forschungsdaten\\\/en\\\/2015\\\/08\\\/31\\\/vortrag-und-diskussion-zum-forschungsdatenmanagement-an-der-rwth\\\/#listItem\",\"name\":\"Vortrag und Diskussion zum Forschungsdatenmanagement an der RWTH\"},\"previousItem\":{\"@type\":\"ListItem\",\"@id\":\"https:\\\/\\\/blog.rwth-aachen.de\\\/forschungsdaten\\\/en\\\/category\\\/rwth\\\/services\\\/#listItem\",\"name\":\"Services\"}},{\"@type\":\"ListItem\",\"@id\":\"https:\\\/\\\/blog.rwth-aachen.de\\\/forschungsdaten\\\/en\\\/2015\\\/08\\\/31\\\/vortrag-und-diskussion-zum-forschungsdatenmanagement-an-der-rwth\\\/#listItem\",\"position\":5,\"name\":\"Vortrag und Diskussion zum Forschungsdatenmanagement an der RWTH\",\"previousItem\":{\"@type\":\"ListItem\",\"@id\":\"https:\\\/\\\/blog.rwth-aachen.de\\\/forschungsdaten\\\/en\\\/category\\\/rwth\\\/services\\\/informationen-beratung\\\/#listItem\",\"name\":\"Informationen &amp; Beratung\"}}]},{\"@type\":\"Organization\",\"@id\":\"https:\\\/\\\/blog.rwth-aachen.de\\\/forschungsdaten\\\/en\\\/#organization\",\"name\":\"Forschungsdaten - Aktuelles und Wissenswertes\",\"description\":\"a service for the RWTH Aachen University\",\"url\":\"https:\\\/\\\/blog.rwth-aachen.de\\\/forschungsdaten\\\/en\\\/\"},{\"@type\":\"Person\",\"@id\":\"https:\\\/\\\/blog.rwth-aachen.de\\\/forschungsdaten\\\/en\\\/author\\\/1740\\\/#author\",\"url\":\"https:\\\/\\\/blog.rwth-aachen.de\\\/forschungsdaten\\\/en\\\/author\\\/1740\\\/\",\"name\":\"Annett Barbara Schwarz\"},{\"@type\":\"WebPage\",\"@id\":\"https:\\\/\\\/blog.rwth-aachen.de\\\/forschungsdaten\\\/en\\\/2015\\\/08\\\/31\\\/vortrag-und-diskussion-zum-forschungsdatenmanagement-an-der-rwth\\\/#webpage\",\"url\":\"https:\\\/\\\/blog.rwth-aachen.de\\\/forschungsdaten\\\/en\\\/2015\\\/08\\\/31\\\/vortrag-und-diskussion-zum-forschungsdatenmanagement-an-der-rwth\\\/\",\"name\":\"Vortrag und Diskussion zum Forschungsdatenmanagement an der RWTH - Research Data \\u2013 Latest News & Worth Knowing\",\"description\":\"This entry is only available in Deutsch.Am 11. September berichtet Frau Professorin Sabine Roller vom Zentrum f\\u00fcr Informations- und Medientechnologie der Universit\\u00e4t Siegen \\u00fcber \\\"Forschungsdatenmanagement im Kooperationsverbund\\\". Anschlie\\u00dfend findet ausgehend von dem aktuellen Vorprojekt der RWTH eine Diskussion zum Thema Forschungsdatenmanagement an der RWTH statt, zu dem alle Interessenten herzlich eingeladen sind. Die Vortragseinladung finden\",\"inLanguage\":\"en-US\",\"isPartOf\":{\"@id\":\"https:\\\/\\\/blog.rwth-aachen.de\\\/forschungsdaten\\\/en\\\/#website\"},\"breadcrumb\":{\"@id\":\"https:\\\/\\\/blog.rwth-aachen.de\\\/forschungsdaten\\\/en\\\/2015\\\/08\\\/31\\\/vortrag-und-diskussion-zum-forschungsdatenmanagement-an-der-rwth\\\/#breadcrumblist\"},\"author\":{\"@id\":\"https:\\\/\\\/blog.rwth-aachen.de\\\/forschungsdaten\\\/en\\\/author\\\/1740\\\/#author\"},\"creator\":{\"@id\":\"https:\\\/\\\/blog.rwth-aachen.de\\\/forschungsdaten\\\/en\\\/author\\\/1740\\\/#author\"},\"datePublished\":\"2015-08-31T08:11:05+02:00\",\"dateModified\":\"2023-05-22T13:23:19+02:00\"},{\"@type\":\"WebSite\",\"@id\":\"https:\\\/\\\/blog.rwth-aachen.de\\\/forschungsdaten\\\/en\\\/#website\",\"url\":\"https:\\\/\\\/blog.rwth-aachen.de\\\/forschungsdaten\\\/en\\\/\",\"name\":\"Forschungsdaten - Aktuelles und Wissenswertes\",\"description\":\"a service for the RWTH Aachen University\",\"inLanguage\":\"en-US\",\"publisher\":{\"@id\":\"https:\\\/\\\/blog.rwth-aachen.de\\\/forschungsdaten\\\/en\\\/#organization\"}}]}\n\t\t<\/script>\n\t\t<!-- All in One SEO -->\n\n","aioseo_head_json":{"title":"Vortrag und Diskussion zum Forschungsdatenmanagement an der RWTH - Research Data \u2013 Latest News & Worth Knowing","description":"This entry is only available in Deutsch.Am 11. September berichtet Frau Professorin Sabine Roller vom Zentrum f\u00fcr Informations- und Medientechnologie der Universit\u00e4t Siegen \u00fcber \"Forschungsdatenmanagement im Kooperationsverbund\". Anschlie\u00dfend findet ausgehend von dem aktuellen Vorprojekt der RWTH eine Diskussion zum Thema Forschungsdatenmanagement an der RWTH statt, zu dem alle Interessenten herzlich eingeladen sind. Die Vortragseinladung finden","canonical_url":"https:\/\/blog.rwth-aachen.de\/forschungsdaten\/en\/2015\/08\/31\/vortrag-und-diskussion-zum-forschungsdatenmanagement-an-der-rwth\/","robots":"max-image-preview:large","keywords":"","webmasterTools":{"miscellaneous":""},"schema":{"@context":"https:\/\/schema.org","@graph":[{"@type":"BlogPosting","@id":"https:\/\/blog.rwth-aachen.de\/forschungsdaten\/en\/2015\/08\/31\/vortrag-und-diskussion-zum-forschungsdatenmanagement-an-der-rwth\/#blogposting","name":"Vortrag und Diskussion zum Forschungsdatenmanagement an der RWTH - Research Data \u2013 Latest News & Worth Knowing","headline":"Vortrag und Diskussion zum Forschungsdatenmanagement an der RWTH","author":{"@id":"https:\/\/blog.rwth-aachen.de\/forschungsdaten\/en\/author\/1740\/#author"},"publisher":{"@id":"https:\/\/blog.rwth-aachen.de\/forschungsdaten\/en\/#organization"},"datePublished":"2015-08-31T08:11:05+02:00","dateModified":"2023-05-22T13:23:19+02:00","inLanguage":"en-US","mainEntityOfPage":{"@id":"https:\/\/blog.rwth-aachen.de\/forschungsdaten\/en\/2015\/08\/31\/vortrag-und-diskussion-zum-forschungsdatenmanagement-an-der-rwth\/#webpage"},"isPartOf":{"@id":"https:\/\/blog.rwth-aachen.de\/forschungsdaten\/en\/2015\/08\/31\/vortrag-und-diskussion-zum-forschungsdatenmanagement-an-der-rwth\/#webpage"},"articleSection":"Informationen &amp; Beratung, Veranstaltung"},{"@type":"BreadcrumbList","@id":"https:\/\/blog.rwth-aachen.de\/forschungsdaten\/en\/2015\/08\/31\/vortrag-und-diskussion-zum-forschungsdatenmanagement-an-der-rwth\/#breadcrumblist","itemListElement":[{"@type":"ListItem","@id":"https:\/\/blog.rwth-aachen.de\/forschungsdaten\/en#listItem","position":1,"name":"Home","item":"https:\/\/blog.rwth-aachen.de\/forschungsdaten\/en","nextItem":{"@type":"ListItem","@id":"https:\/\/blog.rwth-aachen.de\/forschungsdaten\/en\/category\/rwth\/#listItem","name":"An der RWTH"}},{"@type":"ListItem","@id":"https:\/\/blog.rwth-aachen.de\/forschungsdaten\/en\/category\/rwth\/#listItem","position":2,"name":"An der RWTH","item":"https:\/\/blog.rwth-aachen.de\/forschungsdaten\/en\/category\/rwth\/","nextItem":{"@type":"ListItem","@id":"https:\/\/blog.rwth-aachen.de\/forschungsdaten\/en\/category\/rwth\/services\/#listItem","name":"Services"},"previousItem":{"@type":"ListItem","@id":"https:\/\/blog.rwth-aachen.de\/forschungsdaten\/en#listItem","name":"Home"}},{"@type":"ListItem","@id":"https:\/\/blog.rwth-aachen.de\/forschungsdaten\/en\/category\/rwth\/services\/#listItem","position":3,"name":"Services","item":"https:\/\/blog.rwth-aachen.de\/forschungsdaten\/en\/category\/rwth\/services\/","nextItem":{"@type":"ListItem","@id":"https:\/\/blog.rwth-aachen.de\/forschungsdaten\/en\/category\/rwth\/services\/informationen-beratung\/#listItem","name":"Informationen &amp; Beratung"},"previousItem":{"@type":"ListItem","@id":"https:\/\/blog.rwth-aachen.de\/forschungsdaten\/en\/category\/rwth\/#listItem","name":"An der RWTH"}},{"@type":"ListItem","@id":"https:\/\/blog.rwth-aachen.de\/forschungsdaten\/en\/category\/rwth\/services\/informationen-beratung\/#listItem","position":4,"name":"Informationen &amp; Beratung","item":"https:\/\/blog.rwth-aachen.de\/forschungsdaten\/en\/category\/rwth\/services\/informationen-beratung\/","nextItem":{"@type":"ListItem","@id":"https:\/\/blog.rwth-aachen.de\/forschungsdaten\/en\/2015\/08\/31\/vortrag-und-diskussion-zum-forschungsdatenmanagement-an-der-rwth\/#listItem","name":"Vortrag und Diskussion zum Forschungsdatenmanagement an der RWTH"},"previousItem":{"@type":"ListItem","@id":"https:\/\/blog.rwth-aachen.de\/forschungsdaten\/en\/category\/rwth\/services\/#listItem","name":"Services"}},{"@type":"ListItem","@id":"https:\/\/blog.rwth-aachen.de\/forschungsdaten\/en\/2015\/08\/31\/vortrag-und-diskussion-zum-forschungsdatenmanagement-an-der-rwth\/#listItem","position":5,"name":"Vortrag und Diskussion zum Forschungsdatenmanagement an der RWTH","previousItem":{"@type":"ListItem","@id":"https:\/\/blog.rwth-aachen.de\/forschungsdaten\/en\/category\/rwth\/services\/informationen-beratung\/#listItem","name":"Informationen &amp; Beratung"}}]},{"@type":"Organization","@id":"https:\/\/blog.rwth-aachen.de\/forschungsdaten\/en\/#organization","name":"Forschungsdaten - Aktuelles und Wissenswertes","description":"a service for the RWTH Aachen University","url":"https:\/\/blog.rwth-aachen.de\/forschungsdaten\/en\/"},{"@type":"Person","@id":"https:\/\/blog.rwth-aachen.de\/forschungsdaten\/en\/author\/1740\/#author","url":"https:\/\/blog.rwth-aachen.de\/forschungsdaten\/en\/author\/1740\/","name":"Annett Barbara Schwarz"},{"@type":"WebPage","@id":"https:\/\/blog.rwth-aachen.de\/forschungsdaten\/en\/2015\/08\/31\/vortrag-und-diskussion-zum-forschungsdatenmanagement-an-der-rwth\/#webpage","url":"https:\/\/blog.rwth-aachen.de\/forschungsdaten\/en\/2015\/08\/31\/vortrag-und-diskussion-zum-forschungsdatenmanagement-an-der-rwth\/","name":"Vortrag und Diskussion zum Forschungsdatenmanagement an der RWTH - Research Data \u2013 Latest News & Worth Knowing","description":"This entry is only available in Deutsch.Am 11. September berichtet Frau Professorin Sabine Roller vom Zentrum f\u00fcr Informations- und Medientechnologie der Universit\u00e4t Siegen \u00fcber \"Forschungsdatenmanagement im Kooperationsverbund\". Anschlie\u00dfend findet ausgehend von dem aktuellen Vorprojekt der RWTH eine Diskussion zum Thema Forschungsdatenmanagement an der RWTH statt, zu dem alle Interessenten herzlich eingeladen sind. Die Vortragseinladung finden","inLanguage":"en-US","isPartOf":{"@id":"https:\/\/blog.rwth-aachen.de\/forschungsdaten\/en\/#website"},"breadcrumb":{"@id":"https:\/\/blog.rwth-aachen.de\/forschungsdaten\/en\/2015\/08\/31\/vortrag-und-diskussion-zum-forschungsdatenmanagement-an-der-rwth\/#breadcrumblist"},"author":{"@id":"https:\/\/blog.rwth-aachen.de\/forschungsdaten\/en\/author\/1740\/#author"},"creator":{"@id":"https:\/\/blog.rwth-aachen.de\/forschungsdaten\/en\/author\/1740\/#author"},"datePublished":"2015-08-31T08:11:05+02:00","dateModified":"2023-05-22T13:23:19+02:00"},{"@type":"WebSite","@id":"https:\/\/blog.rwth-aachen.de\/forschungsdaten\/en\/#website","url":"https:\/\/blog.rwth-aachen.de\/forschungsdaten\/en\/","name":"Forschungsdaten - Aktuelles und Wissenswertes","description":"a service for the RWTH Aachen University","inLanguage":"en-US","publisher":{"@id":"https:\/\/blog.rwth-aachen.de\/forschungsdaten\/en\/#organization"}}]},"og:locale":"en_US","og:site_name":"Research Data \u2013 Latest News &amp; Worth Knowing - a service for the RWTH Aachen University","og:type":"article","og:title":"Vortrag und Diskussion zum Forschungsdatenmanagement an der RWTH - Research Data \u2013 Latest News &amp; Worth Knowing","og:description":"This entry is only available in Deutsch.Am 11. September berichtet Frau Professorin Sabine Roller vom Zentrum f\u00fcr Informations- und Medientechnologie der Universit\u00e4t Siegen \u00fcber &quot;Forschungsdatenmanagement im Kooperationsverbund&quot;. Anschlie\u00dfend findet ausgehend von dem aktuellen Vorprojekt der RWTH eine Diskussion zum Thema Forschungsdatenmanagement an der RWTH statt, zu dem alle Interessenten herzlich eingeladen sind. Die Vortragseinladung finden","og:url":"https:\/\/blog.rwth-aachen.de\/forschungsdaten\/en\/2015\/08\/31\/vortrag-und-diskussion-zum-forschungsdatenmanagement-an-der-rwth\/","article:published_time":"2015-08-31T06:11:05+00:00","article:modified_time":"2023-05-22T11:23:19+00:00","twitter:card":"summary_large_image","twitter:title":"Vortrag und Diskussion zum Forschungsdatenmanagement an der RWTH - Research Data \u2013 Latest News &amp; Worth Knowing","twitter:description":"This entry is only available in Deutsch.Am 11. September berichtet Frau Professorin Sabine Roller vom Zentrum f\u00fcr Informations- und Medientechnologie der Universit\u00e4t Siegen \u00fcber &quot;Forschungsdatenmanagement im Kooperationsverbund&quot;. Anschlie\u00dfend findet ausgehend von dem aktuellen Vorprojekt der RWTH eine Diskussion zum Thema Forschungsdatenmanagement an der RWTH statt, zu dem alle Interessenten herzlich eingeladen sind. Die Vortragseinladung finden"},"aioseo_meta_data":{"post_id":"293","title":null,"description":null,"keywords":[],"keyphrases":{"focus":{"keyphrase":"","score":0,"analysis":{"keyphraseInTitle":{"score":0,"maxScore":9,"error":1}}},"additional":[]},"primary_term":null,"canonical_url":null,"og_title":null,"og_description":null,"og_object_type":"default","og_image_type":"default","og_image_url":null,"og_image_width":null,"og_image_height":null,"og_image_custom_url":null,"og_image_custom_fields":null,"og_video":"","og_custom_url":null,"og_article_section":null,"og_article_tags":[],"twitter_use_og":false,"twitter_card":"default","twitter_image_type":"default","twitter_image_url":null,"twitter_image_custom_url":null,"twitter_image_custom_fields":null,"twitter_title":null,"twitter_description":null,"schema":{"blockGraphs":[],"customGraphs":[],"default":{"data":{"Article":[],"Course":[],"Dataset":[],"FAQPage":[],"Movie":[],"Person":[],"Product":[],"ProductReview":[],"Car":[],"Recipe":[],"Service":[],"SoftwareApplication":[],"WebPage":[]},"graphName":"BlogPosting","isEnabled":true},"graphs":[]},"schema_type":"default","schema_type_options":null,"pillar_content":false,"robots_default":true,"robots_noindex":false,"robots_noarchive":false,"robots_nosnippet":false,"robots_nofollow":false,"robots_noimageindex":false,"robots_noodp":false,"robots_notranslate":false,"robots_max_snippet":"-1","robots_max_videopreview":"-1","robots_max_imagepreview":"large","priority":null,"frequency":"default","local_seo":null,"limit_modified_date":false,"created":"2022-08-19 09:45:55","updated":"2023-05-22 11:29:32","ai":null,"breadcrumb_settings":null,"seo_analyzer_scan_date":null},"aioseo_breadcrumb":"<div class=\"aioseo-breadcrumbs\"><span class=\"aioseo-breadcrumb\">\n\t\t\t<a href=\"https:\/\/blog.rwth-aachen.de\/forschungsdaten\/en\" title=\"Home\">Home<\/a>\n\t\t<\/span><span class=\"aioseo-breadcrumb-separator\">&raquo;<\/span><span class=\"aioseo-breadcrumb\">\n\t\t\t<a href=\"https:\/\/blog.rwth-aachen.de\/forschungsdaten\/en\/category\/rwth\/\" title=\"An der RWTH\">An der RWTH<\/a>\n\t\t<\/span><span class=\"aioseo-breadcrumb-separator\">&raquo;<\/span><span class=\"aioseo-breadcrumb\">\n\t\t\t<a href=\"https:\/\/blog.rwth-aachen.de\/forschungsdaten\/en\/category\/rwth\/services\/\" title=\"Services\">Services<\/a>\n\t\t<\/span><span class=\"aioseo-breadcrumb-separator\">&raquo;<\/span><span class=\"aioseo-breadcrumb\">\n\t\t\t<a href=\"https:\/\/blog.rwth-aachen.de\/forschungsdaten\/en\/category\/rwth\/services\/informationen-beratung\/\" title=\"Informationen &amp; Beratung\">Informationen &amp; Beratung<\/a>\n\t\t<\/span><span class=\"aioseo-breadcrumb-separator\">&raquo;<\/span><span class=\"aioseo-breadcrumb\">\n\t\t\tVortrag und Diskussion zum Forschungsdatenmanagement an der RWTH\n\t\t<\/span><\/div>","aioseo_breadcrumb_json":[{"label":"Home","link":"https:\/\/blog.rwth-aachen.de\/forschungsdaten\/en"},{"label":"An der RWTH","link":"https:\/\/blog.rwth-aachen.de\/forschungsdaten\/en\/category\/rwth\/"},{"label":"Services","link":"https:\/\/blog.rwth-aachen.de\/forschungsdaten\/en\/category\/rwth\/services\/"},{"label":"Informationen &amp; Beratung","link":"https:\/\/blog.rwth-aachen.de\/forschungsdaten\/en\/category\/rwth\/services\/informationen-beratung\/"},{"label":"Vortrag und Diskussion zum Forschungsdatenmanagement an der RWTH","link":"https:\/\/blog.rwth-aachen.de\/forschungsdaten\/en\/2015\/08\/31\/vortrag-und-diskussion-zum-forschungsdatenmanagement-an-der-rwth\/"}],"_links":{"self":[{"href":"https:\/\/blog.rwth-aachen.de\/forschungsdaten\/en\/wp-json\/wp\/v2\/posts\/293","targetHints":{"allow":["GET"]}}],"collection":[{"href":"https:\/\/blog.rwth-aachen.de\/forschungsdaten\/en\/wp-json\/wp\/v2\/posts"}],"about":[{"href":"https:\/\/blog.rwth-aachen.de\/forschungsdaten\/en\/wp-json\/wp\/v2\/types\/post"}],"author":[{"embeddable":true,"href":"https:\/\/blog.rwth-aachen.de\/forschungsdaten\/en\/wp-json\/wp\/v2\/users\/1740"}],"replies":[{"embeddable":true,"href":"https:\/\/blog.rwth-aachen.de\/forschungsdaten\/en\/wp-json\/wp\/v2\/comments?post=293"}],"version-history":[{"count":7,"href":"https:\/\/blog.rwth-aachen.de\/forschungsdaten\/en\/wp-json\/wp\/v2\/posts\/293\/revisions"}],"predecessor-version":[{"id":5144,"href":"https:\/\/blog.rwth-aachen.de\/forschungsdaten\/en\/wp-json\/wp\/v2\/posts\/293\/revisions\/5144"}],"wp:attachment":[{"href":"https:\/\/blog.rwth-aachen.de\/forschungsdaten\/en\/wp-json\/wp\/v2\/media?parent=293"}],"wp:term":[{"taxonomy":"category","embeddable":true,"href":"https:\/\/blog.rwth-aachen.de\/forschungsdaten\/en\/wp-json\/wp\/v2\/categories?post=293"},{"taxonomy":"post_tag","embeddable":true,"href":"https:\/\/blog.rwth-aachen.de\/forschungsdaten\/en\/wp-json\/wp\/v2\/tags?post=293"}],"curies":[{"name":"wp","href":"https:\/\/api.w.org\/{rel}","templated":true}]}}