{"id":577,"date":"2022-11-02T11:16:55","date_gmt":"2022-11-02T10:16:55","guid":{"rendered":"https:\/\/hochschularchive.nrw\/?p=577"},"modified":"2022-11-02T11:16:55","modified_gmt":"2022-11-02T10:16:55","slug":"archivschaetze-historisches-archiv-der-th-koeln","status":"publish","type":"post","link":"https:\/\/blog.rwth-aachen.de\/hochschulularchivenrw\/2022\/11\/02\/archivschaetze-historisches-archiv-der-th-koeln\/","title":{"rendered":"Archivsch\u00e4tze: Historisches Archiv der TH K\u00f6ln"},"content":{"rendered":"\n<p class=\"has-drop-cap wp-block-paragraph\">Das Hochschularchiv sammelt seit 1985 Informationen, Dokumente, Objekte aus der Geschichte der Technischen Hochschule K\u00f6ln und ihrer Vorg\u00e4ngereinrichtungen. Dazu geh\u00f6ren neben dem klassischen Archivgut (Verwaltungsschriftgut in analoger und digitaler Form) Nachl\u00e4sse, Fotos, Pl\u00e4ne und hochschuleigene Erinnerungsst\u00fccke aller Art.<\/p>\n\n\n\n<p class=\"wp-block-paragraph\">Ein Teil des Archivguts wurde infolge des \u201eJahrhunderthochwassers\u201c 1995\/96 stark&nbsp;in Mitleidenschaft gezogen, da das eingedrungene Grundwasser zu einer&nbsp;Ver\u00e4nderung der klimatischen Bedingungen in den damaligen Kellerr\u00e4umen&nbsp;f\u00fchrte. Es kam zur Schimmelbildung.&nbsp;Die Dekontaminierung des Materials erfolgt in einem sehr aufwendigen und zeitintensiven Arbeitsprozess im hochschuleigenen Institut f\u00fcr Restaurierungs- und Konservierungswissenschaft.&nbsp;Nach viereinhalb Jahren konnte diese Ma\u00dfnahme schlie\u00dflich im Oktober 2009 abgeschlossen werden.<\/p>\n\n\n\n<p class=\"wp-block-paragraph\">Der Gesamtbestand im Hochschularchiv&nbsp;umfasst heute ca. 750 lfd. Meter Akten.&nbsp;In der Altregistratur befinden ca. 2000 lfd. Meter Akten. Aufgrund der dezentralen Aufbewahrung ist die \u00dcberlieferungsdichte allerdings sehr ungleichm\u00e4\u00dfig. Durch Kriegseinwirkungen und Umstrukturierungen der verschiedenen Vorg\u00e4ngereinrichtungen entstanden gro\u00dfe Verluste. Sie betreffen vor allem den Zeitraum vor 1946.<\/p>\n\n\n\n<p class=\"wp-block-paragraph\">Von Bedeutung ist etwa die Originalkorrespondenz zum Entwurf der Deutschen Meisterschale (1949) und des DFB-Pokals (1964), angefertigt von der Goldschmiedeklasse der K\u00f6lner Werkschulen.<\/p>\n\n\n\n<p class=\"wp-block-paragraph\">Das \u00e4lteste Archivale ist das Sch\u00fclerverzeichnis der Gewerblichen Fachschule der Stadt K\u00f6ln von 1879.<\/p>\n\n\n\n<div style=\"height:100px\" aria-hidden=\"true\" class=\"wp-block-spacer\"><\/div>\n\n\n\n<h2 class=\"wp-block-heading has-text-align-center\">Die Sch\u00e4tze<\/h2>\n\n\n\n<hr class=\"wp-block-separator has-text-color has-black-color has-alpha-channel-opacity has-black-background-color has-background is-style-default\"\/>\n\n\n\n<h4 class=\"wp-block-heading has-text-align-center\">Sch\u00fclerverzeichnis<\/h4>\n\n\n\n<p class=\"wp-block-paragraph\"><\/p>\n\n\n\n<div class=\"wp-block-columns is-layout-flex wp-container-core-columns-is-layout-8f761849 wp-block-columns-is-layout-flex\">\n<div class=\"wp-block-column is-vertically-aligned-center is-layout-flow wp-block-column-is-layout-flow\" style=\"flex-basis:33.33%\">\n<p class=\"wp-block-paragraph\">Das Sch\u00fclerverzeichnis der Gewerblichen Fachschule der Stadt K\u00f6ln ist das \u00e4lteste Archivale im Bestand des Historischen Archiv der Technischen Hochschule K\u00f6ln.<\/p>\n\n\n\n<p class=\"wp-block-paragraph\">Die Gewerbliche Fachschule der Stadt K\u00f6ln wurde im Dezember 1879 aufgrund der industriellen Entwicklung in Deutschland und den nach sich ziehendenden wachsenden Bedarf an f\u00fchrenden Fachkr\u00e4ften f\u00fcr die gewerblichen Bereiche gegr\u00fcndet.<\/p>\n\n\n\n<p class=\"wp-block-paragraph\">So entstehen eine mechanisch-technische, eine bautechnische und eine kunstgewerbliche Abteilung. Das erste Semester im Wintersemester 1879\/80 bestand aus 13 Sch\u00fclern: 2 Maschinenbauer, 7 Bauhandwerker und 4 Kunsthandwerker.<\/p>\n<\/div>\n\n\n\n<div class=\"wp-block-column is-layout-flow wp-block-column-is-layout-flow\" style=\"flex-basis:66.66%\">\n<figure class=\"wp-block-gallery has-nested-images columns-2 is-cropped wp-block-gallery-2 is-layout-flex wp-block-gallery-is-layout-flex\">\n<figure class=\"wp-block-image size-full\"><a href=\"https:\/\/blog.rwth-aachen.de\/hochschulularchivenrw\/files\/2022\/10\/01_THK_Schuelerverzeichnis_1879_01.jpg\"><img loading=\"lazy\" decoding=\"async\" width=\"1498\" height=\"1006\" data-id=\"581\" src=\"https:\/\/blog.rwth-aachen.de\/hochschulularchivenrw\/files\/2022\/10\/01_THK_Schuelerverzeichnis_1879_01.jpg\" alt=\"\" class=\"wp-image-581\" srcset=\"https:\/\/blog.rwth-aachen.de\/hochschulularchivenrw\/files\/2022\/10\/01_THK_Schuelerverzeichnis_1879_01.jpg 1498w, https:\/\/blog.rwth-aachen.de\/hochschulularchivenrw\/files\/2022\/10\/01_THK_Schuelerverzeichnis_1879_01-300x201.jpg 300w, https:\/\/blog.rwth-aachen.de\/hochschulularchivenrw\/files\/2022\/10\/01_THK_Schuelerverzeichnis_1879_01-1024x688.jpg 1024w, https:\/\/blog.rwth-aachen.de\/hochschulularchivenrw\/files\/2022\/10\/01_THK_Schuelerverzeichnis_1879_01-768x516.jpg 768w\" sizes=\"auto, (max-width: 1498px) 100vw, 1498px\" \/><\/a><\/figure>\n\n\n\n<figure class=\"wp-block-image size-full is-style-default\"><a href=\"https:\/\/blog.rwth-aachen.de\/hochschulularchivenrw\/files\/2022\/10\/01_THK_Schuelerverzeichnis_1879_02.jpg\"><img loading=\"lazy\" decoding=\"async\" width=\"1266\" height=\"1383\" data-id=\"582\" src=\"https:\/\/blog.rwth-aachen.de\/hochschulularchivenrw\/files\/2022\/10\/01_THK_Schuelerverzeichnis_1879_02.jpg\" alt=\"\" class=\"wp-image-582\" srcset=\"https:\/\/blog.rwth-aachen.de\/hochschulularchivenrw\/files\/2022\/10\/01_THK_Schuelerverzeichnis_1879_02.jpg 1266w, https:\/\/blog.rwth-aachen.de\/hochschulularchivenrw\/files\/2022\/10\/01_THK_Schuelerverzeichnis_1879_02-275x300.jpg 275w, https:\/\/blog.rwth-aachen.de\/hochschulularchivenrw\/files\/2022\/10\/01_THK_Schuelerverzeichnis_1879_02-937x1024.jpg 937w, https:\/\/blog.rwth-aachen.de\/hochschulularchivenrw\/files\/2022\/10\/01_THK_Schuelerverzeichnis_1879_02-768x839.jpg 768w\" sizes=\"auto, (max-width: 1266px) 100vw, 1266px\" \/><\/a><figcaption class=\"wp-element-caption\">1.11.[19]02\nVersch\u00e4rfter Verweis wegen unzul\u00e4ssigem Verhaltens gegen einen Beamten.\n09.11.[19]00\nLetzte Verwarnung[,] weil er w\u00e4hrend des Unterrichts Schriften unz\u00fcchtigen Inhalts las.<\/figcaption><\/figure>\n\n\n\n<figure class=\"wp-block-image size-full\"><a href=\"https:\/\/blog.rwth-aachen.de\/hochschulularchivenrw\/files\/2022\/10\/01_THK_Schuelerverzeichnis_1879_03.jpg\"><img loading=\"lazy\" decoding=\"async\" width=\"1442\" height=\"587\" data-id=\"583\" src=\"https:\/\/blog.rwth-aachen.de\/hochschulularchivenrw\/files\/2022\/10\/01_THK_Schuelerverzeichnis_1879_03.jpg\" alt=\"\" class=\"wp-image-583\" srcset=\"https:\/\/blog.rwth-aachen.de\/hochschulularchivenrw\/files\/2022\/10\/01_THK_Schuelerverzeichnis_1879_03.jpg 1442w, https:\/\/blog.rwth-aachen.de\/hochschulularchivenrw\/files\/2022\/10\/01_THK_Schuelerverzeichnis_1879_03-300x122.jpg 300w, https:\/\/blog.rwth-aachen.de\/hochschulularchivenrw\/files\/2022\/10\/01_THK_Schuelerverzeichnis_1879_03-1024x417.jpg 1024w, https:\/\/blog.rwth-aachen.de\/hochschulularchivenrw\/files\/2022\/10\/01_THK_Schuelerverzeichnis_1879_03-768x313.jpg 768w\" sizes=\"auto, (max-width: 1442px) 100vw, 1442px\" \/><\/a><figcaption class=\"wp-element-caption\">09.11.[19]00\nEntlassen, weil er \u00e4u\u00dfert unz\u00fcchtige Schriftst.[\u00fccke] in die Klasse brachte u Mitsch\u00fclern zum Lesen gab.<\/figcaption><\/figure>\n<figcaption class=\"blocks-gallery-caption wp-element-caption\">F\u00fcr eine gr\u00f6\u00dfere Ansicht klicken Sie auf das Bild<\/figcaption><\/figure>\n<\/div>\n<\/div>\n\n\n\n<hr class=\"wp-block-separator has-text-color has-black-color has-alpha-channel-opacity has-black-background-color has-background\"\/>\n\n\n\n<h4 class=\"wp-block-heading has-text-align-center\">Erste-Hilfe-Kasten<\/h4>\n\n\n\n<p class=\"wp-block-paragraph\"><\/p>\n\n\n\n<div class=\"wp-block-media-text alignwide is-stacked-on-mobile\" style=\"grid-template-columns:60% auto\"><figure class=\"wp-block-media-text__media\"><img loading=\"lazy\" decoding=\"async\" width=\"1070\" height=\"1693\" src=\"https:\/\/blog.rwth-aachen.de\/hochschulularchivenrw\/files\/2022\/10\/02_THK_Erste-Hilfe-Kasten_01.jpg\" alt=\"\" class=\"wp-image-588 size-full\" srcset=\"https:\/\/blog.rwth-aachen.de\/hochschulularchivenrw\/files\/2022\/10\/02_THK_Erste-Hilfe-Kasten_01.jpg 1070w, https:\/\/blog.rwth-aachen.de\/hochschulularchivenrw\/files\/2022\/10\/02_THK_Erste-Hilfe-Kasten_01-190x300.jpg 190w, https:\/\/blog.rwth-aachen.de\/hochschulularchivenrw\/files\/2022\/10\/02_THK_Erste-Hilfe-Kasten_01-647x1024.jpg 647w, https:\/\/blog.rwth-aachen.de\/hochschulularchivenrw\/files\/2022\/10\/02_THK_Erste-Hilfe-Kasten_01-768x1215.jpg 768w, https:\/\/blog.rwth-aachen.de\/hochschulularchivenrw\/files\/2022\/10\/02_THK_Erste-Hilfe-Kasten_01-971x1536.jpg 971w\" sizes=\"auto, (max-width: 1070px) 100vw, 1070px\" \/><\/figure><div class=\"wp-block-media-text__content\">\n<p class=\"wp-block-paragraph\">Der historische Erste-Hilfe-Kasten aus den 1950er Jahren geh\u00f6rte vermutlich den ehemaligen Maschinenbauschulen am Ubierring 48, genau l\u00e4sst sich das nicht mehr nachverfolgen. Manche Teile wie das \u00bbHansaplast\u00ab-Pflaster oder das \u00bbBrandwunden-Verbandp\u00e4ckchen\u00ab sehen heute noch fast genauso aus. Die meisten \u00bbMittelchen\u00ab aber wirken schon ziemlich ausgedient \u2026 obwohl einige der Heilmittel in der Naturheilkunde schon wieder \u2013 oder noch immer \u2013 angesagt sind: zum Beispiel Tonerde, Borax, Wismut oder die geniale Augenbadewanne.<\/p>\n<\/div><\/div>\n\n\n\n<hr class=\"wp-block-separator has-text-color has-black-color has-alpha-channel-opacity has-black-background-color has-background\"\/>\n\n\n\n<h4 class=\"wp-block-heading has-text-align-center\">Ingenieurwissenschaftliches Zentrum<\/h4>\n\n\n\n<p class=\"wp-block-paragraph\"><\/p>\n\n\n\n<figure class=\"wp-block-gallery has-nested-images columns-2 wp-block-gallery-3 is-layout-flex wp-block-gallery-is-layout-flex\">\n<figure class=\"wp-block-image size-full\"><a href=\"https:\/\/blog.rwth-aachen.de\/hochschulularchivenrw\/files\/2022\/10\/03_THK_IWZ_1976_Rohbau.jpg\"><img loading=\"lazy\" decoding=\"async\" width=\"1873\" height=\"1422\" data-id=\"594\" src=\"https:\/\/blog.rwth-aachen.de\/hochschulularchivenrw\/files\/2022\/10\/03_THK_IWZ_1976_Rohbau.jpg\" alt=\"\" class=\"wp-image-594\" srcset=\"https:\/\/blog.rwth-aachen.de\/hochschulularchivenrw\/files\/2022\/10\/03_THK_IWZ_1976_Rohbau.jpg 1873w, https:\/\/blog.rwth-aachen.de\/hochschulularchivenrw\/files\/2022\/10\/03_THK_IWZ_1976_Rohbau-300x228.jpg 300w, https:\/\/blog.rwth-aachen.de\/hochschulularchivenrw\/files\/2022\/10\/03_THK_IWZ_1976_Rohbau-1024x777.jpg 1024w, https:\/\/blog.rwth-aachen.de\/hochschulularchivenrw\/files\/2022\/10\/03_THK_IWZ_1976_Rohbau-768x583.jpg 768w, https:\/\/blog.rwth-aachen.de\/hochschulularchivenrw\/files\/2022\/10\/03_THK_IWZ_1976_Rohbau-1536x1166.jpg 1536w\" sizes=\"auto, (max-width: 1873px) 100vw, 1873px\" \/><\/a><\/figure>\n\n\n\n<figure class=\"wp-block-image size-full\"><a href=\"https:\/\/blog.rwth-aachen.de\/hochschulularchivenrw\/files\/2022\/10\/03_THK_IWZ_1976_Spatenstich.jpg\"><img loading=\"lazy\" decoding=\"async\" width=\"2061\" height=\"1285\" data-id=\"593\" src=\"https:\/\/blog.rwth-aachen.de\/hochschulularchivenrw\/files\/2022\/10\/03_THK_IWZ_1976_Spatenstich.jpg\" alt=\"\" class=\"wp-image-593\" srcset=\"https:\/\/blog.rwth-aachen.de\/hochschulularchivenrw\/files\/2022\/10\/03_THK_IWZ_1976_Spatenstich.jpg 2061w, https:\/\/blog.rwth-aachen.de\/hochschulularchivenrw\/files\/2022\/10\/03_THK_IWZ_1976_Spatenstich-300x187.jpg 300w, https:\/\/blog.rwth-aachen.de\/hochschulularchivenrw\/files\/2022\/10\/03_THK_IWZ_1976_Spatenstich-1024x638.jpg 1024w, https:\/\/blog.rwth-aachen.de\/hochschulularchivenrw\/files\/2022\/10\/03_THK_IWZ_1976_Spatenstich-768x479.jpg 768w, https:\/\/blog.rwth-aachen.de\/hochschulularchivenrw\/files\/2022\/10\/03_THK_IWZ_1976_Spatenstich-1536x958.jpg 1536w, https:\/\/blog.rwth-aachen.de\/hochschulularchivenrw\/files\/2022\/10\/03_THK_IWZ_1976_Spatenstich-2048x1277.jpg 2048w\" sizes=\"auto, (max-width: 2061px) 100vw, 2061px\" \/><\/a><\/figure>\n<figcaption class=\"blocks-gallery-caption wp-element-caption\">F\u00fcr eine gr\u00f6\u00dfere Ansicht klicken Sie auf das Bild<\/figcaption><\/figure>\n\n\n\n<p class=\"wp-block-paragraph\">Finanzminister Hans Wertz nimmt im Oktober den Spatenstich f\u00fcr den Neubau des Ingenieurwissenschaftlichen Zentrums (IWZ) in K\u00f6ln-Deutz vor. Das Geb\u00e4ude ist auf rund 4000 Studierende ausgelegt; die Bauarbeiten dauern rund drei Jahre.<\/p>\n\n\n\n<hr class=\"wp-block-separator has-text-color has-black-color has-alpha-channel-opacity has-black-background-color has-background\"\/>\n\n\n\n<h4 class=\"wp-block-heading has-text-align-center\">Lagebericht<\/h4>\n\n\n\n<p class=\"wp-block-paragraph\"><\/p>\n\n\n\n<div class=\"wp-block-media-text alignwide is-stacked-on-mobile\"><figure class=\"wp-block-media-text__media\"><img loading=\"lazy\" decoding=\"async\" width=\"716\" height=\"1024\" src=\"https:\/\/blog.rwth-aachen.de\/hochschulularchivenrw\/files\/2022\/10\/04_THK_Lagebericht_1971_01-716x1024.jpg\" alt=\"\" class=\"wp-image-599 size-full\" srcset=\"https:\/\/blog.rwth-aachen.de\/hochschulularchivenrw\/files\/2022\/10\/04_THK_Lagebericht_1971_01-716x1024.jpg 716w, https:\/\/blog.rwth-aachen.de\/hochschulularchivenrw\/files\/2022\/10\/04_THK_Lagebericht_1971_01-210x300.jpg 210w, https:\/\/blog.rwth-aachen.de\/hochschulularchivenrw\/files\/2022\/10\/04_THK_Lagebericht_1971_01-768x1099.jpg 768w, https:\/\/blog.rwth-aachen.de\/hochschulularchivenrw\/files\/2022\/10\/04_THK_Lagebericht_1971_01-1073x1536.jpg 1073w, https:\/\/blog.rwth-aachen.de\/hochschulularchivenrw\/files\/2022\/10\/04_THK_Lagebericht_1971_01.jpg 1209w\" sizes=\"auto, (max-width: 716px) 100vw, 716px\" \/><\/figure><div class=\"wp-block-media-text__content\">\n<p class=\"wp-block-paragraph\">Der Lagebericht &#8211; vier Monate nach Gr\u00fcndung der Fachhochschule K\u00f6ln &#8211; gibt Aufschluss \u00fcber Defizite in den Bereichen Lehre, Finanzen, Personal, Standort- und Raumplanung.<\/p>\n\n\n\n<p class=\"wp-block-paragraph\">Das Fazit am Ende fasst die Situation zusammen:<\/p>\n\n\n\n<p class=\"wp-block-paragraph\">\u201eSelbst eine sorgf\u00e4ltig geplante Struktur\u00e4nderung kann zu erheblichen Schwierigkeiten f\u00fchren. Die Planung vonseiten des Ministeriums hat jedoch unseres Erachtens die Schwierigkeiten untersch\u00e4tzt und die Notwendigkeiten nicht voll erfa\u00dft.<\/p>\n\n\n\n<p class=\"wp-block-paragraph\">Ein Reformbeginn geht nicht ohne Reibungen ab. \u00dcbersch\u00e4tzt wird jedoch die Verschlei\u00dffestigkeit der Hochschulangeh\u00f6rigen, d.h. z.Zt. ist die Gefahr der Resignation dort offensichtlich, wo fundierter<\/p>\n\n\n\n<p class=\"wp-block-paragraph\">Enthusiasmus dringend gebraucht wird. Dar\u00fcber kann auch strahlender Zweckoptimismus nicht hinwegt\u00e4uschen.<\/p>\n\n\n\n<p class=\"wp-block-paragraph\">Die Durststrecke wird kaum vor April 1972 \u00fcberwunden sein.\u201c<\/p>\n<\/div><\/div>\n\n\n\n<hr class=\"wp-block-separator has-text-color has-black-color has-alpha-channel-opacity has-black-background-color has-background\"\/>\n\n\n\n<h4 class=\"wp-block-heading has-text-align-center\">Rundschreiben<\/h4>\n\n\n\n<p class=\"wp-block-paragraph\"><\/p>\n\n\n\n<div class=\"wp-block-media-text alignwide has-media-on-the-right is-stacked-on-mobile\"><div class=\"wp-block-media-text__content\">\n<p class=\"wp-block-paragraph\">Dieses Rundschreiben des Rektors der Fachhochschule K\u00f6ln vom 24.11.1980 ist schon insofern aufschlussreich, als hier das erste Logo der Fachhochschule zu sehen ist (das im Farbdruck rot war). Die Adresse \u00bbReitweg 1 in 5000 K\u00f6ln 21 (Deutz)\u00ab erinnert daran, dass zu dieser Zeit die Hochschulverwaltung noch in Deutz ans\u00e4ssig war.<\/p>\n\n\n\n<p class=\"wp-block-paragraph\">Recht gem\u00fctlich klingen aus heutiger Sicht die \u00bbSprechzeiten der Verwaltung\u00ab im Fu\u00df des Schreibens: \u00bbMontag bis Mittwoch von 8:30 Uhr bis 12:00 Uhr sowie nach Vereinbarung\u00ab<\/p>\n\n\n\n<p class=\"wp-block-paragraph\">Zum eigentlichen Anliegen: Der Rektor Prof. Dr. Johann Ludwig Atrops wendet sich an die \u00bbDamen und Herren des Dozentenkollegiums\u00ab und an die \u00bbMitarbeiterinnen und Mitarbeiter\u00ab, um auf einen Missstand aufmerksam zu machen. Offenbar kam es h\u00e4ufiger vor, dass Angeh\u00f6rige der Hochschule ihre Dienstr\u00e4ume als \u00bbWohn-und \u00dcbernachtungsr\u00e4ume\u00ab nutzten. Ganz ernsthaft (?) wird f\u00fcr den Fall einer Fortsetzung dieser \u00bbzweckfremden\u00ab Nutzung eine Konsequenz angek\u00fcndigt, in Form einer \u00bbangemessenen Monatsmiete\u00ab von etwa 11, &#8211;DM pro Quadratmeter!\u00ab<\/p>\n<\/div><figure class=\"wp-block-media-text__media\"><img loading=\"lazy\" decoding=\"async\" width=\"724\" height=\"1024\" src=\"https:\/\/blog.rwth-aachen.de\/hochschulularchivenrw\/files\/2022\/10\/05_THK_1980_Rundschreiben_Miete_01-724x1024.jpg\" alt=\"\" class=\"wp-image-602 size-full\" srcset=\"https:\/\/blog.rwth-aachen.de\/hochschulularchivenrw\/files\/2022\/10\/05_THK_1980_Rundschreiben_Miete_01-724x1024.jpg 724w, https:\/\/blog.rwth-aachen.de\/hochschulularchivenrw\/files\/2022\/10\/05_THK_1980_Rundschreiben_Miete_01-212x300.jpg 212w, https:\/\/blog.rwth-aachen.de\/hochschulularchivenrw\/files\/2022\/10\/05_THK_1980_Rundschreiben_Miete_01-768x1086.jpg 768w, https:\/\/blog.rwth-aachen.de\/hochschulularchivenrw\/files\/2022\/10\/05_THK_1980_Rundschreiben_Miete_01.jpg 992w\" sizes=\"auto, (max-width: 724px) 100vw, 724px\" \/><\/figure><\/div>\n\n\n\n<hr class=\"wp-block-separator has-text-color has-black-color has-alpha-channel-opacity has-black-background-color has-background\"\/>\n\n\n\n<h4 class=\"wp-block-heading has-text-align-center\">Jahrhunderthochwasser<\/h4>\n\n\n\n<p class=\"wp-block-paragraph\"><\/p>\n\n\n\n<p class=\"wp-block-paragraph\">An Weihnachten 1994 und im Januar 1995 \u00fcbersteigt der Rheinpegel jeweils die Marke von zehn Metern. Die Altstadt wird \u00fcberflutet, viele H\u00e4user in der S\u00fcdstadt stehen unter Wasser, auch die Hochschulgeb\u00e4ude in der Claudiusstra\u00dfe und der Mainzer Stra\u00dfe 5. Der Hausdienst ist im Dauereinsatz, um das Wasser aus den Kellern zu pumpen.<\/p>\n\n\n\n<p class=\"wp-block-paragraph\">Die Fotos zeigen das Kellergeschoss vom Geb\u00e4ude Claudiusstra\u00dfe, Sitz der Technischen Hochschule K\u00f6ln.<\/p>\n\n\n\n<figure class=\"wp-block-gallery has-nested-images columns-default is-cropped wp-block-gallery-4 is-layout-flex wp-block-gallery-is-layout-flex\">\n<figure class=\"wp-block-image size-large\"><a href=\"https:\/\/blog.rwth-aachen.de\/hochschulularchivenrw\/files\/2022\/10\/06_THK_Jahrhunderthochwasser_1994_1995_01.jpg\"><img loading=\"lazy\" decoding=\"async\" width=\"1024\" height=\"645\" data-id=\"606\" src=\"https:\/\/blog.rwth-aachen.de\/hochschulularchivenrw\/files\/2022\/10\/06_THK_Jahrhunderthochwasser_1994_1995_01-1024x645.jpg\" alt=\"\" class=\"wp-image-606\" srcset=\"https:\/\/blog.rwth-aachen.de\/hochschulularchivenrw\/files\/2022\/10\/06_THK_Jahrhunderthochwasser_1994_1995_01-1024x645.jpg 1024w, https:\/\/blog.rwth-aachen.de\/hochschulularchivenrw\/files\/2022\/10\/06_THK_Jahrhunderthochwasser_1994_1995_01-300x189.jpg 300w, https:\/\/blog.rwth-aachen.de\/hochschulularchivenrw\/files\/2022\/10\/06_THK_Jahrhunderthochwasser_1994_1995_01-768x484.jpg 768w, https:\/\/blog.rwth-aachen.de\/hochschulularchivenrw\/files\/2022\/10\/06_THK_Jahrhunderthochwasser_1994_1995_01-1536x968.jpg 1536w, https:\/\/blog.rwth-aachen.de\/hochschulularchivenrw\/files\/2022\/10\/06_THK_Jahrhunderthochwasser_1994_1995_01.jpg 1881w\" sizes=\"auto, (max-width: 1024px) 100vw, 1024px\" \/><\/a><\/figure>\n\n\n\n<figure class=\"wp-block-image size-large\"><a href=\"https:\/\/blog.rwth-aachen.de\/hochschulularchivenrw\/files\/2022\/10\/06_THK_Jahrhunderthochwasser_1994_1995_02.jpg\"><img loading=\"lazy\" decoding=\"async\" width=\"1024\" height=\"642\" data-id=\"607\" src=\"https:\/\/blog.rwth-aachen.de\/hochschulularchivenrw\/files\/2022\/10\/06_THK_Jahrhunderthochwasser_1994_1995_02-1024x642.jpg\" alt=\"\" class=\"wp-image-607\" srcset=\"https:\/\/blog.rwth-aachen.de\/hochschulularchivenrw\/files\/2022\/10\/06_THK_Jahrhunderthochwasser_1994_1995_02-1024x642.jpg 1024w, https:\/\/blog.rwth-aachen.de\/hochschulularchivenrw\/files\/2022\/10\/06_THK_Jahrhunderthochwasser_1994_1995_02-300x188.jpg 300w, https:\/\/blog.rwth-aachen.de\/hochschulularchivenrw\/files\/2022\/10\/06_THK_Jahrhunderthochwasser_1994_1995_02-768x481.jpg 768w, https:\/\/blog.rwth-aachen.de\/hochschulularchivenrw\/files\/2022\/10\/06_THK_Jahrhunderthochwasser_1994_1995_02-1536x963.jpg 1536w, https:\/\/blog.rwth-aachen.de\/hochschulularchivenrw\/files\/2022\/10\/06_THK_Jahrhunderthochwasser_1994_1995_02.jpg 1892w\" sizes=\"auto, (max-width: 1024px) 100vw, 1024px\" \/><\/a><\/figure>\n\n\n\n<figure class=\"wp-block-image size-large\"><a href=\"https:\/\/blog.rwth-aachen.de\/hochschulularchivenrw\/files\/2022\/10\/06_THK_Jahrhunderthochwasser_1994_1995_03.jpg\"><img loading=\"lazy\" decoding=\"async\" width=\"1024\" height=\"641\" data-id=\"608\" src=\"https:\/\/blog.rwth-aachen.de\/hochschulularchivenrw\/files\/2022\/10\/06_THK_Jahrhunderthochwasser_1994_1995_03-1024x641.jpg\" alt=\"\" class=\"wp-image-608\" srcset=\"https:\/\/blog.rwth-aachen.de\/hochschulularchivenrw\/files\/2022\/10\/06_THK_Jahrhunderthochwasser_1994_1995_03-1024x641.jpg 1024w, https:\/\/blog.rwth-aachen.de\/hochschulularchivenrw\/files\/2022\/10\/06_THK_Jahrhunderthochwasser_1994_1995_03-300x188.jpg 300w, https:\/\/blog.rwth-aachen.de\/hochschulularchivenrw\/files\/2022\/10\/06_THK_Jahrhunderthochwasser_1994_1995_03-768x481.jpg 768w, https:\/\/blog.rwth-aachen.de\/hochschulularchivenrw\/files\/2022\/10\/06_THK_Jahrhunderthochwasser_1994_1995_03-1536x962.jpg 1536w, https:\/\/blog.rwth-aachen.de\/hochschulularchivenrw\/files\/2022\/10\/06_THK_Jahrhunderthochwasser_1994_1995_03.jpg 1898w\" sizes=\"auto, (max-width: 1024px) 100vw, 1024px\" \/><\/a><\/figure>\n<figcaption class=\"blocks-gallery-caption wp-element-caption\">F\u00fcr eine gr\u00f6\u00dfere Ansicht klicken Sie auf das Bild<\/figcaption><\/figure>\n\n\n\n<hr class=\"wp-block-separator has-text-color has-black-color has-alpha-channel-opacity has-black-background-color has-background\"\/>\n\n\n\n<h4 class=\"wp-block-heading has-text-align-center\">L\u00f6wenbrunnen<\/h4>\n\n\n\n<p class=\"wp-block-paragraph\"><\/p>\n\n\n\n<figure class=\"wp-block-gallery has-nested-images columns-2 is-cropped wp-block-gallery-5 is-layout-flex wp-block-gallery-is-layout-flex\">\n<figure class=\"wp-block-image size-large\"><a href=\"https:\/\/blog.rwth-aachen.de\/hochschulularchivenrw\/files\/2022\/10\/07_THK_Loewenbrunnen_1937_01.jpg\"><img loading=\"lazy\" decoding=\"async\" width=\"726\" height=\"1024\" data-id=\"610\" src=\"https:\/\/blog.rwth-aachen.de\/hochschulularchivenrw\/files\/2022\/10\/07_THK_Loewenbrunnen_1937_01-726x1024.jpg\" alt=\"\" class=\"wp-image-610\" srcset=\"https:\/\/blog.rwth-aachen.de\/hochschulularchivenrw\/files\/2022\/10\/07_THK_Loewenbrunnen_1937_01-726x1024.jpg 726w, https:\/\/blog.rwth-aachen.de\/hochschulularchivenrw\/files\/2022\/10\/07_THK_Loewenbrunnen_1937_01-213x300.jpg 213w, https:\/\/blog.rwth-aachen.de\/hochschulularchivenrw\/files\/2022\/10\/07_THK_Loewenbrunnen_1937_01-768x1083.jpg 768w, https:\/\/blog.rwth-aachen.de\/hochschulularchivenrw\/files\/2022\/10\/07_THK_Loewenbrunnen_1937_01.jpg 1045w\" sizes=\"auto, (max-width: 726px) 100vw, 726px\" \/><\/a><\/figure>\n\n\n\n<figure class=\"wp-block-image size-large\"><a href=\"https:\/\/blog.rwth-aachen.de\/hochschulularchivenrw\/files\/2022\/10\/07_THK_Loewenbrunnen_1983_01.jpg\"><img loading=\"lazy\" decoding=\"async\" width=\"1024\" height=\"768\" data-id=\"613\" src=\"https:\/\/blog.rwth-aachen.de\/hochschulularchivenrw\/files\/2022\/10\/07_THK_Loewenbrunnen_1983_01-1024x768.jpg\" alt=\"\" class=\"wp-image-613\" srcset=\"https:\/\/blog.rwth-aachen.de\/hochschulularchivenrw\/files\/2022\/10\/07_THK_Loewenbrunnen_1983_01-1024x768.jpg 1024w, https:\/\/blog.rwth-aachen.de\/hochschulularchivenrw\/files\/2022\/10\/07_THK_Loewenbrunnen_1983_01-300x225.jpg 300w, https:\/\/blog.rwth-aachen.de\/hochschulularchivenrw\/files\/2022\/10\/07_THK_Loewenbrunnen_1983_01-768x576.jpg 768w, https:\/\/blog.rwth-aachen.de\/hochschulularchivenrw\/files\/2022\/10\/07_THK_Loewenbrunnen_1983_01-1536x1152.jpg 1536w, https:\/\/blog.rwth-aachen.de\/hochschulularchivenrw\/files\/2022\/10\/07_THK_Loewenbrunnen_1983_01.jpg 1613w\" sizes=\"auto, (max-width: 1024px) 100vw, 1024px\" \/><\/a><\/figure>\n\n\n\n<figure class=\"wp-block-image size-large\"><a href=\"https:\/\/blog.rwth-aachen.de\/hochschulularchivenrw\/files\/2022\/10\/07_THK_Loewenbrunnen_2014_01.jpg\"><img loading=\"lazy\" decoding=\"async\" width=\"1024\" height=\"768\" data-id=\"611\" src=\"https:\/\/blog.rwth-aachen.de\/hochschulularchivenrw\/files\/2022\/10\/07_THK_Loewenbrunnen_2014_01-1024x768.jpg\" alt=\"\" class=\"wp-image-611\" srcset=\"https:\/\/blog.rwth-aachen.de\/hochschulularchivenrw\/files\/2022\/10\/07_THK_Loewenbrunnen_2014_01-1024x768.jpg 1024w, https:\/\/blog.rwth-aachen.de\/hochschulularchivenrw\/files\/2022\/10\/07_THK_Loewenbrunnen_2014_01-300x225.jpg 300w, https:\/\/blog.rwth-aachen.de\/hochschulularchivenrw\/files\/2022\/10\/07_THK_Loewenbrunnen_2014_01-768x576.jpg 768w, https:\/\/blog.rwth-aachen.de\/hochschulularchivenrw\/files\/2022\/10\/07_THK_Loewenbrunnen_2014_01-1536x1152.jpg 1536w, https:\/\/blog.rwth-aachen.de\/hochschulularchivenrw\/files\/2022\/10\/07_THK_Loewenbrunnen_2014_01-2048x1536.jpg 2048w\" sizes=\"auto, (max-width: 1024px) 100vw, 1024px\" \/><\/a><\/figure>\n\n\n\n<figure class=\"wp-block-image size-large\"><a href=\"https:\/\/blog.rwth-aachen.de\/hochschulularchivenrw\/files\/2022\/10\/07_THK_Loewenbrunnen_2021_01-scaled-1.jpg\"><img decoding=\"async\" data-id=\"612\" src=\"https:\/\/hochschularchive.nrw\/wp-content\/uploads\/2022\/10\/07_THK_Loewenbrunnen_2021_01-1024x767.jpg\" alt=\"\" class=\"wp-image-612\"\/><\/a><\/figure>\n<figcaption class=\"blocks-gallery-caption wp-element-caption\">F\u00fcr eine gr\u00f6\u00dfere Ansicht klicken Sie auf das Bild<\/figcaption><\/figure>\n\n\n\n<p class=\"wp-block-paragraph\">Ende 2014 gab es am Campus S\u00fcdstadt eine kleine baugeschichtliche Sensation:<\/p>\n\n\n\n<p class=\"wp-block-paragraph\">nach \u00fcber 75 Jahren kam unter der Haupttreppe des Hauptgeb\u00e4udes in der&nbsp;Claudiusstra\u00dfe der alte \u00bbL\u00f6wenbrunnen\u00ab aus der Erbauungszeit von 1907 zum Vorschein.<\/p>\n\n\n\n<p class=\"wp-block-paragraph\">Es war kein Zufall, sondern ein diskreter Hinweis gewesen, der diese&nbsp;Entdeckung angesto\u00dfen hatte. Karl-Theo Thelen, \u00fcber 40 Jahre lang Hausmeister in&nbsp;der Claudiusstra\u00dfe, hatte aus den Erz\u00e4hlungen seines alten Ausbilders von&nbsp;verborgenen G\u00e4ngen, Kammern und Geschichten des Geb\u00e4udes geh\u00f6rt \u2013 so auch vom&nbsp;alten Brunnen.<\/p>\n\n\n\n<p class=\"wp-block-paragraph\">Kurz vor seiner Pensionierung im Jahr 2015 wollte der Hausmeister es&nbsp;genau wissen. Alt-Pr\u00e4sident Prof. Metzner zeigte sich interessiert und \u2013 die Jagd nach&nbsp;dem \u00bbverlorenen Schatz\u00ab konnte beginnen.<\/p>\n\n\n\n<p class=\"wp-block-paragraph\">Voruntersuchungen mit einer Spezialkamera zeigten, dass der Treppenaufbau nicht mit&nbsp;Sand aufgesch\u00fcttet, sondern auf \u00bbStreifenfundamente\u00ab gesetzt war. Die Hohlkammern&nbsp;gaben den Blick frei auf die Reste der alten Brunnenanlage. Auch die fast vollst\u00e4ndig&nbsp;erhaltene Brunnen-R\u00fcckwand aus Naturstein kam zum Vorschein. Nach dem Abbruch&nbsp;der Streifenfundamente erwies sich, dass die Natursteine des Brunnens (Travertin und&nbsp;Sabonni\u00e9re) ebenfalls in gutem Zustand waren. Allerdings war vom Brunnen selbst nur&nbsp;noch das Fundament vorhanden. Die von S\u00e4ulen getragene Brunnenschale und der&nbsp;wasserspeiende L\u00f6wenkopf waren nicht mehr erhalten.<\/p>\n\n\n\n<p class=\"wp-block-paragraph\">Es dauerte nach diesen Erkundungen noch vier Jahre, bis die Brunnenanlage \u2013 nach langwierigem Aushandeln der Zust\u00e4ndigkeiten in Abstimmung mit dem Amt f\u00fcr Denkmalschutz \u2013 fachgerecht saniert werden konnte.<\/p>\n\n\n\n<p class=\"wp-block-paragraph\">Im studentischen Wettbewerb \u00bbZeitr\u00e4ume\u00ab haben rund 100 Studierende aus den Bereichen Design, Architektur, Medientechnologie, Code &amp; Context, Terminologie und Sprachtechnologie sowie Restaurierungs- und Konservierungswissenschaften Konzepte zur Gestaltung und Nutzung des Brunnens entwickelt.<\/p>\n","protected":false},"excerpt":{"rendered":"<p>Das Hochschularchiv sammelt seit 1985 Informationen, Dokumente, Objekte aus der Geschichte der Technischen Hochschule K\u00f6ln und ihrer Vorg\u00e4ngereinrichtungen. Dazu geh\u00f6ren neben dem klassischen Archivgut (Verwaltungsschriftgut in analoger und digitaler Form) [&hellip;]<\/p>\n","protected":false},"author":7114,"featured_media":583,"comment_status":"closed","ping_status":"open","sticky":false,"template":"","format":"standard","meta":{"c2c_always_allow_admin_comments":false,"footnotes":""},"categories":[2],"tags":[],"class_list":["post-577","post","type-post","status-publish","format-standard","has-post-thumbnail","category-archivschaetze","czr-hentry"],"_links":{"self":[{"href":"https:\/\/blog.rwth-aachen.de\/hochschulularchivenrw\/wp-json\/wp\/v2\/posts\/577","targetHints":{"allow":["GET"]}}],"collection":[{"href":"https:\/\/blog.rwth-aachen.de\/hochschulularchivenrw\/wp-json\/wp\/v2\/posts"}],"about":[{"href":"https:\/\/blog.rwth-aachen.de\/hochschulularchivenrw\/wp-json\/wp\/v2\/types\/post"}],"author":[{"embeddable":true,"href":"https:\/\/blog.rwth-aachen.de\/hochschulularchivenrw\/wp-json\/wp\/v2\/users\/7114"}],"replies":[{"embeddable":true,"href":"https:\/\/blog.rwth-aachen.de\/hochschulularchivenrw\/wp-json\/wp\/v2\/comments?post=577"}],"version-history":[{"count":0,"href":"https:\/\/blog.rwth-aachen.de\/hochschulularchivenrw\/wp-json\/wp\/v2\/posts\/577\/revisions"}],"wp:featuredmedia":[{"embeddable":true,"href":"https:\/\/blog.rwth-aachen.de\/hochschulularchivenrw\/wp-json\/wp\/v2\/media\/583"}],"wp:attachment":[{"href":"https:\/\/blog.rwth-aachen.de\/hochschulularchivenrw\/wp-json\/wp\/v2\/media?parent=577"}],"wp:term":[{"taxonomy":"category","embeddable":true,"href":"https:\/\/blog.rwth-aachen.de\/hochschulularchivenrw\/wp-json\/wp\/v2\/categories?post=577"},{"taxonomy":"post_tag","embeddable":true,"href":"https:\/\/blog.rwth-aachen.de\/hochschulularchivenrw\/wp-json\/wp\/v2\/tags?post=577"}],"curies":[{"name":"wp","href":"https:\/\/api.w.org\/{rel}","templated":true}]}}