{"id":919,"date":"2022-11-07T14:16:30","date_gmt":"2022-11-07T13:16:30","guid":{"rendered":"https:\/\/hochschularchive.nrw\/?p=919"},"modified":"2022-11-07T14:16:30","modified_gmt":"2022-11-07T13:16:30","slug":"archivschaetze-universitaetsarchiv-bielefeld","status":"publish","type":"post","link":"https:\/\/blog.rwth-aachen.de\/hochschulularchivenrw\/2022\/11\/07\/archivschaetze-universitaetsarchiv-bielefeld\/","title":{"rendered":"Archivsch\u00e4tze: Universit\u00e4tsarchiv Bielefeld"},"content":{"rendered":"\n<div style=\"height:100px\" aria-hidden=\"true\" class=\"wp-block-spacer\"><\/div>\n\n\n\n<h4 class=\"wp-block-heading has-text-align-center\"><strong>Schelsky-Terminliste<\/strong><\/h4>\n\n\n\n<p class=\"wp-block-paragraph\"><\/p>\n\n\n\n<figure class=\"wp-block-gallery has-nested-images columns-5 wp-block-gallery-2 is-layout-flex wp-block-gallery-is-layout-flex\">\n<figure class=\"wp-block-image size-large\"><a href=\"https:\/\/blog.rwth-aachen.de\/hochschulularchivenrw\/files\/2022\/11\/1.jpg\"><img loading=\"lazy\" decoding=\"async\" width=\"725\" height=\"1024\" data-id=\"924\" src=\"https:\/\/blog.rwth-aachen.de\/hochschulularchivenrw\/files\/2022\/11\/1-725x1024.jpg\" alt=\"\" class=\"wp-image-924\" srcset=\"https:\/\/blog.rwth-aachen.de\/hochschulularchivenrw\/files\/2022\/11\/1-725x1024.jpg 725w, https:\/\/blog.rwth-aachen.de\/hochschulularchivenrw\/files\/2022\/11\/1-212x300.jpg 212w, https:\/\/blog.rwth-aachen.de\/hochschulularchivenrw\/files\/2022\/11\/1-768x1085.jpg 768w, https:\/\/blog.rwth-aachen.de\/hochschulularchivenrw\/files\/2022\/11\/1.jpg 837w\" sizes=\"auto, (max-width: 725px) 100vw, 725px\" \/><\/a><\/figure>\n\n\n\n<figure class=\"wp-block-image size-large\"><a href=\"https:\/\/blog.rwth-aachen.de\/hochschulularchivenrw\/files\/2022\/11\/2.jpg\"><img loading=\"lazy\" decoding=\"async\" width=\"725\" height=\"1024\" data-id=\"922\" src=\"https:\/\/blog.rwth-aachen.de\/hochschulularchivenrw\/files\/2022\/11\/2-725x1024.jpg\" alt=\"\" class=\"wp-image-922\" srcset=\"https:\/\/blog.rwth-aachen.de\/hochschulularchivenrw\/files\/2022\/11\/2-725x1024.jpg 725w, https:\/\/blog.rwth-aachen.de\/hochschulularchivenrw\/files\/2022\/11\/2-212x300.jpg 212w, https:\/\/blog.rwth-aachen.de\/hochschulularchivenrw\/files\/2022\/11\/2-768x1085.jpg 768w, https:\/\/blog.rwth-aachen.de\/hochschulularchivenrw\/files\/2022\/11\/2.jpg 837w\" sizes=\"auto, (max-width: 725px) 100vw, 725px\" \/><\/a><\/figure>\n\n\n\n<figure class=\"wp-block-image size-large\"><a href=\"https:\/\/blog.rwth-aachen.de\/hochschulularchivenrw\/files\/2022\/11\/3.jpg\"><img loading=\"lazy\" decoding=\"async\" width=\"718\" height=\"1024\" data-id=\"921\" src=\"https:\/\/blog.rwth-aachen.de\/hochschulularchivenrw\/files\/2022\/11\/3-718x1024.jpg\" alt=\"\" class=\"wp-image-921\" srcset=\"https:\/\/blog.rwth-aachen.de\/hochschulularchivenrw\/files\/2022\/11\/3-718x1024.jpg 718w, https:\/\/blog.rwth-aachen.de\/hochschulularchivenrw\/files\/2022\/11\/3-210x300.jpg 210w, https:\/\/blog.rwth-aachen.de\/hochschulularchivenrw\/files\/2022\/11\/3-768x1095.jpg 768w, https:\/\/blog.rwth-aachen.de\/hochschulularchivenrw\/files\/2022\/11\/3.jpg 833w\" sizes=\"auto, (max-width: 718px) 100vw, 718px\" \/><\/a><\/figure>\n\n\n\n<figure class=\"wp-block-image size-large\"><a href=\"https:\/\/blog.rwth-aachen.de\/hochschulularchivenrw\/files\/2022\/11\/4.jpg\"><img loading=\"lazy\" decoding=\"async\" width=\"833\" height=\"1186\" data-id=\"923\" src=\"https:\/\/blog.rwth-aachen.de\/hochschulularchivenrw\/files\/2022\/11\/4-719x1024.jpg\" alt=\"\" class=\"wp-image-923\" srcset=\"https:\/\/blog.rwth-aachen.de\/hochschulularchivenrw\/files\/2022\/11\/4-719x1024.jpg 719w, https:\/\/blog.rwth-aachen.de\/hochschulularchivenrw\/files\/2022\/11\/4-211x300.jpg 211w, https:\/\/blog.rwth-aachen.de\/hochschulularchivenrw\/files\/2022\/11\/4-768x1093.jpg 768w, https:\/\/blog.rwth-aachen.de\/hochschulularchivenrw\/files\/2022\/11\/4.jpg 833w\" sizes=\"auto, (max-width: 833px) 100vw, 833px\" \/><\/a><\/figure>\n\n\n\n<figure class=\"wp-block-image size-large\"><a href=\"https:\/\/blog.rwth-aachen.de\/hochschulularchivenrw\/files\/2022\/11\/5.jpg\"><img loading=\"lazy\" decoding=\"async\" width=\"721\" height=\"1024\" data-id=\"920\" src=\"https:\/\/blog.rwth-aachen.de\/hochschulularchivenrw\/files\/2022\/11\/5-721x1024.jpg\" alt=\"\" class=\"wp-image-920\" srcset=\"https:\/\/blog.rwth-aachen.de\/hochschulularchivenrw\/files\/2022\/11\/5-721x1024.jpg 721w, https:\/\/blog.rwth-aachen.de\/hochschulularchivenrw\/files\/2022\/11\/5-211x300.jpg 211w, https:\/\/blog.rwth-aachen.de\/hochschulularchivenrw\/files\/2022\/11\/5-768x1090.jpg 768w, https:\/\/blog.rwth-aachen.de\/hochschulularchivenrw\/files\/2022\/11\/5.jpg 837w\" sizes=\"auto, (max-width: 721px) 100vw, 721px\" \/><\/a><\/figure>\n<figcaption class=\"blocks-gallery-caption wp-element-caption\">Signatur: UABI, NL HS 1<br><br>F\u00fcr eine gr\u00f6\u00dfere Ansicht klicken Sie auf das Bild<\/figcaption><\/figure>\n\n\n\n<p class=\"wp-block-paragraph\">Der Soziologe Helmut Schelsky, einer der einflussreichsten Soziologen der jungen Bundesrepublik und \u201eStichwortgeber des Zeitgeistes\u201c (Clemens Albrecht in Erneuerung des Wortes von Ludolf Herrmann) gilt als der \u201ePlaner\u201c der Universit\u00e4t Bielefeld. Am 9. M\u00e4rz 1965 beauftragte NRW-Kultusminister Paul Mikat Helmut Schelsky, der 1963 mit \u201eEinsamkeit und Freiheit. Idee und Gestalt der deutschen Universit\u00e4t und ihrer Reformen\u201c (1963) ein Werk \u00fcber die seiner Meinung nach noch immer g\u00fcltigen Humboldt\u2018schen Bildungsideale und die Notwendigkeit h\u00f6chstrangiger interdisziplin\u00e4rer Forschungsinstitutionen vorgelegt hatte, mit der vorbereitenden Planung zum Aufbau einer vom Wissenschaftsrat angeregten Universit\u00e4t in Ostwestfalen.<\/p>\n\n\n\n<p class=\"wp-block-paragraph\">In nur wenigen Monaten f\u00fchrte Schelsky \u00fcber 70 Gespr\u00e4che mit Personen, die f\u00fcr den Aufbau der Universit\u00e4t relevant waren und dokumentierte dies in einer \u201eTerminliste\u201c, die f\u00fcr den Zeitraum vom 20. Januar 1965 bis 6. Januar 1966 insgesamt 71 Termine auflistet. Quasi im Alleingang konnte Schelsky bereits Anfang Juli 1965 in der Terminliste vermerken \u201eErste Etappe abgeschlossen\u201c (Personalgewinnung) und im August eine \u00fcberarbeitete Fassung seines Strukturvorschlags f\u00fcr ein durchaus k\u00fchnes Reformkonzept der ostwestf\u00e4lischen Universit\u00e4t vorlegen.<\/p>\n\n\n\n<hr class=\"wp-block-separator has-text-color has-black-color has-alpha-channel-opacity has-black-background-color has-background\"\/>\n\n\n\n<h4 class=\"wp-block-heading has-text-align-center\">Hochschulportr\u00e4t<\/h4>\n\n\n\n<p class=\"wp-block-paragraph\"><\/p>\n\n\n\n<p class=\"wp-block-paragraph\">Die sp\u00e4ten 1960er und 1970er Jahre waren die Hochphase der Hochschulneugr\u00fcndungen in der Bundesrepublik Deutschland. Insbesondere das Land Nordrhein-Westfalen gr\u00fcndete in dieser Phase eine ganze Reihe von Universit\u00e4ten, Gesamthochschulen und Fachhochschulen. Der Gr\u00fcndungsprozess der mit besonderen Reformanspr\u00fcchen gestarteten Universit\u00e4t Bielefeld wurde dabei auch filmisch begleitet. \u201eDas Hochschulportr\u00e4t Bielefeld\u201c wurde im Dezember 1969 ausgestrahlt, stellte in einer halben Stunde die nun neue Universit\u00e4tsstadt Bielefeld vor und lie\u00df die Protagonisten die Reformans\u00e4tze der ostwestf\u00e4lischen Universit\u00e4t erl\u00e4utern.<\/p>\n\n\n\n<p class=\"wp-block-paragraph\">Der erste Ausschnitt stellt die Universit\u00e4t allgemein vor.<\/p>\n\n\n\n<figure class=\"wp-block-video\"><video height=\"1080\" style=\"aspect-ratio: 1920 \/ 1080;\" width=\"1920\" controls poster=\"https:\/\/blog.rwth-aachen.de\/hochschulularchivenrw\/files\/2023\/12\/Vorschaubild-Uni-Bielefeld-2.png\" src=\"https:\/\/hochschularchive.nrw\/wp-content\/uploads\/2023\/12\/02_UniBielefeld_Hochschulportraet_Uni-allgemein.mp4\"><\/video><\/figure>\n\n\n\n<p class=\"wp-block-paragraph\">In einem zweiten Ausschnitt beschreibt der Planer der ostwestf\u00e4lischen Universit\u00e4t, der Soziologe Helmut Schelsky, das f\u00fcr Deutschland innovative \u201eZentrum f\u00fcr interdisziplin\u00e4re Forschung\u201c, das zun\u00e4chst seinen Sitz im Schloss Rheda hatte.<\/p>\n\n\n\n<figure class=\"wp-block-video\"><video height=\"1080\" style=\"aspect-ratio: 1920 \/ 1080;\" width=\"1920\" controls poster=\"https:\/\/blog.rwth-aachen.de\/hochschulularchivenrw\/files\/2023\/12\/Vorschaubild-Uni-Bielefeld-3.png\" src=\"https:\/\/hochschularchive.nrw\/wp-content\/uploads\/2023\/12\/02_UniBielefeld_Hochschulportraet_ZiF.mp4\"><\/video><\/figure>\n\n\n\n<p class=\"wp-block-paragraph\">Der dritte Abschnitt zeigt Kurzinterviews mit Bielefelder B\u00fcrger und B\u00fcrgerinnen und ihre Erwartungen an die Studierenden der Universit\u00e4t vor dem Hintergrund der Studentenproteste im Land.<\/p>\n\n\n\n<figure class=\"wp-block-video\"><video height=\"1080\" style=\"aspect-ratio: 1920 \/ 1080;\" width=\"1920\" controls poster=\"https:\/\/blog.rwth-aachen.de\/hochschulularchivenrw\/files\/2023\/12\/Vorschaubild-Uni-Bielefeld-1.png\" src=\"https:\/\/hochschularchive.nrw\/wp-content\/uploads\/2023\/12\/02_UniBielefeld_Hochschulportraet_Studierende.mp4\"><\/video><\/figure>\n\n\n\n<hr class=\"wp-block-separator has-text-color has-black-color has-alpha-channel-opacity has-black-background-color has-background\"\/>\n\n\n\n<h4 class=\"wp-block-heading has-text-align-center\">Flugblatt<\/h4>\n\n\n\n<p class=\"wp-block-paragraph\"><\/p>\n\n\n\n<div class=\"wp-block-media-text alignwide is-stacked-on-mobile\"><figure class=\"wp-block-media-text__media\"><a href=\"https:\/\/blog.rwth-aachen.de\/hochschulularchivenrw\/files\/2022\/11\/03_UniBielefeld_Flugblatt-Brandt-Barzel_1.jpg\"><img loading=\"lazy\" decoding=\"async\" width=\"725\" height=\"1024\" src=\"https:\/\/blog.rwth-aachen.de\/hochschulularchivenrw\/files\/2022\/11\/03_UniBielefeld_Flugblatt-Brandt-Barzel_1-725x1024.jpg\" alt=\"\" class=\"wp-image-925 size-full\" srcset=\"https:\/\/blog.rwth-aachen.de\/hochschulularchivenrw\/files\/2022\/11\/03_UniBielefeld_Flugblatt-Brandt-Barzel_1-725x1024.jpg 725w, https:\/\/blog.rwth-aachen.de\/hochschulularchivenrw\/files\/2022\/11\/03_UniBielefeld_Flugblatt-Brandt-Barzel_1-212x300.jpg 212w, https:\/\/blog.rwth-aachen.de\/hochschulularchivenrw\/files\/2022\/11\/03_UniBielefeld_Flugblatt-Brandt-Barzel_1-768x1085.jpg 768w, https:\/\/blog.rwth-aachen.de\/hochschulularchivenrw\/files\/2022\/11\/03_UniBielefeld_Flugblatt-Brandt-Barzel_1-1087x1536.jpg 1087w, https:\/\/blog.rwth-aachen.de\/hochschulularchivenrw\/files\/2022\/11\/03_UniBielefeld_Flugblatt-Brandt-Barzel_1.jpg 1240w\" sizes=\"auto, (max-width: 725px) 100vw, 725px\" \/><\/a><\/figure><div class=\"wp-block-media-text__content\">\n<p class=\"wp-block-paragraph\">Die Gr\u00fcndung der Universit\u00e4t Bielefeld fiel 1969 in politisch bewegte Zeiten. Die Studentenproteste sorgten f\u00fcr eine deutliche Politisierung auch der Hochschulen fernab der gro\u00dfen Zentren der Studentenbewegung wie Berlin oder Frankfurt. An der Universit\u00e4t Bielefeld dominierten in der Folgezeit politisch eher linke Gruppierungen die studentische Politik, das Studierendenparlament und den Allgemeinen Studierendenausschuss (AStA). Der \u201eSozialdemokratische Hochschulbund\u201c (SHB), der auf Bundesebene wenig sp\u00e4ter in Konflikt zur Mutterpartei SPD geraten sollte und in Bielefeld die erste AStA-Vorsitzende stellte, war eine der aktivsten Hochschulgruppierungen in der Bielefelder Universit\u00e4t.<\/p>\n<\/div><\/div>\n\n\n\n<div class=\"wp-block-media-text alignwide is-stacked-on-mobile\"><figure class=\"wp-block-media-text__media\"><a href=\"https:\/\/blog.rwth-aachen.de\/hochschulularchivenrw\/files\/2022\/11\/03_UniBielefeld_Flugblatt-Brandt-Barzel_2.jpg\"><img loading=\"lazy\" decoding=\"async\" width=\"725\" height=\"1024\" src=\"https:\/\/blog.rwth-aachen.de\/hochschulularchivenrw\/files\/2022\/11\/03_UniBielefeld_Flugblatt-Brandt-Barzel_2-725x1024.jpg\" alt=\"\" class=\"wp-image-926 size-full\" srcset=\"https:\/\/blog.rwth-aachen.de\/hochschulularchivenrw\/files\/2022\/11\/03_UniBielefeld_Flugblatt-Brandt-Barzel_2-725x1024.jpg 725w, https:\/\/blog.rwth-aachen.de\/hochschulularchivenrw\/files\/2022\/11\/03_UniBielefeld_Flugblatt-Brandt-Barzel_2-212x300.jpg 212w, https:\/\/blog.rwth-aachen.de\/hochschulularchivenrw\/files\/2022\/11\/03_UniBielefeld_Flugblatt-Brandt-Barzel_2-768x1085.jpg 768w, https:\/\/blog.rwth-aachen.de\/hochschulularchivenrw\/files\/2022\/11\/03_UniBielefeld_Flugblatt-Brandt-Barzel_2-1087x1536.jpg 1087w, https:\/\/blog.rwth-aachen.de\/hochschulularchivenrw\/files\/2022\/11\/03_UniBielefeld_Flugblatt-Brandt-Barzel_2.jpg 1240w\" sizes=\"auto, (max-width: 725px) 100vw, 725px\" \/><\/a><\/figure><div class=\"wp-block-media-text__content\">\n<p class=\"wp-block-paragraph\">Aber nicht nur mit dem Aufbau der \u201eReformuniversit\u00e4t\u201c setzte sich der SHB mit etlichen engbeschriebenen Flugbl\u00e4ttern (\u201eBleiw\u00fcsten\u201c) auseinander, sondern begleitete \u201eflugblatttechnisch\u201c auch die Reformpolitik der Brandt-Regierung. Als am 27. April das konstruktive Misstrauensvotum des Oppositionsf\u00fchrers Walter Barzel gegen Bundeskanzler Willy Brandt anstand, war der SHB getreu dem Pfadfindermotto (\u201eBe prepared!\u201c) auf beide Ausg\u00e4nge der Abstimmung vorbereitet. Auf den Mensatischen fanden die Studierenden dann unmittelbar nach der Abstimmung das \u201erichtige\u201c Flugblatt.<\/p>\n\n\n\n<p class=\"wp-block-paragraph\">Signatur: UABI, Kleine Sammlungen (Sammlung Johannes Risse), KS 25<\/p>\n<\/div><\/div>\n\n\n\n<hr class=\"wp-block-separator has-text-color has-black-color has-alpha-channel-opacity has-black-background-color has-background\"\/>\n\n\n\n<h4 class=\"wp-block-heading has-text-align-center\">Einladungskarte<\/h4>\n\n\n\n<p class=\"wp-block-paragraph\"><\/p>\n\n\n\n<figure class=\"wp-block-image size-large\"><img loading=\"lazy\" decoding=\"async\" width=\"1024\" height=\"362\" src=\"https:\/\/blog.rwth-aachen.de\/hochschulularchivenrw\/files\/2022\/11\/04_UniBielefeld_Einladungskarte-1024x362.jpg\" alt=\"\" class=\"wp-image-928\" srcset=\"https:\/\/blog.rwth-aachen.de\/hochschulularchivenrw\/files\/2022\/11\/04_UniBielefeld_Einladungskarte-1024x362.jpg 1024w, https:\/\/blog.rwth-aachen.de\/hochschulularchivenrw\/files\/2022\/11\/04_UniBielefeld_Einladungskarte-300x106.jpg 300w, https:\/\/blog.rwth-aachen.de\/hochschulularchivenrw\/files\/2022\/11\/04_UniBielefeld_Einladungskarte-768x272.jpg 768w, https:\/\/blog.rwth-aachen.de\/hochschulularchivenrw\/files\/2022\/11\/04_UniBielefeld_Einladungskarte.jpg 1397w\" sizes=\"auto, (max-width: 1024px) 100vw, 1024px\" \/><figcaption class=\"wp-element-caption\">Signatur: UABI, FOS 04238<\/figcaption><\/figure>\n\n\n\n<p class=\"wp-block-paragraph\">Die \u201eReformuniversit\u00e4t Bielefeld\u201c ging 1969 betont und bewusst sachlich an den Start. Man verzichtete vor dem Hintergrund der Studentenproteste (\u201eUnter den Talaren, der Muff von tausend Jahren.\u201c) auf Talare, auf eine Rektoramtskette, auf die seinerzeit noch \u00fcblichen traditionellen Bezeichnungen wie \u201eMagnifizenz\u201c oder \u201eSpektabilit\u00e4t\u201c. Bis zur Fertigstellung des Universit\u00e4tshauptgeb\u00e4udes im Jahr 1976 fungierte dann auch folgerichtig eine Aufnahme der Baustelle mit Bagger und Baukr\u00e4nen und der Unterzeile \u201eAufbauuniversit\u00e4t Bielefeld: Der Griff nach dem Urgrund?\u201c als Einladungskarte des Rektors<\/p>\n\n\n\n<hr class=\"wp-block-separator has-text-color has-black-color has-alpha-channel-opacity has-black-background-color has-background\"\/>\n\n\n\n<h4 class=\"wp-block-heading has-text-align-center\">Die Zentrale Halle der Universit\u00e4t Bielefeld \u2013 \u201eDie gro\u00dfe Halle des Volkes\u201c<\/h4>\n\n\n\n<p class=\"wp-block-paragraph\"><\/p>\n\n\n\n<div class=\"wp-block-columns is-layout-flex wp-container-core-columns-is-layout-8f761849 wp-block-columns-is-layout-flex\">\n<div class=\"wp-block-column is-vertically-aligned-center is-layout-flow wp-block-column-is-layout-flow\" style=\"flex-basis:66.66%\">\n<figure class=\"wp-block-image size-large\"><img loading=\"lazy\" decoding=\"async\" width=\"1024\" height=\"768\" src=\"https:\/\/blog.rwth-aachen.de\/hochschulularchivenrw\/files\/2022\/11\/05_UniBielefeld_Hallenfoto-1024x768.jpg\" alt=\"\" class=\"wp-image-929\" srcset=\"https:\/\/blog.rwth-aachen.de\/hochschulularchivenrw\/files\/2022\/11\/05_UniBielefeld_Hallenfoto-1024x768.jpg 1024w, https:\/\/blog.rwth-aachen.de\/hochschulularchivenrw\/files\/2022\/11\/05_UniBielefeld_Hallenfoto-300x225.jpg 300w, https:\/\/blog.rwth-aachen.de\/hochschulularchivenrw\/files\/2022\/11\/05_UniBielefeld_Hallenfoto-768x576.jpg 768w, https:\/\/blog.rwth-aachen.de\/hochschulularchivenrw\/files\/2022\/11\/05_UniBielefeld_Hallenfoto.jpg 1344w\" sizes=\"auto, (max-width: 1024px) 100vw, 1024px\" \/><figcaption class=\"wp-element-caption\"><strong>Halle der Universit\u00e4t Bielefeld im September 2003<\/strong><br>Signatur: UABI, FOS 04240<br>Foto: Norma Langohr\/Universit\u00e4t Bielefeld<\/figcaption><\/figure>\n<\/div>\n\n\n\n<div class=\"wp-block-column is-vertically-aligned-center is-layout-flow wp-block-column-is-layout-flow\" style=\"flex-basis:33.33%\">\n<p class=\"wp-block-paragraph\"><\/p>\n\n\n\n<p class=\"wp-block-paragraph\">Der Bau des Universit\u00e4tshauptgeb\u00e4udes wurde aufgrund der sehr kompakten und auf den ersten Blick eher abweisend und monstr\u00f6s wirkenden Form aufmerksam von der Fachwelt verfolgt. \u00dcberwiegend positiv fiel dabei das Urteil \u00fcber die Universit\u00e4tshalle aus. Die \u201eBauwelt\u201c schrieb 1976:<\/p>\n\n\n\n<p class=\"wp-block-paragraph\">\u201eDie zweigeschossige Halle ist Haupterschlie\u00dfungsweg und zentrale Kommunikationsachse. An ihr liegen alle aktiven, publikumsintensiven Bereiche: s\u00e4mtliche H\u00f6rs\u00e4le, das Audimax und das Schwimmbad an den beiden Kopfenden, die Mensa, Cafeterias, L\u00e4den, Bank, Post und studentische Dienste. Die Halle ist das zusammengefa\u00dfte Foyer aller H\u00f6rs\u00e4le und des Audimax, der Stauraum f\u00fcr die Mensa, Ladenstra\u00dfe und Markt &#8211; ein Forum vielf\u00e4ltiger Kontakte, getragen von realen Funktionen. Sie ist die r\u00e4umliche Klammer, die alle Universit\u00e4tseinrichtungen, von den Natur- und Geisteswissenschaften bis hin zur Mensa und den Sporteinrichtungen, auf einer Spanne von 2,5 Minuten Weg ( = 240 m) zusammenfa\u00dft.\u201c<\/p>\n\n\n\n<p class=\"wp-block-paragraph\">Quelle: Bauwelt, 67. Jg. (1976), Heft 10 (12. M\u00e4rz 1976), 284-298, S. 295<\/p>\n<\/div>\n<\/div>\n\n\n\n<div class=\"wp-block-columns is-layout-flex wp-container-core-columns-is-layout-8f761849 wp-block-columns-is-layout-flex\">\n<div class=\"wp-block-column is-vertically-aligned-center is-layout-flow wp-block-column-is-layout-flow\" style=\"flex-basis:33.33%\">\n<p class=\"wp-block-paragraph\">Wenige Jahre nach der Fertigstellung des Universit\u00e4tshauptgeb\u00e4udes wurde die Universit\u00e4tshalle mit dem Preis der nordrhein-westf\u00e4lischen BDA-Architekten in der Kategorie \u201esoziale Kommunikation\u201c ausgezeichnet:<\/p>\n\n\n\n<p class=\"wp-block-paragraph\">\u201eDer BDA-Preis Nordrhein-Westfalen 1979 \u201esoziale Kommunikation&#8220; wird&nbsp;dem Land Nordrhein-Westfalen und den Architekten BDA Dipl.-Ing.&nbsp;Klaus K\u00f6pke, Dipl.-Arch. Peter Kulka und Dipl.-Ing. Katte T\u00f6pper, Bielefeld,&nbsp;Dipl.-Ing. Wolf Siepmann, Berlin, sowie Dipl.-Ing. Helmut Herzog,&nbsp;Berlin, f\u00fcr die Zentrale Halle der Universit\u00e4t Bielefeld verliehen.<\/p>\n\n\n\n<p class=\"wp-block-paragraph\">Die Aufgabe besteht aus der klaren Zonierung der Universit\u00e4t und einem&nbsp;linearen Kommunikationsbereich als Binnenstra\u00dfe. Diese ist nach Art&nbsp;und Gr\u00f6\u00dfe der ungew\u00f6hnlichen Aufgabe angemessen verwirklicht. Ihr&nbsp;Angebot ist von der Dimension her gro\u00dfz\u00fcgig, beschr\u00e4nkt sich jedoch&nbsp;klar auf die Rolle eines r\u00e4umlichen Rahmens, dessen Hintergrundqualit\u00e4t&nbsp;wesentliches bauliches Merkmal bildet. In der k\u00fchlen Sprache des Industriebaus&nbsp;kommt eine f\u00fcr vielf\u00e4ltige universit\u00e4re Ereignisse sehr wohl&nbsp;brauchbare Folge von Innenr\u00e4umen zustande. Dabei entsprechen Dimension,&nbsp;Materialpalette und Details einander in hohem Ma\u00dfe.<\/p>\n\n\n\n<p class=\"wp-block-paragraph\">Ein weiterer wichtiger Aspekt der Halle liegt darin, die an sich gewaltige&nbsp;Dimension der Universit\u00e4t durch Bildung einer Mitte zu gliedern und wesentliche&nbsp;Orientierungshilfe zu leisten.<\/p>\n<\/div>\n\n\n\n<div class=\"wp-block-column is-vertically-aligned-center is-layout-flow wp-block-column-is-layout-flow\" style=\"flex-basis:66.66%\">\n<figure class=\"wp-block-image size-large\"><img loading=\"lazy\" decoding=\"async\" width=\"924\" height=\"1024\" src=\"https:\/\/blog.rwth-aachen.de\/hochschulularchivenrw\/files\/2022\/11\/05_UniBielefeld_Hallenpreis-924x1024.jpg\" alt=\"\" class=\"wp-image-930\" srcset=\"https:\/\/blog.rwth-aachen.de\/hochschulularchivenrw\/files\/2022\/11\/05_UniBielefeld_Hallenpreis-924x1024.jpg 924w, https:\/\/blog.rwth-aachen.de\/hochschulularchivenrw\/files\/2022\/11\/05_UniBielefeld_Hallenpreis-271x300.jpg 271w, https:\/\/blog.rwth-aachen.de\/hochschulularchivenrw\/files\/2022\/11\/05_UniBielefeld_Hallenpreis-768x851.jpg 768w, https:\/\/blog.rwth-aachen.de\/hochschulularchivenrw\/files\/2022\/11\/05_UniBielefeld_Hallenpreis.jpg 1056w\" sizes=\"auto, (max-width: 924px) 100vw, 924px\" \/><figcaption class=\"wp-element-caption\">Signatur: UABI, FOS 04239 (Foto), UABI_SDS1_2&nbsp;(Urkunde)<\/figcaption><\/figure>\n<\/div>\n<\/div>\n\n\n\n<hr class=\"wp-block-separator has-text-color has-black-color has-alpha-channel-opacity has-black-background-color has-background\"\/>\n\n\n\n<h4 class=\"wp-block-heading has-text-align-center\">Luhmann-Zettel<\/h4>\n\n\n\n<p class=\"wp-block-paragraph\"><\/p>\n\n\n\n<p class=\"wp-block-paragraph\">Niklas Luhmann (1927-1998), der von 1968 bis 1993 an der Universit\u00e4t Bielefeld forschte und lehrte, ist neben Max Weber der ber\u00fchmteste und wirkm\u00e4chtigste deutsche Soziologe des 20. Jahrhunderts. Seine in \u00fcber drei\u00dfig Jahren kontinuierlich entwickelte Sozial- und Gesellschaftstheorie ist international herausragend und allenfalls mit den sozialwissenschaftlichen Theorien von J\u00fcrgen Habermas, Pierre Bourdieu oder Michel Foucault vergleichbar, unterscheidet sich von diesen aber durch ihre besondere Theorie- und Begriffsarchitektur, ihren Universalit\u00e4tsanspruch sowie ihre interdisziplin\u00e4re Anschlussf\u00e4higkeit. Luhmanns funktionalistisch orientierte Systemtheorie stellt den konsequentesten Versuch dar, auf der Basis der philosophischen Tradition einerseits und der Rezeption der unterschiedlichsten Konzepte der modernen Wissenschaften andererseits die Grenzen der Soziologie so zu erweitern, dass eine angemessene Beschreibung der modernen Gesellschaft m\u00f6glich wird.<\/p>\n\n\n\n<p class=\"wp-block-paragraph\">Dieser Erkenntniswert gilt insbesondere f\u00fcr das Zentrum der Luhmannschen Theoriearbeit, den ca. 90.000 Notizzettel umfassenden Zettelkasten. Diese zwischen 1951 und 1996 entstandenen Aufzeichnungen dokumentieren die Theorieentwicklung Luhmanns auf eine einzigartige Weise, so dass man die Sammlung als seine intellektuelle Autobiographie verstehen kann. Dar\u00fcber hinaus verf\u00fcgt der Zettelkasten \u00fcber eine spezifische Ordnungsstruktur, die ihn nicht nur zu der f\u00fcr Luhmann unverzichtbaren Theorieentwicklungs- und Publikationsmaschine werden lie\u00df, sondern auch wissenschaftsgeschichtlich interessant macht.<\/p>\n\n\n\n<figure class=\"wp-block-gallery has-nested-images columns-default is-cropped wp-block-gallery-3 is-layout-flex wp-block-gallery-is-layout-flex\">\n<figure class=\"wp-block-image size-large\"><a href=\"https:\/\/blog.rwth-aachen.de\/hochschulularchivenrw\/files\/2022\/11\/06_UniBielefeld_Luhmann-Zettel_1.jpg\"><img loading=\"lazy\" decoding=\"async\" width=\"1007\" height=\"749\" data-id=\"933\" src=\"https:\/\/blog.rwth-aachen.de\/hochschulularchivenrw\/files\/2022\/11\/06_UniBielefeld_Luhmann-Zettel_1.jpg\" alt=\"\" class=\"wp-image-933\" srcset=\"https:\/\/blog.rwth-aachen.de\/hochschulularchivenrw\/files\/2022\/11\/06_UniBielefeld_Luhmann-Zettel_1.jpg 1007w, https:\/\/blog.rwth-aachen.de\/hochschulularchivenrw\/files\/2022\/11\/06_UniBielefeld_Luhmann-Zettel_1-300x223.jpg 300w, https:\/\/blog.rwth-aachen.de\/hochschulularchivenrw\/files\/2022\/11\/06_UniBielefeld_Luhmann-Zettel_1-768x571.jpg 768w\" sizes=\"auto, (max-width: 1007px) 100vw, 1007px\" \/><\/a><\/figure>\n\n\n\n<figure class=\"wp-block-image size-large\"><a href=\"https:\/\/blog.rwth-aachen.de\/hochschulularchivenrw\/files\/2022\/11\/06_UniBielefeld_Luhmann-Zettel_2.jpg\"><img loading=\"lazy\" decoding=\"async\" width=\"1007\" height=\"749\" data-id=\"934\" src=\"https:\/\/blog.rwth-aachen.de\/hochschulularchivenrw\/files\/2022\/11\/06_UniBielefeld_Luhmann-Zettel_2.jpg\" alt=\"\" class=\"wp-image-934\" srcset=\"https:\/\/blog.rwth-aachen.de\/hochschulularchivenrw\/files\/2022\/11\/06_UniBielefeld_Luhmann-Zettel_2.jpg 1007w, https:\/\/blog.rwth-aachen.de\/hochschulularchivenrw\/files\/2022\/11\/06_UniBielefeld_Luhmann-Zettel_2-300x223.jpg 300w, https:\/\/blog.rwth-aachen.de\/hochschulularchivenrw\/files\/2022\/11\/06_UniBielefeld_Luhmann-Zettel_2-768x571.jpg 768w\" sizes=\"auto, (max-width: 1007px) 100vw, 1007px\" \/><\/a><\/figure>\n\n\n\n<figure class=\"wp-block-image size-large\"><a href=\"https:\/\/blog.rwth-aachen.de\/hochschulularchivenrw\/files\/2022\/11\/06_UniBielefeld_Luhmann-Zettel_3.jpg\"><img loading=\"lazy\" decoding=\"async\" width=\"1007\" height=\"749\" data-id=\"936\" src=\"https:\/\/blog.rwth-aachen.de\/hochschulularchivenrw\/files\/2022\/11\/06_UniBielefeld_Luhmann-Zettel_3.jpg\" alt=\"\" class=\"wp-image-936\" srcset=\"https:\/\/blog.rwth-aachen.de\/hochschulularchivenrw\/files\/2022\/11\/06_UniBielefeld_Luhmann-Zettel_3.jpg 1007w, https:\/\/blog.rwth-aachen.de\/hochschulularchivenrw\/files\/2022\/11\/06_UniBielefeld_Luhmann-Zettel_3-300x223.jpg 300w, https:\/\/blog.rwth-aachen.de\/hochschulularchivenrw\/files\/2022\/11\/06_UniBielefeld_Luhmann-Zettel_3-768x571.jpg 768w\" sizes=\"auto, (max-width: 1007px) 100vw, 1007px\" \/><\/a><\/figure>\n\n\n\n<figure class=\"wp-block-image size-large\"><a href=\"https:\/\/blog.rwth-aachen.de\/hochschulularchivenrw\/files\/2022\/11\/06_UniBielefeld_Luhmann-Zettel_4.jpg\"><img loading=\"lazy\" decoding=\"async\" width=\"1007\" height=\"749\" data-id=\"937\" src=\"https:\/\/blog.rwth-aachen.de\/hochschulularchivenrw\/files\/2022\/11\/06_UniBielefeld_Luhmann-Zettel_4.jpg\" alt=\"\" class=\"wp-image-937\" srcset=\"https:\/\/blog.rwth-aachen.de\/hochschulularchivenrw\/files\/2022\/11\/06_UniBielefeld_Luhmann-Zettel_4.jpg 1007w, https:\/\/blog.rwth-aachen.de\/hochschulularchivenrw\/files\/2022\/11\/06_UniBielefeld_Luhmann-Zettel_4-300x223.jpg 300w, https:\/\/blog.rwth-aachen.de\/hochschulularchivenrw\/files\/2022\/11\/06_UniBielefeld_Luhmann-Zettel_4-768x571.jpg 768w\" sizes=\"auto, (max-width: 1007px) 100vw, 1007px\" \/><\/a><\/figure>\n\n\n\n<figure class=\"wp-block-image size-large\"><a href=\"https:\/\/blog.rwth-aachen.de\/hochschulularchivenrw\/files\/2022\/11\/06_UniBielefeld_Luhmann-Zettel_5.jpg\"><img loading=\"lazy\" decoding=\"async\" width=\"1007\" height=\"749\" data-id=\"935\" src=\"https:\/\/blog.rwth-aachen.de\/hochschulularchivenrw\/files\/2022\/11\/06_UniBielefeld_Luhmann-Zettel_5.jpg\" alt=\"\" class=\"wp-image-935\" srcset=\"https:\/\/blog.rwth-aachen.de\/hochschulularchivenrw\/files\/2022\/11\/06_UniBielefeld_Luhmann-Zettel_5.jpg 1007w, https:\/\/blog.rwth-aachen.de\/hochschulularchivenrw\/files\/2022\/11\/06_UniBielefeld_Luhmann-Zettel_5-300x223.jpg 300w, https:\/\/blog.rwth-aachen.de\/hochschulularchivenrw\/files\/2022\/11\/06_UniBielefeld_Luhmann-Zettel_5-768x571.jpg 768w\" sizes=\"auto, (max-width: 1007px) 100vw, 1007px\" \/><\/a><\/figure>\n<figcaption class=\"blocks-gallery-caption wp-element-caption\">Signatur: UABI, NL NL 1<br><br>F\u00fcr eine gr\u00f6\u00dfere Ansicht klicken Sie auf das Bild<\/figcaption><\/figure>\n\n\n\n<p class=\"wp-block-paragraph\">\u00dcber den Zettelkasten hat Luhmann immer wieder freim\u00fctig Auskunft gegeben, erstmals 1968 in einem Vortrag vor Studenten und sp\u00e4ter in zahlreichen Interviews; sehr Interessierte konnten den Kasten im Oerlinghauser Arbeitszimmer auch selbst bestaunen. Im Zusammenhang mit der Verfassung eines Aufsatzes (N. Luhmann, Kommunikation mit Zettelk\u00e4sten. Ein Erfahrungsbericht, in: H. Baier\/H.M. Kepplinger\/K. Reumann (Hrsg.), \u00d6ffentliche Meinung und sozialer Wandel. Opladen, 222-228 = <a href=\"https:\/\/niklas-luhmann-archiv.de\/bestand\/literatur\/item\/luhmann_1981_AB46\"><u>https:\/\/niklas-luhmann-archiv.de\/bestand\/literatur\/item\/luhmann_1981_AB46<\/u><\/a>) erstelle Luhmann dann Anfang der 1980er Jahre im Zettelkasten eine kleine Notizsammlung mit Zetteln \u00fcber den Zettelkasten. In dieser Abteilung benennt Luhmann die wesentlichen Gr\u00fcnde f\u00fcr die Notizsammlung und die Prinzipien, auf denen die Sammlung beruht, auf eine f\u00fcr ihn typische und markante Art und Weise.<\/p>\n\n\n\n<p class=\"wp-block-paragraph\">Quelle der Bilder: <a href=\"https:\/\/niklas-luhmann-archiv.de\/\"><u>https:\/\/niklas-luhmann-archiv.de\/<\/u><\/a>&nbsp;<\/p>\n\n\n\n<hr class=\"wp-block-separator has-text-color has-black-color has-alpha-channel-opacity has-black-background-color has-background\"\/>\n\n\n\n<h4 class=\"wp-block-heading has-text-align-center\">Chilewandbild<\/h4>\n\n\n\n<p class=\"wp-block-paragraph\"><strong>Chile-Wandbild wird Denkmal<\/strong><\/p>\n\n\n\n<p class=\"wp-block-paragraph\">Mit der Eintragung in die Denkmalliste der Stadt Bielefeld wird das Chile-Wandbild an der Stirnseite der Zentralen Halle der Universit\u00e4t Bielefeld am 3. August 2025 ein \u201eDenkmal\u201c im wahrsten Sinne des Wortes. Angebracht wurde das 16 Meter lange und vier Meter hohe in der Tradition des lateinamerikanischen \u201eMuralismo\u201c stehende Wandbild heimlich in der Nacht auf den 12. Dezember 1976 durch die exilchilenische \u201eBrigade Salvador Allende\u201c unter tatkr\u00e4ftiger Unterst\u00fctzung der Mitglieder des Bielefelder AStA.<\/p>\n\n\n\n<figure class=\"wp-block-image size-large\"><img loading=\"lazy\" decoding=\"async\" width=\"1024\" height=\"261\" src=\"https:\/\/blog.rwth-aachen.de\/hochschulularchivenrw\/files\/2022\/11\/07_Chilewandbild_Gesamtbild-1024x261.jpg\" alt=\"\" class=\"wp-image-939\" srcset=\"https:\/\/blog.rwth-aachen.de\/hochschulularchivenrw\/files\/2022\/11\/07_Chilewandbild_Gesamtbild-1024x261.jpg 1024w, https:\/\/blog.rwth-aachen.de\/hochschulularchivenrw\/files\/2022\/11\/07_Chilewandbild_Gesamtbild-300x76.jpg 300w, https:\/\/blog.rwth-aachen.de\/hochschulularchivenrw\/files\/2022\/11\/07_Chilewandbild_Gesamtbild-768x196.jpg 768w, https:\/\/blog.rwth-aachen.de\/hochschulularchivenrw\/files\/2022\/11\/07_Chilewandbild_Gesamtbild-1536x391.jpg 1536w, https:\/\/blog.rwth-aachen.de\/hochschulularchivenrw\/files\/2022\/11\/07_Chilewandbild_Gesamtbild-2048x522.jpg 2048w\" sizes=\"auto, (max-width: 1024px) 100vw, 1024px\" \/><figcaption class=\"wp-element-caption\"><strong>Gesamtaufnahme des 16 Meter breiten und 4 Meter hohen Murals.<\/strong><br>Fotografin: Britta Ledebur<br>Quelle: Universit\u00e4tsarchiv Bielefeld, FOS 04241<\/figcaption><\/figure>\n\n\n\n<p class=\"wp-block-paragraph\">Nach dem blutigen Milit\u00e4rputsch Augusto Pinochets gegen die demokratisch gew\u00e4hlte Volksfrontregierung Salvador Allendes vom 11. September 1973 fanden unter dem Schlagwort \u201eSolidarit\u00e4t mit dem chilenischen Volk\u201c Diskussionsveranstaltungen, Konzerte und andere Solidarit\u00e4tsbekundungen in der Universit\u00e4t statt. Die als Informationswand vorgesehene Stirnwand des Audimax in der Universit\u00e4tshalle des gerade fertiggestellten Hauptgeb\u00e4udes wurde in 14 Stunden konspirativ mit dem monumentalen Bild versehen. Vorbereitet hatte die Aktion der Bielefelder AStA. Die wandbreite Unterschrift des Murals lautet: \u201e11. September 1973. Faschistischer Putsch: Leid, Kampf, Terror ~ Das Volk k\u00e4mpft: Widerstand, Kampf, Es bildet sich die Antifaschistische Front, Die Arbeiterklasse: Motor dieser Einheit ~ Die Zukunft wird unser sein: Chile wird siegen!\u201c<\/p>\n\n\n\n<p class=\"wp-block-paragraph\"><\/p>\n\n\n\n<div class=\"wp-block-columns is-layout-flex wp-container-core-columns-is-layout-8f761849 wp-block-columns-is-layout-flex\">\n<div class=\"wp-block-column is-vertically-aligned-center is-layout-flow wp-block-column-is-layout-flow\">\n<figure class=\"wp-block-image size-large\"><img loading=\"lazy\" decoding=\"async\" width=\"1024\" height=\"641\" src=\"https:\/\/blog.rwth-aachen.de\/hochschulularchivenrw\/files\/2022\/11\/07_Chilewandbild_Detail_1-1024x641.jpg\" alt=\"\" class=\"wp-image-940\" srcset=\"https:\/\/blog.rwth-aachen.de\/hochschulularchivenrw\/files\/2022\/11\/07_Chilewandbild_Detail_1-1024x641.jpg 1024w, https:\/\/blog.rwth-aachen.de\/hochschulularchivenrw\/files\/2022\/11\/07_Chilewandbild_Detail_1-300x188.jpg 300w, https:\/\/blog.rwth-aachen.de\/hochschulularchivenrw\/files\/2022\/11\/07_Chilewandbild_Detail_1-768x480.jpg 768w, https:\/\/blog.rwth-aachen.de\/hochschulularchivenrw\/files\/2022\/11\/07_Chilewandbild_Detail_1.jpg 1159w\" sizes=\"auto, (max-width: 1024px) 100vw, 1024px\" \/><figcaption class=\"wp-element-caption\"><strong>Detailaufnahme des 16 Meter breiten und 4 Meter hohen Murals.<\/strong><br>Fotografin: Britta Ledebur<br>Quelle: Universit\u00e4tsarchiv Bielefeld, FOS 04242<\/figcaption><\/figure>\n<\/div>\n\n\n\n<div class=\"wp-block-column is-vertically-aligned-center is-layout-flow wp-block-column-is-layout-flow\">\n<p class=\"wp-block-paragraph\"><strong>Chile-Wandbild wird zum Symbol f\u00fcr Konfliktkultur<\/strong><\/p>\n\n\n\n<p class=\"wp-block-paragraph\"><br>&nbsp;Allgemein wurde das Mehr an Farbe in der ansonsten tristen Halle gelobt, die Universit\u00e4tsleitung aber kritisierte das unrechtm\u00e4\u00dfige Zustandekommen des Wandbilds und l\u00f6ste damit eine kontroverse Diskussion in den Gremien der Universit\u00e4t aus. Die L\u00f6sung dieses Konfliktes ist bis heute auch ein Beispiel f\u00fcr die konstruktive Kommunikationskultur der unterschiedlichen universit\u00e4ren Gruppen und die politische Kultur an der zum damaligen Zeitpunkt gerade erst gegr\u00fcndeten und fertiggestellten \u201eReformuniversit\u00e4t Bielefeld\u201c. Einhellig vertrat der Senat der Universit\u00e4t die Ansicht, dass das Bild bestehen bleiben solle und damit zum Ausdruck gebracht werde, dass \u201ean der Universit\u00e4t Bielefeld die stillschweigende Duldung des Faschismus keinen Platz\u201c habe.<\/p>\n\n\n\n<p class=\"wp-block-paragraph\">Wenige Tage nach der Entstehung war versucht worden, das Wandbild mit schwarzer \u00d6lfarbe zu \u00fcbermalen, doch seitdem schm\u00fcckte es unangetastet die Halle, bis es durch eine filmische Dokumentation und eine Feierstunde anl\u00e4sslich des 35j\u00e4hrigen Bestehens wieder st\u00e4rker ins Bewusstsein der \u00d6ffentlichkeit ger\u00fcckt wurde. Bei dieser Veranstaltung war auch der seinerzeit beteiligte chilenische K\u00fcnstler Boris Eichin anwesend.<\/p>\n<\/div>\n<\/div>\n\n\n\n<div class=\"wp-block-columns is-layout-flex wp-container-core-columns-is-layout-8f761849 wp-block-columns-is-layout-flex\">\n<div class=\"wp-block-column is-layout-flow wp-block-column-is-layout-flow\">\n<p class=\"wp-block-paragraph\"><strong>Einzigartiges Kunstwerk besonders bedeutsam<\/strong><\/p>\n\n\n\n<p class=\"wp-block-paragraph\"><br>&nbsp;Nachdem Universit\u00e4tsleitung und der Bau- und Liegenschaftsbetrieb NRW den Erhalt des Bildes bei der nahenden Modernisierung des Universit\u00e4tshauptgeb\u00e4udes beschlossen hatten, veranlassten \u201eHinweise aus der Bev\u00f6lkerung\u201c die Denkmalbeh\u00f6rden dazu, \u00fcber eine Unterdenkmalschutzstellung des Mural nachzudenken. Dabei stellte sich heraus, dass das Bielefelder Chile-Wandbild nach Kenntnisstand der Bezirksregierung das einzige Mural&nbsp;dieser Thematik in Deutschland ist, dass sich noch an seinem urspr\u00fcnglichen Entstehungsort befindet. Der Bescheid \u00fcber die Eintragung in die Denkmalliste h\u00e4lt zusammenfassend fest, dass ein \u00f6ffentliches Interesse am Erhalt des Wandbildes gegeben sei, da es bedeutend f\u00fcr die Geschichte der Menschen sei und f\u00fcr den Erhalt wissenschaftliche, insbesondere historische, sowie k\u00fcnstlerische Gr\u00fcnde spr\u00e4chen.<\/p>\n<\/div>\n\n\n\n<div class=\"wp-block-column is-layout-flow wp-block-column-is-layout-flow\">\n<figure class=\"wp-block-image size-large\"><img loading=\"lazy\" decoding=\"async\" width=\"1024\" height=\"787\" src=\"https:\/\/blog.rwth-aachen.de\/hochschulularchivenrw\/files\/2022\/11\/07_Chilewandbild_Detail_2-1024x787.jpg\" alt=\"\" class=\"wp-image-941\" srcset=\"https:\/\/blog.rwth-aachen.de\/hochschulularchivenrw\/files\/2022\/11\/07_Chilewandbild_Detail_2-1024x787.jpg 1024w, https:\/\/blog.rwth-aachen.de\/hochschulularchivenrw\/files\/2022\/11\/07_Chilewandbild_Detail_2-300x230.jpg 300w, https:\/\/blog.rwth-aachen.de\/hochschulularchivenrw\/files\/2022\/11\/07_Chilewandbild_Detail_2-768x590.jpg 768w, https:\/\/blog.rwth-aachen.de\/hochschulularchivenrw\/files\/2022\/11\/07_Chilewandbild_Detail_2.jpg 1165w\" sizes=\"auto, (max-width: 1024px) 100vw, 1024px\" \/><figcaption class=\"wp-element-caption\"><strong>Detailaufnahme des 16 Meter breiten und 4 Meter hohen Murals.<\/strong><br>Fotografin: Britta Ledebur<br>Quelle: Universit\u00e4tsarchiv Bielefeld, FOS 04243<\/figcaption><\/figure>\n<\/div>\n<\/div>\n","protected":false},"excerpt":{"rendered":"<p>Schelsky-Terminliste Der Soziologe Helmut Schelsky, einer der einflussreichsten Soziologen der jungen Bundesrepublik und \u201eStichwortgeber des Zeitgeistes\u201c (Clemens Albrecht in Erneuerung des Wortes von Ludolf Herrmann) gilt als der \u201ePlaner\u201c der [&hellip;]<\/p>\n","protected":false},"author":7114,"featured_media":0,"comment_status":"closed","ping_status":"open","sticky":false,"template":"","format":"standard","meta":{"c2c_always_allow_admin_comments":false,"footnotes":""},"categories":[2],"tags":[],"class_list":["post-919","post","type-post","status-publish","format-standard","category-archivschaetze","czr-hentry"],"_links":{"self":[{"href":"https:\/\/blog.rwth-aachen.de\/hochschulularchivenrw\/wp-json\/wp\/v2\/posts\/919","targetHints":{"allow":["GET"]}}],"collection":[{"href":"https:\/\/blog.rwth-aachen.de\/hochschulularchivenrw\/wp-json\/wp\/v2\/posts"}],"about":[{"href":"https:\/\/blog.rwth-aachen.de\/hochschulularchivenrw\/wp-json\/wp\/v2\/types\/post"}],"author":[{"embeddable":true,"href":"https:\/\/blog.rwth-aachen.de\/hochschulularchivenrw\/wp-json\/wp\/v2\/users\/7114"}],"replies":[{"embeddable":true,"href":"https:\/\/blog.rwth-aachen.de\/hochschulularchivenrw\/wp-json\/wp\/v2\/comments?post=919"}],"version-history":[{"count":0,"href":"https:\/\/blog.rwth-aachen.de\/hochschulularchivenrw\/wp-json\/wp\/v2\/posts\/919\/revisions"}],"wp:attachment":[{"href":"https:\/\/blog.rwth-aachen.de\/hochschulularchivenrw\/wp-json\/wp\/v2\/media?parent=919"}],"wp:term":[{"taxonomy":"category","embeddable":true,"href":"https:\/\/blog.rwth-aachen.de\/hochschulularchivenrw\/wp-json\/wp\/v2\/categories?post=919"},{"taxonomy":"post_tag","embeddable":true,"href":"https:\/\/blog.rwth-aachen.de\/hochschulularchivenrw\/wp-json\/wp\/v2\/tags?post=919"}],"curies":[{"name":"wp","href":"https:\/\/api.w.org\/{rel}","templated":true}]}}