{"id":1199,"date":"2020-10-23T15:50:47","date_gmt":"2020-10-23T13:50:47","guid":{"rendered":"https:\/\/blog.rwth-aachen.de\/iehk-aktuell\/?p=1199"},"modified":"2020-10-23T15:53:25","modified_gmt":"2020-10-23T13:53:25","slug":"vorstellung-der-lehrlinge-aus-der-mechanischen-werkstatt","status":"publish","type":"post","link":"https:\/\/blog.rwth-aachen.de\/iehk-aktuell\/2020\/10\/23\/vorstellung-der-lehrlinge-aus-der-mechanischen-werkstatt\/","title":{"rendered":"Vorstellung der Lehrlinge aus der Mechanischen Werkstatt\u00a0"},"content":{"rendered":"<p>Heute m\u00f6chten wir Euch Dennis, einen der beiden neuen Lehrlinge aus der Mechanischen Werkstatt vorstellen.<\/p>\n<p>Dennis hat sich f\u00fcr die Ausbildung zum Industriemechaniker im Einsatzgebiet Feinger\u00e4tebau am IEHK entschieden. In den n\u00e4chsten dreieinhalb Jahren wird er in unserem Institut alles erlernen, um gut ausgebildet in sein Berufsleben starten zu k\u00f6nnen.<span class=\"Apple-converted-space\">\u00a0<\/span>Dabei wird er unteranderem von unserem Ausbildungsmeister Sebastian Seibel unterst\u00fctzt, der ihn auf diesem Weg begleitet.<\/p>\n<p>Falls Euch ebenfalls Berufe interessieren, in denen Ihr Euer handwerkliches Geschick in einem technisierten Umfeld aus\u00fcben k\u00f6nnt, dann schaut gerne auf folgendem <a href=\"https:\/\/www.rwth-aachen.de\/cms\/root\/Die-RWTH\/Arbeiten-an-der-RWTH\/Berufsausbildung\/Ausbildungsberufe\/~vrh\/Industriemechaniker\/\">Link<\/a> f\u00fcr weitere Informationen vorbei!<\/p>\n<p><img loading=\"lazy\" decoding=\"async\" class=\"alignnone size-medium wp-image-1200\" src=\"https:\/\/blog.rwth-aachen.de\/iehk-aktuell\/files\/2020\/10\/IMG_2890-300x225.jpg\" alt=\"\" width=\"300\" height=\"225\" srcset=\"https:\/\/blog.rwth-aachen.de\/iehk-aktuell\/files\/2020\/10\/IMG_2890-300x225.jpg 300w, https:\/\/blog.rwth-aachen.de\/iehk-aktuell\/files\/2020\/10\/IMG_2890-768x576.jpg 768w, https:\/\/blog.rwth-aachen.de\/iehk-aktuell\/files\/2020\/10\/IMG_2890-1024x768.jpg 1024w\" sizes=\"auto, (max-width: 300px) 100vw, 300px\" \/> <img loading=\"lazy\" decoding=\"async\" class=\"alignnone size-medium wp-image-1201\" src=\"https:\/\/blog.rwth-aachen.de\/iehk-aktuell\/files\/2020\/10\/IMG_2891-300x225.jpg\" alt=\"\" width=\"300\" height=\"225\" srcset=\"https:\/\/blog.rwth-aachen.de\/iehk-aktuell\/files\/2020\/10\/IMG_2891-300x225.jpg 300w, https:\/\/blog.rwth-aachen.de\/iehk-aktuell\/files\/2020\/10\/IMG_2891-768x576.jpg 768w, https:\/\/blog.rwth-aachen.de\/iehk-aktuell\/files\/2020\/10\/IMG_2891-1024x768.jpg 1024w\" sizes=\"auto, (max-width: 300px) 100vw, 300px\" \/><\/p>\n","protected":false},"excerpt":{"rendered":"<p>Heute m\u00f6chten wir Euch Dennis, einen der beiden neuen Lehrlinge aus der Mechanischen Werkstatt vorstellen. Dennis hat sich f\u00fcr die Ausbildung zum Industriemechaniker im Einsatzgebiet Feinger\u00e4tebau am IEHK entschieden. In [&hellip;]<\/p>\n","protected":false},"author":1805,"featured_media":0,"comment_status":"open","ping_status":"open","sticky":false,"template":"","format":"standard","meta":{"c2c_always_allow_admin_comments":false,"footnotes":""},"categories":[1,8],"tags":[],"class_list":["post-1199","post","type-post","status-publish","format-standard","hentry","category-allgemein","category-alltag"],"_links":{"self":[{"href":"https:\/\/blog.rwth-aachen.de\/iehk-aktuell\/wp-json\/wp\/v2\/posts\/1199","targetHints":{"allow":["GET"]}}],"collection":[{"href":"https:\/\/blog.rwth-aachen.de\/iehk-aktuell\/wp-json\/wp\/v2\/posts"}],"about":[{"href":"https:\/\/blog.rwth-aachen.de\/iehk-aktuell\/wp-json\/wp\/v2\/types\/post"}],"author":[{"embeddable":true,"href":"https:\/\/blog.rwth-aachen.de\/iehk-aktuell\/wp-json\/wp\/v2\/users\/1805"}],"replies":[{"embeddable":true,"href":"https:\/\/blog.rwth-aachen.de\/iehk-aktuell\/wp-json\/wp\/v2\/comments?post=1199"}],"version-history":[{"count":5,"href":"https:\/\/blog.rwth-aachen.de\/iehk-aktuell\/wp-json\/wp\/v2\/posts\/1199\/revisions"}],"predecessor-version":[{"id":1208,"href":"https:\/\/blog.rwth-aachen.de\/iehk-aktuell\/wp-json\/wp\/v2\/posts\/1199\/revisions\/1208"}],"wp:attachment":[{"href":"https:\/\/blog.rwth-aachen.de\/iehk-aktuell\/wp-json\/wp\/v2\/media?parent=1199"}],"wp:term":[{"taxonomy":"category","embeddable":true,"href":"https:\/\/blog.rwth-aachen.de\/iehk-aktuell\/wp-json\/wp\/v2\/categories?post=1199"},{"taxonomy":"post_tag","embeddable":true,"href":"https:\/\/blog.rwth-aachen.de\/iehk-aktuell\/wp-json\/wp\/v2\/tags?post=1199"}],"curies":[{"name":"wp","href":"https:\/\/api.w.org\/{rel}","templated":true}]}}