{"id":1303,"date":"2021-06-01T13:27:36","date_gmt":"2021-06-01T11:27:36","guid":{"rendered":"https:\/\/blog.rwth-aachen.de\/iehk-aktuell\/?p=1303"},"modified":"2021-09-22T13:29:29","modified_gmt":"2021-09-22T11:29:29","slug":"das-virtuelle-eifelkolloquium","status":"publish","type":"post","link":"https:\/\/blog.rwth-aachen.de\/iehk-aktuell\/2021\/06\/01\/das-virtuelle-eifelkolloquium\/","title":{"rendered":"Das virtuelle Eifelkolloquium"},"content":{"rendered":"<p><img loading=\"lazy\" decoding=\"async\" class=\"alignnone  wp-image-1304\" src=\"https:\/\/blog.rwth-aachen.de\/iehk-aktuell\/files\/2021\/09\/Bildschirmfoto-2021-09-22-um-13.27.22-300x162.png\" alt=\"\" width=\"363\" height=\"196\" srcset=\"https:\/\/blog.rwth-aachen.de\/iehk-aktuell\/files\/2021\/09\/Bildschirmfoto-2021-09-22-um-13.27.22-300x162.png 300w, https:\/\/blog.rwth-aachen.de\/iehk-aktuell\/files\/2021\/09\/Bildschirmfoto-2021-09-22-um-13.27.22.png 646w\" sizes=\"auto, (max-width: 363px) 100vw, 363px\" \/><\/p>\n<p>Am 5. und 6. Mai fand unser regelm\u00e4\u00dfiges Treffen von Doktorandinnen und Doktoranden mit ihren Betreuenden statt. Normalerweise Reisen dazu alle Teilnehmenden in die nahegelegene Eifel und verbringen dort zwei Tage mit gemeinsamen Aktivit\u00e4ten und Vortr\u00e4gen. Durch die Corona Pandemie konnten wir in diesem Fr\u00fchjahr leider keine Fahrt antreten. Darum haben wir uns dieses Mal zu einem virtuellen \u201eEifelkolloquium\u201c getroffen, bei dem es viele interessante und lehrreiche Vortr\u00e4ge gab. Die Themen waren dabei so vielf\u00e4ltig wie die Forschungsgebiete unseres Instituts. Zum Beispiel gab es von tollen Entwicklungen im Bereich der additiven Fertigung zu berichten, bei denen es um neue Legierungskonzepte und ihre technologischen Eigenschaften ging. Ein anderes Beispiel waren neue Methoden zur Erstellung von repr\u00e4sentativen Volumenelementen unter Einsatz von KI, die eine genauere Verkn\u00fcpfung von Eigenschaften und Gef\u00fcge zulassen. Allen Vortragenden m\u00f6chten wir f\u00fcr zwei intensive und spannende Tage unter den nicht ganz einfachen Bedingungen danken. Wir hoffen nat\u00fcrlich, dass wir bald auch wieder eine gemeinsame Fahrt veranstalten k\u00f6nnen!<\/p>\n","protected":false},"excerpt":{"rendered":"<p>Am 5. und 6. Mai fand unser regelm\u00e4\u00dfiges Treffen von Doktorandinnen und Doktoranden mit ihren Betreuenden statt. Normalerweise Reisen dazu alle Teilnehmenden in die nahegelegene Eifel und verbringen dort zwei [&hellip;]<\/p>\n","protected":false},"author":3623,"featured_media":0,"comment_status":"open","ping_status":"open","sticky":false,"template":"","format":"standard","meta":{"c2c_always_allow_admin_comments":false,"footnotes":""},"categories":[1,8,11,4],"tags":[],"class_list":["post-1303","post","type-post","status-publish","format-standard","hentry","category-allgemein","category-alltag","category-events","category-kollegen"],"_links":{"self":[{"href":"https:\/\/blog.rwth-aachen.de\/iehk-aktuell\/wp-json\/wp\/v2\/posts\/1303","targetHints":{"allow":["GET"]}}],"collection":[{"href":"https:\/\/blog.rwth-aachen.de\/iehk-aktuell\/wp-json\/wp\/v2\/posts"}],"about":[{"href":"https:\/\/blog.rwth-aachen.de\/iehk-aktuell\/wp-json\/wp\/v2\/types\/post"}],"author":[{"embeddable":true,"href":"https:\/\/blog.rwth-aachen.de\/iehk-aktuell\/wp-json\/wp\/v2\/users\/3623"}],"replies":[{"embeddable":true,"href":"https:\/\/blog.rwth-aachen.de\/iehk-aktuell\/wp-json\/wp\/v2\/comments?post=1303"}],"version-history":[{"count":2,"href":"https:\/\/blog.rwth-aachen.de\/iehk-aktuell\/wp-json\/wp\/v2\/posts\/1303\/revisions"}],"predecessor-version":[{"id":1306,"href":"https:\/\/blog.rwth-aachen.de\/iehk-aktuell\/wp-json\/wp\/v2\/posts\/1303\/revisions\/1306"}],"wp:attachment":[{"href":"https:\/\/blog.rwth-aachen.de\/iehk-aktuell\/wp-json\/wp\/v2\/media?parent=1303"}],"wp:term":[{"taxonomy":"category","embeddable":true,"href":"https:\/\/blog.rwth-aachen.de\/iehk-aktuell\/wp-json\/wp\/v2\/categories?post=1303"},{"taxonomy":"post_tag","embeddable":true,"href":"https:\/\/blog.rwth-aachen.de\/iehk-aktuell\/wp-json\/wp\/v2\/tags?post=1303"}],"curies":[{"name":"wp","href":"https:\/\/api.w.org\/{rel}","templated":true}]}}