{"id":1063,"date":"2025-03-04T15:52:42","date_gmt":"2025-03-04T14:52:42","guid":{"rendered":"https:\/\/blog.rwth-aachen.de\/ifp\/?p=1063"},"modified":"2025-03-04T15:52:42","modified_gmt":"2025-03-04T14:52:42","slug":"das-luf-gesundheitspsychologie-beim-bmbf-vernetzungssymposium-in-berlin","status":"publish","type":"post","link":"https:\/\/blog.rwth-aachen.de\/ifp\/2025\/03\/04\/das-luf-gesundheitspsychologie-beim-bmbf-vernetzungssymposium-in-berlin\/","title":{"rendered":"Das LuF Gesundheitspsychologie beim BMBF-Vernetzungssymposium in Berlin"},"content":{"rendered":"<p>Am 18. &amp; 19. Februar lud das Bundesministerium f\u00fcr Bildung und Forschung zum Vernetzungssymposium im Rahmen der F\u00f6rderleitlinie \u201eHybride Interaktionssysteme zur Aufrechterhaltung der Gesundheit auch in Ausnahmesituationen\u201c in die Katholische Hochschule f\u00fcr Sozialwesen nach Berlin Karlshorst ein. Gemeinsam mit Projektpartnern der MediClin AG, der MediClin Reha Research, der Universit\u00e4t Duisburg-Essen, sowie Minddistrict repr\u00e4sentierten Gretha Wagner und Ann-Kathrin Grotenburg vom LuF Gesundheitspsychologie das Projekt \u201ePost-COVID_E-Doc\u201c. An den beiden Veranstaltungstagen wurden im Rahmen von Pr\u00e4sentationen, Poster-Rundg\u00e4ngen und Ausstellungen interessante Einblicke in die bisherigen Ergebnisse aller gef\u00f6rderten Projekte, sowohl zu Interaktionstechnologien im Kontext von Post-COVID als auch anderen Krankheitsbildern, wie bspw. Diabetes, Herzinsuffizienz oder auch Sprach- und Sprechst\u00f6rungen nach Schlaganfall erm\u00f6glicht. Dar\u00fcber hinaus bestand das Programm aus spannenden Keynotes und Panel-Diskussionen zu aktuellen Problemen und Fragestellungen aus der Schnittstelle von Technologie, Gesundheit und partizipativer Forschung und Entwicklung.<\/p>\n<p><img loading=\"lazy\" decoding=\"async\" class=\"aligncenter wp-image-1064 size-large\" src=\"https:\/\/blog.rwth-aachen.de\/ifp\/files\/2025\/03\/Vernetzungstreffen_Berlin-884x1024.png\" alt=\"\" width=\"884\" height=\"1024\" srcset=\"https:\/\/blog.rwth-aachen.de\/ifp\/files\/2025\/03\/Vernetzungstreffen_Berlin-884x1024.png 884w, https:\/\/blog.rwth-aachen.de\/ifp\/files\/2025\/03\/Vernetzungstreffen_Berlin-259x300.png 259w, https:\/\/blog.rwth-aachen.de\/ifp\/files\/2025\/03\/Vernetzungstreffen_Berlin-768x890.png 768w, https:\/\/blog.rwth-aachen.de\/ifp\/files\/2025\/03\/Vernetzungstreffen_Berlin-1326x1536.png 1326w, https:\/\/blog.rwth-aachen.de\/ifp\/files\/2025\/03\/Vernetzungstreffen_Berlin.png 1512w\" sizes=\"auto, (max-width: 884px) 100vw, 884px\" \/><\/p>\n","protected":false},"excerpt":{"rendered":"<p>Am 18. &amp; 19. Februar lud das Bundesministerium f\u00fcr Bildung und Forschung zum Vernetzungssymposium im Rahmen der F\u00f6rderleitlinie \u201eHybride Interaktionssysteme zur Aufrechterhaltung der Gesundheit auch in Ausnahmesituationen\u201c in die Katholische [&hellip;]<\/p>\n","protected":false},"author":3207,"featured_media":0,"comment_status":"closed","ping_status":"open","sticky":false,"template":"","format":"standard","meta":{"c2c_always_allow_admin_comments":false,"footnotes":""},"categories":[1,4,9,6,3],"tags":[],"class_list":["post-1063","post","type-post","status-publish","format-standard","hentry","category-allgemein","category-forschung","category-gesundheitspsychologie","category-luf-gesundheitspsychologie","category-tagungen"],"_links":{"self":[{"href":"https:\/\/blog.rwth-aachen.de\/ifp\/wp-json\/wp\/v2\/posts\/1063","targetHints":{"allow":["GET"]}}],"collection":[{"href":"https:\/\/blog.rwth-aachen.de\/ifp\/wp-json\/wp\/v2\/posts"}],"about":[{"href":"https:\/\/blog.rwth-aachen.de\/ifp\/wp-json\/wp\/v2\/types\/post"}],"author":[{"embeddable":true,"href":"https:\/\/blog.rwth-aachen.de\/ifp\/wp-json\/wp\/v2\/users\/3207"}],"replies":[{"embeddable":true,"href":"https:\/\/blog.rwth-aachen.de\/ifp\/wp-json\/wp\/v2\/comments?post=1063"}],"version-history":[{"count":1,"href":"https:\/\/blog.rwth-aachen.de\/ifp\/wp-json\/wp\/v2\/posts\/1063\/revisions"}],"predecessor-version":[{"id":1065,"href":"https:\/\/blog.rwth-aachen.de\/ifp\/wp-json\/wp\/v2\/posts\/1063\/revisions\/1065"}],"wp:attachment":[{"href":"https:\/\/blog.rwth-aachen.de\/ifp\/wp-json\/wp\/v2\/media?parent=1063"}],"wp:term":[{"taxonomy":"category","embeddable":true,"href":"https:\/\/blog.rwth-aachen.de\/ifp\/wp-json\/wp\/v2\/categories?post=1063"},{"taxonomy":"post_tag","embeddable":true,"href":"https:\/\/blog.rwth-aachen.de\/ifp\/wp-json\/wp\/v2\/tags?post=1063"}],"curies":[{"name":"wp","href":"https:\/\/api.w.org\/{rel}","templated":true}]}}