{"id":1091,"date":"2025-04-14T10:54:13","date_gmt":"2025-04-14T08:54:13","guid":{"rendered":"https:\/\/blog.rwth-aachen.de\/ifp\/?p=1091"},"modified":"2025-04-14T10:54:13","modified_gmt":"2025-04-14T08:54:13","slug":"das-luf-gesundheitspsychologie-beim-reha-kolloquium","status":"publish","type":"post","link":"https:\/\/blog.rwth-aachen.de\/ifp\/2025\/04\/14\/das-luf-gesundheitspsychologie-beim-reha-kolloquium\/","title":{"rendered":"Das LuF Gesundheitspsychologie beim Reha-Kolloquium"},"content":{"rendered":"\r\n<p><img loading=\"lazy\" decoding=\"async\" class=\"alignnone  wp-image-1094\" src=\"https:\/\/blog.rwth-aachen.de\/ifp\/files\/2025\/04\/reha_kolloq_1-300x66.jpg\" alt=\"\" width=\"595\" height=\"131\" srcset=\"https:\/\/blog.rwth-aachen.de\/ifp\/files\/2025\/04\/reha_kolloq_1-300x66.jpg 300w, https:\/\/blog.rwth-aachen.de\/ifp\/files\/2025\/04\/reha_kolloq_1.jpg 605w\" sizes=\"auto, (max-width: 595px) 100vw, 595px\" \/><\/p>\r\n<p>Das LuF Gesundheitspsychologie war auf dem 34. Reha-Kolloquium 2025 in N\u00fcrnberg vertreten. Vom 18.-20. M\u00e4rz 2025 lud die Deutsche Rentenversicherung im N\u00fcrnberger Kongresszentrum zum Rehabilitationswissenschaftlichen Kolloquium ein. Das Team des LuF Gesundheitspsychologie war mit sechs Beitr\u00e4gen vertreten. <br \/>Au\u00dferdem wurde im Rahmen des vom BMBF gef\u00f6rderten Verbundprojektes Post-COVID E-Doc eine eigene Session zum Thema \u201eErfordert Post-COVID einen neuen Reha-Prozess?\u201c mit vielen spannenden Beitr\u00e4gen aus den unterschiedlichen Teilprojekten abgehalten und stie\u00df auf viel fachliche Resonanz. Die Sitzungsleitung teilte sich Prof. Dr. Viktoria Arling gemeinsam mit Prof. Dr. med. Mario Siebler (MediClin Reha Research).<\/p>\r\n<p>In folgenden Sessions waren unsere Beitr\u00e4ge vertreten:<\/p>\r\n<p>Dienstag (18.03.): Postersession \u201ePr\u00e4ventive Ans\u00e4tze\u201c<\/p>\r\n<ul>\r\n<li>\u201eTrauerbew\u00e4ltigung und Teilhabe: Risikofaktoren und pers\u00f6nliche Ressourcen\u201c \u2013 Julia Brenner (M.Sc.)<\/li>\r\n<\/ul>\r\n<p>Mittwoch (19.03.): Vortragssession \u201eBerufliche Teilhabe von Menschen mit psychischen Erkrankungen\u201c<\/p>\r\n<ul>\r\n<li>\u201eWie unterscheidet sich die psychologische Ausgangslage von Abbrechern und Programm-Absolventen im rehapro-Projekt FREEMI?\u201c \u2013 Dr. phil. Jens Knispel<\/li>\r\n<li>\u201eErprobung eines Inklusionsleitfadens zur F\u00f6rderung der beruflichen Teilhabe psychisch erkrankter Besch\u00e4ftigter\u201c \u2013 Dr. phil. Veneta Slavchova<\/li>\r\n<\/ul>\r\n<p>Mittwoch (19.03.): Vortragssession \u201eErfordert Post-COVID einen neuen Reha-Prozess?\u201c<\/p>\r\n<ul>\r\n<li>\u201eEinschr\u00e4nkung der Teilhabe von Post-COVID-Rehabilitanden \u2013 Implikationen f\u00fcr die (Reha-) Nachsorge\u201c \u2013 Gretha Wagner (B.Sc., M.Ed.)<\/li>\r\n<\/ul>\r\n<p>Donnerstag (20.03.): Vortragssession \u201eStay at Work\u201c<\/p>\r\n<ul>\r\n<li>\u201eWie lange dauert es, bis M\u00e4nner mit Depressionen ins Gesundheitssystem finden \u2013 und woran liegt es?\u201c \u2013 Ann-Kathrin Grotenburg (M.Sc.)<\/li>\r\n<li>\u201eBerufliche Resilienz von Besch\u00e4ftigten als Schutzfaktor gegen Stresserleben und Burnout\u201c \u2013 Prof. Dr. phil. Viktoria Arling<\/li>\r\n<\/ul>\r\n<p>Am Abreisetag erhielten wir dann noch eine besonders sch\u00f6ne Nachricht: Julia Brenner (M.Sc.) hat mit ihrem Poster den Publikums-Posterpreis gewonnen. Herzlichen Gl\u00fcckwunsch! Die pr\u00e4mierte Studie zu den Einflussfaktoren auf die Trauerbew\u00e4ltigung entstand im WS 22\/23 im Projektseminar Master Psychologie unter Leitung von Dr. Jens Knispel.<\/p>\r\n<p>\u00a0<img loading=\"lazy\" decoding=\"async\" class=\"alignnone size-medium wp-image-1095\" src=\"https:\/\/blog.rwth-aachen.de\/ifp\/files\/2025\/04\/reha_kolloq_2-300x193.jpg\" alt=\"\" width=\"300\" height=\"193\" srcset=\"https:\/\/blog.rwth-aachen.de\/ifp\/files\/2025\/04\/reha_kolloq_2-300x193.jpg 300w, https:\/\/blog.rwth-aachen.de\/ifp\/files\/2025\/04\/reha_kolloq_2.jpg 719w\" sizes=\"auto, (max-width: 300px) 100vw, 300px\" \/><img loading=\"lazy\" decoding=\"async\" class=\"alignnone size-medium wp-image-1096\" src=\"https:\/\/blog.rwth-aachen.de\/ifp\/files\/2025\/04\/reha_kolloq_3-300x191.jpg\" alt=\"\" width=\"300\" height=\"191\" srcset=\"https:\/\/blog.rwth-aachen.de\/ifp\/files\/2025\/04\/reha_kolloq_3-300x191.jpg 300w, https:\/\/blog.rwth-aachen.de\/ifp\/files\/2025\/04\/reha_kolloq_3.jpg 728w\" sizes=\"auto, (max-width: 300px) 100vw, 300px\" \/><img loading=\"lazy\" decoding=\"async\" class=\"alignnone  wp-image-1097\" src=\"https:\/\/blog.rwth-aachen.de\/ifp\/files\/2025\/04\/reha_kolloq_4-208x300.jpg\" alt=\"\" width=\"133\" height=\"192\" srcset=\"https:\/\/blog.rwth-aachen.de\/ifp\/files\/2025\/04\/reha_kolloq_4-208x300.jpg 208w, https:\/\/blog.rwth-aachen.de\/ifp\/files\/2025\/04\/reha_kolloq_4.jpg 587w\" sizes=\"auto, (max-width: 133px) 100vw, 133px\" \/><\/p>\r\n","protected":false},"excerpt":{"rendered":"<p>Das LuF Gesundheitspsychologie war auf dem 34. Reha-Kolloquium 2025 in N\u00fcrnberg vertreten. Vom 18.-20. M\u00e4rz 2025 lud die Deutsche Rentenversicherung im N\u00fcrnberger Kongresszentrum zum Rehabilitationswissenschaftlichen Kolloquium ein. Das Team des [&hellip;]<\/p>\n","protected":false},"author":4970,"featured_media":0,"comment_status":"closed","ping_status":"open","sticky":false,"template":"","format":"standard","meta":{"c2c_always_allow_admin_comments":false,"footnotes":""},"categories":[1,9,6,3],"tags":[],"class_list":["post-1091","post","type-post","status-publish","format-standard","hentry","category-allgemein","category-gesundheitspsychologie","category-luf-gesundheitspsychologie","category-tagungen"],"_links":{"self":[{"href":"https:\/\/blog.rwth-aachen.de\/ifp\/wp-json\/wp\/v2\/posts\/1091","targetHints":{"allow":["GET"]}}],"collection":[{"href":"https:\/\/blog.rwth-aachen.de\/ifp\/wp-json\/wp\/v2\/posts"}],"about":[{"href":"https:\/\/blog.rwth-aachen.de\/ifp\/wp-json\/wp\/v2\/types\/post"}],"author":[{"embeddable":true,"href":"https:\/\/blog.rwth-aachen.de\/ifp\/wp-json\/wp\/v2\/users\/4970"}],"replies":[{"embeddable":true,"href":"https:\/\/blog.rwth-aachen.de\/ifp\/wp-json\/wp\/v2\/comments?post=1091"}],"version-history":[{"count":3,"href":"https:\/\/blog.rwth-aachen.de\/ifp\/wp-json\/wp\/v2\/posts\/1091\/revisions"}],"predecessor-version":[{"id":1099,"href":"https:\/\/blog.rwth-aachen.de\/ifp\/wp-json\/wp\/v2\/posts\/1091\/revisions\/1099"}],"wp:attachment":[{"href":"https:\/\/blog.rwth-aachen.de\/ifp\/wp-json\/wp\/v2\/media?parent=1091"}],"wp:term":[{"taxonomy":"category","embeddable":true,"href":"https:\/\/blog.rwth-aachen.de\/ifp\/wp-json\/wp\/v2\/categories?post=1091"},{"taxonomy":"post_tag","embeddable":true,"href":"https:\/\/blog.rwth-aachen.de\/ifp\/wp-json\/wp\/v2\/tags?post=1091"}],"curies":[{"name":"wp","href":"https:\/\/api.w.org\/{rel}","templated":true}]}}