{"id":1274,"date":"2025-10-14T15:38:58","date_gmt":"2025-10-14T13:38:58","guid":{"rendered":"https:\/\/blog.rwth-aachen.de\/ifp\/?p=1274"},"modified":"2025-10-14T15:38:58","modified_gmt":"2025-10-14T13:38:58","slug":"herbstempfang-des-bfw-oberhausen-am-22-09-2025","status":"publish","type":"post","link":"https:\/\/blog.rwth-aachen.de\/ifp\/2025\/10\/14\/herbstempfang-des-bfw-oberhausen-am-22-09-2025\/","title":{"rendered":"Herbstempfang des BFW Oberhausen am 22.09.2025"},"content":{"rendered":"<p><img loading=\"lazy\" decoding=\"async\" class=\"size-medium wp-image-1281 alignright\" src=\"https:\/\/blog.rwth-aachen.de\/ifp\/files\/2025\/10\/BFW-Oberhausen-300x176.png\" alt=\"\" width=\"300\" height=\"176\" srcset=\"https:\/\/blog.rwth-aachen.de\/ifp\/files\/2025\/10\/BFW-Oberhausen-300x176.png 300w, https:\/\/blog.rwth-aachen.de\/ifp\/files\/2025\/10\/BFW-Oberhausen.png 335w\" sizes=\"auto, (max-width: 300px) 100vw, 300px\" \/><\/p>\r\n\r\n<p>Am 22.09.2025 feierte das LuF Gesundheitspsychologie gemeinsam mit dem BFW Oberhausen das 50-j\u00e4hrige Jubil\u00e4um der Grundsteinlegung des BFW. Nach der Begr\u00fc\u00dfung durch die BFW-Direktoren Stefan Weitzel und Fabian Sch\u00fctz er\u00f6ffnete zur Feier des Jubil\u00e4ums Oberb\u00fcrgermeister Daniel Schranz (Stadt Oberhausen) den Vormittag mit einem Gru\u00dfwort zur Oberhausener Stadtgeschichte und zur Entstehung des BFW. Anschlie\u00dfend hielt Josef Hovenj\u00fcrgen (Parlamentarischer Staatssekret\u00e4r des Ministeriums f\u00fcr Heimat, Kommunales, Bau und Digitalisierung NRW) einen spannenden Keynote-Vortrag zum Strukturwandel des Ruhrgebiets. Im anschlie\u00dfenden Podiumsgespr\u00e4ch mit BFW-Direktor Stefan Weitzel, der stellvertretenden Direktorin Grazielle Gro\u00df, Thomas Keck (Deutsche Rentenversicherung Westfalen) sowie Martin Hinzmann (Oberhausener Wirtschafts- und Tourismusf\u00f6rderung GmbH) wurde deutlich, wie wichtig das BFW Oberhausen f\u00fcr die Stadt und die Region ist. Im Anschluss gab es die M\u00f6glichkeit, sich mit den G\u00e4sten in angenehmer Atmosph\u00e4re bei leckeren Snacks auszutauschen.<\/p>\r\n<p>Wir freuen uns auf den n\u00e4chsten Herbstempfang im BFW Oberhausen!<\/p>\r\n","protected":false},"excerpt":{"rendered":"<p>Am 22.09.2025 feierte das LuF Gesundheitspsychologie gemeinsam mit dem BFW Oberhausen das 50-j\u00e4hrige Jubil\u00e4um der Grundsteinlegung des BFW. Nach der Begr\u00fc\u00dfung durch die BFW-Direktoren Stefan Weitzel und Fabian Sch\u00fctz er\u00f6ffnete [&hellip;]<\/p>\n","protected":false},"author":4970,"featured_media":0,"comment_status":"closed","ping_status":"open","sticky":false,"template":"","format":"standard","meta":{"c2c_always_allow_admin_comments":false,"footnotes":""},"categories":[1,6],"tags":[],"class_list":["post-1274","post","type-post","status-publish","format-standard","hentry","category-allgemein","category-luf-gesundheitspsychologie"],"_links":{"self":[{"href":"https:\/\/blog.rwth-aachen.de\/ifp\/wp-json\/wp\/v2\/posts\/1274","targetHints":{"allow":["GET"]}}],"collection":[{"href":"https:\/\/blog.rwth-aachen.de\/ifp\/wp-json\/wp\/v2\/posts"}],"about":[{"href":"https:\/\/blog.rwth-aachen.de\/ifp\/wp-json\/wp\/v2\/types\/post"}],"author":[{"embeddable":true,"href":"https:\/\/blog.rwth-aachen.de\/ifp\/wp-json\/wp\/v2\/users\/4970"}],"replies":[{"embeddable":true,"href":"https:\/\/blog.rwth-aachen.de\/ifp\/wp-json\/wp\/v2\/comments?post=1274"}],"version-history":[{"count":5,"href":"https:\/\/blog.rwth-aachen.de\/ifp\/wp-json\/wp\/v2\/posts\/1274\/revisions"}],"predecessor-version":[{"id":1285,"href":"https:\/\/blog.rwth-aachen.de\/ifp\/wp-json\/wp\/v2\/posts\/1274\/revisions\/1285"}],"wp:attachment":[{"href":"https:\/\/blog.rwth-aachen.de\/ifp\/wp-json\/wp\/v2\/media?parent=1274"}],"wp:term":[{"taxonomy":"category","embeddable":true,"href":"https:\/\/blog.rwth-aachen.de\/ifp\/wp-json\/wp\/v2\/categories?post=1274"},{"taxonomy":"post_tag","embeddable":true,"href":"https:\/\/blog.rwth-aachen.de\/ifp\/wp-json\/wp\/v2\/tags?post=1274"}],"curies":[{"name":"wp","href":"https:\/\/api.w.org\/{rel}","templated":true}]}}