{"id":1276,"date":"2025-10-14T15:40:15","date_gmt":"2025-10-14T13:40:15","guid":{"rendered":"https:\/\/blog.rwth-aachen.de\/ifp\/?p=1276"},"modified":"2025-10-14T15:40:15","modified_gmt":"2025-10-14T13:40:15","slug":"tag-der-offenen-tuer-am-kompetenzzentrum-fuer-gebaerdensprache-und-gestik-29-09-2025","status":"publish","type":"post","link":"https:\/\/blog.rwth-aachen.de\/ifp\/2025\/10\/14\/tag-der-offenen-tuer-am-kompetenzzentrum-fuer-gebaerdensprache-und-gestik-29-09-2025\/","title":{"rendered":"Tag der offenen T\u00fcr am Kompetenzzentrum f\u00fcr Geb\u00e4rdensprache und Gestik (29.09.2025)"},"content":{"rendered":"<p><img loading=\"lazy\" decoding=\"async\" class=\"size-medium wp-image-1286 alignright\" src=\"https:\/\/blog.rwth-aachen.de\/ifp\/files\/2025\/10\/Ausschnitt-Poster-300x246.png\" alt=\"\" width=\"300\" height=\"246\" srcset=\"https:\/\/blog.rwth-aachen.de\/ifp\/files\/2025\/10\/Ausschnitt-Poster-300x246.png 300w, https:\/\/blog.rwth-aachen.de\/ifp\/files\/2025\/10\/Ausschnitt-Poster.png 643w\" sizes=\"auto, (max-width: 300px) 100vw, 300px\" \/> Am 29.09.2025 lud unser Projektpartner SignGes zum Tag der offenen T\u00fcr ein. Nach der Begr\u00fc\u00dfung durch den gesch\u00e4ftsf\u00fchrenden Direktor Prof. Dr. Dr. Klaus Mathiak und dem Gru\u00dfwort unserer Prorektorin Prof. Dipl.-Ing. Sabine Br\u00fcck\u2011D\u00fcrkop erhielten die Teilnehmenden Einblicke in aktuelle Projekte: Im Foyer der 2. Etage konnten sich Besucher:innen an Posterst\u00e4nden \u00fcber die Projekte von SignGes informieren. Das LuF Gesundheitspsychologie betreute den Stand des gemeinsamen Projekts TEBEK (Testverfahren zur Beurteilung berufsrelevanter Kompetenzen tauber und schwerh\u00f6riger Menschen). Workshops zur Deutschen Geb\u00e4rdensprache und zu Haptic Body Signs sowie der Gastvortrag von Prof. Dr. Wyatte C. Hall (University of Rochester, USA) zu \u201eNew Research on Language Deprivation\u201c rundeten den spannenden und eindrucksvollen Nachmittag ab.<img loading=\"lazy\" decoding=\"async\" class=\"alignnone size-medium wp-image-1287\" src=\"https:\/\/blog.rwth-aachen.de\/ifp\/files\/2025\/10\/Tag-der-offenen-Tuere-300x69.png\" alt=\"\" width=\"300\" height=\"69\" srcset=\"https:\/\/blog.rwth-aachen.de\/ifp\/files\/2025\/10\/Tag-der-offenen-Tuere-300x69.png 300w, https:\/\/blog.rwth-aachen.de\/ifp\/files\/2025\/10\/Tag-der-offenen-Tuere.png 738w\" sizes=\"auto, (max-width: 300px) 100vw, 300px\" \/><\/p>\r\n","protected":false},"excerpt":{"rendered":"<p>Am 29.09.2025 lud unser Projektpartner SignGes zum Tag der offenen T\u00fcr ein. Nach der Begr\u00fc\u00dfung durch den gesch\u00e4ftsf\u00fchrenden Direktor Prof. Dr. Dr. Klaus Mathiak und dem Gru\u00dfwort unserer Prorektorin Prof. [&hellip;]<\/p>\n","protected":false},"author":4970,"featured_media":0,"comment_status":"closed","ping_status":"open","sticky":false,"template":"","format":"standard","meta":{"c2c_always_allow_admin_comments":false,"footnotes":""},"categories":[1,6,3],"tags":[],"class_list":["post-1276","post","type-post","status-publish","format-standard","hentry","category-allgemein","category-luf-gesundheitspsychologie","category-tagungen"],"_links":{"self":[{"href":"https:\/\/blog.rwth-aachen.de\/ifp\/wp-json\/wp\/v2\/posts\/1276","targetHints":{"allow":["GET"]}}],"collection":[{"href":"https:\/\/blog.rwth-aachen.de\/ifp\/wp-json\/wp\/v2\/posts"}],"about":[{"href":"https:\/\/blog.rwth-aachen.de\/ifp\/wp-json\/wp\/v2\/types\/post"}],"author":[{"embeddable":true,"href":"https:\/\/blog.rwth-aachen.de\/ifp\/wp-json\/wp\/v2\/users\/4970"}],"replies":[{"embeddable":true,"href":"https:\/\/blog.rwth-aachen.de\/ifp\/wp-json\/wp\/v2\/comments?post=1276"}],"version-history":[{"count":2,"href":"https:\/\/blog.rwth-aachen.de\/ifp\/wp-json\/wp\/v2\/posts\/1276\/revisions"}],"predecessor-version":[{"id":1288,"href":"https:\/\/blog.rwth-aachen.de\/ifp\/wp-json\/wp\/v2\/posts\/1276\/revisions\/1288"}],"wp:attachment":[{"href":"https:\/\/blog.rwth-aachen.de\/ifp\/wp-json\/wp\/v2\/media?parent=1276"}],"wp:term":[{"taxonomy":"category","embeddable":true,"href":"https:\/\/blog.rwth-aachen.de\/ifp\/wp-json\/wp\/v2\/categories?post=1276"},{"taxonomy":"post_tag","embeddable":true,"href":"https:\/\/blog.rwth-aachen.de\/ifp\/wp-json\/wp\/v2\/tags?post=1276"}],"curies":[{"name":"wp","href":"https:\/\/api.w.org\/{rel}","templated":true}]}}