{"id":170,"date":"2021-07-08T11:21:56","date_gmt":"2021-07-08T09:21:56","guid":{"rendered":"https:\/\/blog.rwth-aachen.de\/ifp\/?p=170"},"modified":"2021-07-08T23:19:32","modified_gmt":"2021-07-08T21:19:32","slug":"prof-dr-bettina-s-wiese-elternzeit-aus-der-perspektive-von-muettern-und-vaetern","status":"publish","type":"post","link":"https:\/\/blog.rwth-aachen.de\/ifp\/2021\/07\/08\/prof-dr-bettina-s-wiese-elternzeit-aus-der-perspektive-von-muettern-und-vaetern\/","title":{"rendered":"Prof. Dr. Bettina S: Wiese: Elternzeit aus der Perspektive von M\u00fcttern und V\u00e4tern"},"content":{"rendered":"<p><img loading=\"lazy\" decoding=\"async\" class=\"aligncenter wp-image-171 size-full\" src=\"https:\/\/blog.rwth-aachen.de\/ifp\/files\/2021\/07\/Wiese_teaser.png\" alt=\"\" width=\"1057\" height=\"193\" srcset=\"https:\/\/blog.rwth-aachen.de\/ifp\/files\/2021\/07\/Wiese_teaser.png 1057w, https:\/\/blog.rwth-aachen.de\/ifp\/files\/2021\/07\/Wiese_teaser-300x55.png 300w, https:\/\/blog.rwth-aachen.de\/ifp\/files\/2021\/07\/Wiese_teaser-1024x187.png 1024w, https:\/\/blog.rwth-aachen.de\/ifp\/files\/2021\/07\/Wiese_teaser-768x140.png 768w\" sizes=\"auto, (max-width: 1057px) 100vw, 1057px\" \/>Am 30.06.2021 hat Prof. Dr. Bettina S. Wiese im Kolloquium des Fachbereichs Psychologie der Universit\u00e4t Koblenz-Landau einen eingeladenen Vortrag zum Thema &#8218;Elternzeit aus der Perspektive von M\u00fcttern und V\u00e4tern&#8216; gehalten.<\/p>\n","protected":false},"excerpt":{"rendered":"<p>Am 30.06.2021 hat Prof. Dr. Bettina S. Wiese im Kolloquium des Fachbereichs Psychologie der Universit\u00e4t Koblenz-Landau einen eingeladenen Vortrag zum Thema &#8218;Elternzeit aus der Perspektive von M\u00fcttern und V\u00e4tern&#8216; gehalten.<\/p>\n","protected":false},"author":3207,"featured_media":0,"comment_status":"closed","ping_status":"open","sticky":false,"template":"","format":"standard","meta":{"c2c_always_allow_admin_comments":false,"footnotes":""},"categories":[1,4,8],"tags":[],"class_list":["post-170","post","type-post","status-publish","format-standard","hentry","category-allgemein","category-forschung","category-personal-und-organisationspsychologie"],"_links":{"self":[{"href":"https:\/\/blog.rwth-aachen.de\/ifp\/wp-json\/wp\/v2\/posts\/170","targetHints":{"allow":["GET"]}}],"collection":[{"href":"https:\/\/blog.rwth-aachen.de\/ifp\/wp-json\/wp\/v2\/posts"}],"about":[{"href":"https:\/\/blog.rwth-aachen.de\/ifp\/wp-json\/wp\/v2\/types\/post"}],"author":[{"embeddable":true,"href":"https:\/\/blog.rwth-aachen.de\/ifp\/wp-json\/wp\/v2\/users\/3207"}],"replies":[{"embeddable":true,"href":"https:\/\/blog.rwth-aachen.de\/ifp\/wp-json\/wp\/v2\/comments?post=170"}],"version-history":[{"count":3,"href":"https:\/\/blog.rwth-aachen.de\/ifp\/wp-json\/wp\/v2\/posts\/170\/revisions"}],"predecessor-version":[{"id":174,"href":"https:\/\/blog.rwth-aachen.de\/ifp\/wp-json\/wp\/v2\/posts\/170\/revisions\/174"}],"wp:attachment":[{"href":"https:\/\/blog.rwth-aachen.de\/ifp\/wp-json\/wp\/v2\/media?parent=170"}],"wp:term":[{"taxonomy":"category","embeddable":true,"href":"https:\/\/blog.rwth-aachen.de\/ifp\/wp-json\/wp\/v2\/categories?post=170"},{"taxonomy":"post_tag","embeddable":true,"href":"https:\/\/blog.rwth-aachen.de\/ifp\/wp-json\/wp\/v2\/tags?post=170"}],"curies":[{"name":"wp","href":"https:\/\/api.w.org\/{rel}","templated":true}]}}