{"id":672,"date":"2023-10-13T09:34:48","date_gmt":"2023-10-13T07:34:48","guid":{"rendered":"https:\/\/blog.rwth-aachen.de\/ifp\/?p=672"},"modified":"2023-10-13T09:34:48","modified_gmt":"2023-10-13T07:34:48","slug":"symposium-praevention-am-arbeitsplatz-psychische-gesundheit","status":"publish","type":"post","link":"https:\/\/blog.rwth-aachen.de\/ifp\/2023\/10\/13\/symposium-praevention-am-arbeitsplatz-psychische-gesundheit\/","title":{"rendered":"Symposium &#8222;Pr\u00e4vention am Arbeitsplatz \/ psychische Gesundheit&#8220;"},"content":{"rendered":"<p>Wir sind der Einladung von der Bundesarbeitsgemeinschaft Beruflicher Trainingszentren e.V. gefolgt, einen Beitrag zum Symposium &#8222;Pr\u00e4vention am Arbeitsplatz \/ psychische Gesundheit&#8220; beizusteuern!<\/p>\n<p>Prof. Dr. phil. Viktoria Arling\u00a0und\u00a0Dr. Veneta Slavchova\u00a0hielten am 11.10.23 vor dem interessierten Fachpersonal einen Vortrag \u00fcber &#8222;Mentale Gesundheit in der Arbeitswelt: Resilienz, soziale Kompetenzen und Kommunikation \u00fcber gesundheitliche Beeintr\u00e4chtigungen als Erfolgsfaktoren&#8220;.<\/p>\n<p>In diesem Rahmen stellten wir unter anderem brandaktuelle Ergebnisse zum Thema berufliche\u00a0<span class=\"x_ql-hashtag\">Resilienz<\/span>\u00a0vor:<\/p>\n<p>&#8211; Entwicklung und Validierung unseres state-of-the-art Fragebogens zur Erfassung der beruflichen Resilienz auf Basis des 7-S\u00e4ulen-Modells<\/p>\n<p>&#8211; Empirische Belege zur Bedeutung beruflicher Resilienz f\u00fcr die Bewertung der pers\u00f6nlichen Arbeitssituation (z.B. wahrgenommene Arbeits- und Berufsbelastung) und Indikatoren guter psychischer Gesundheit<\/p>\n<p>&#8211; M\u00f6glichkeiten zum gezielten Training beruflicher Resilienz<\/p>\n<p>Der Austausch mit den Fachleuten zeigte uns, dass wir mit dem Thema genau den Nerv der Zeit getroffen haben.<\/p>\n","protected":false},"excerpt":{"rendered":"<p>Wir sind der Einladung von der Bundesarbeitsgemeinschaft Beruflicher Trainingszentren e.V. gefolgt, einen Beitrag zum Symposium &#8222;Pr\u00e4vention am Arbeitsplatz \/ psychische Gesundheit&#8220; beizusteuern! Prof. Dr. phil. Viktoria Arling\u00a0und\u00a0Dr. Veneta Slavchova\u00a0hielten am [&hellip;]<\/p>\n","protected":false},"author":3207,"featured_media":0,"comment_status":"closed","ping_status":"open","sticky":false,"template":"","format":"standard","meta":{"c2c_always_allow_admin_comments":false,"footnotes":""},"categories":[1,9,3],"tags":[],"class_list":["post-672","post","type-post","status-publish","format-standard","hentry","category-allgemein","category-gesundheitspsychologie","category-tagungen"],"_links":{"self":[{"href":"https:\/\/blog.rwth-aachen.de\/ifp\/wp-json\/wp\/v2\/posts\/672","targetHints":{"allow":["GET"]}}],"collection":[{"href":"https:\/\/blog.rwth-aachen.de\/ifp\/wp-json\/wp\/v2\/posts"}],"about":[{"href":"https:\/\/blog.rwth-aachen.de\/ifp\/wp-json\/wp\/v2\/types\/post"}],"author":[{"embeddable":true,"href":"https:\/\/blog.rwth-aachen.de\/ifp\/wp-json\/wp\/v2\/users\/3207"}],"replies":[{"embeddable":true,"href":"https:\/\/blog.rwth-aachen.de\/ifp\/wp-json\/wp\/v2\/comments?post=672"}],"version-history":[{"count":1,"href":"https:\/\/blog.rwth-aachen.de\/ifp\/wp-json\/wp\/v2\/posts\/672\/revisions"}],"predecessor-version":[{"id":673,"href":"https:\/\/blog.rwth-aachen.de\/ifp\/wp-json\/wp\/v2\/posts\/672\/revisions\/673"}],"wp:attachment":[{"href":"https:\/\/blog.rwth-aachen.de\/ifp\/wp-json\/wp\/v2\/media?parent=672"}],"wp:term":[{"taxonomy":"category","embeddable":true,"href":"https:\/\/blog.rwth-aachen.de\/ifp\/wp-json\/wp\/v2\/categories?post=672"},{"taxonomy":"post_tag","embeddable":true,"href":"https:\/\/blog.rwth-aachen.de\/ifp\/wp-json\/wp\/v2\/tags?post=672"}],"curies":[{"name":"wp","href":"https:\/\/api.w.org\/{rel}","templated":true}]}}