{"id":72,"date":"2021-05-05T13:55:28","date_gmt":"2021-05-05T11:55:28","guid":{"rendered":"https:\/\/blog.rwth-aachen.de\/ifp\/?p=72"},"modified":"2021-05-05T23:26:19","modified_gmt":"2021-05-05T21:26:19","slug":"neue-postdoktorandin-in-der-arbeits-und-ingenieurpsychologie","status":"publish","type":"post","link":"https:\/\/blog.rwth-aachen.de\/ifp\/2021\/05\/05\/neue-postdoktorandin-in-der-arbeits-und-ingenieurpsychologie\/","title":{"rendered":"Das LuF Arbeits- und Ingenieurpsychologie begr\u00fc\u00dft Dr. Isabel Schiller!"},"content":{"rendered":"<p><a href=\"https:\/\/www.psych.rwth-aachen.de\/cms\/PSY\/Das-Institut\/A-K\/Mitarbeiter\/~ofhnv\/Isabel-Schiller\/\">Dr. Isabel Schiller<\/a> verst\u00e4rkt seit 01. Mai 2021 als wissenschaftliche Mitarbeiterin das Team des LuF Arbeits- und Ingenieurpsychologie. Als Postdoktorandin forscht sie an der Schnittstelle von auditiver Kognition, Psychoakustik und Virtual Reality. Im Rahmen der L\u00e4rmwirkungsforschung nutzt Isabel behaviorale Methoden und instrumentelle Soundanalysen.<\/p>\n<p><img loading=\"lazy\" decoding=\"async\" class=\"size-medium wp-image-73 alignleft\" src=\"https:\/\/blog.rwth-aachen.de\/ifp\/files\/2021\/05\/Isabel-300x225.jpg\" alt=\"\" width=\"300\" height=\"225\" srcset=\"https:\/\/blog.rwth-aachen.de\/ifp\/files\/2021\/05\/Isabel-300x225.jpg 300w, https:\/\/blog.rwth-aachen.de\/ifp\/files\/2021\/05\/Isabel-1024x768.jpg 1024w, https:\/\/blog.rwth-aachen.de\/ifp\/files\/2021\/05\/Isabel-768x576.jpg 768w, https:\/\/blog.rwth-aachen.de\/ifp\/files\/2021\/05\/Isabel-1536x1152.jpg 1536w, https:\/\/blog.rwth-aachen.de\/ifp\/files\/2021\/05\/Isabel-2048x1536.jpg 2048w\" sizes=\"auto, (max-width: 300px) 100vw, 300px\" \/><\/p>\n<p>Von 2017 bis 2020 promovierte Isabel an der Psychologischen Fakult\u00e4t der Universit\u00e9 de Li\u00e8ge in Belgien. In ihrer Dissertation untersuchte sie den Einfluss von L\u00e4rm und der Stimmqualit\u00e4t von Sprecher*innen auf das Sprachverstehen von Grundsch\u00fcler*innen.<\/p>\n<p>&nbsp;<\/p>\n<p>Wir freuen uns auf eine tolle Zusammenarbeit!<\/p>\n","protected":false},"excerpt":{"rendered":"<p>Dr. Isabel Schiller verst\u00e4rkt seit 01. Mai 2021 als wissenschaftliche Mitarbeiterin das Team des LuF Arbeits- und Ingenieurpsychologie. Als Postdoktorandin forscht sie an der Schnittstelle von auditiver Kognition, Psychoakustik und [&hellip;]<\/p>\n","protected":false},"author":3207,"featured_media":0,"comment_status":"closed","ping_status":"open","sticky":false,"template":"","format":"standard","meta":{"c2c_always_allow_admin_comments":false,"footnotes":""},"categories":[1,11,12,5],"tags":[],"class_list":["post-72","post","type-post","status-publish","format-standard","hentry","category-allgemein","category-arbeits-und-ingenieurpsychologie","category-auditive-kognition","category-luf-arbeits-und-ingenieurpsychologie"],"_links":{"self":[{"href":"https:\/\/blog.rwth-aachen.de\/ifp\/wp-json\/wp\/v2\/posts\/72","targetHints":{"allow":["GET"]}}],"collection":[{"href":"https:\/\/blog.rwth-aachen.de\/ifp\/wp-json\/wp\/v2\/posts"}],"about":[{"href":"https:\/\/blog.rwth-aachen.de\/ifp\/wp-json\/wp\/v2\/types\/post"}],"author":[{"embeddable":true,"href":"https:\/\/blog.rwth-aachen.de\/ifp\/wp-json\/wp\/v2\/users\/3207"}],"replies":[{"embeddable":true,"href":"https:\/\/blog.rwth-aachen.de\/ifp\/wp-json\/wp\/v2\/comments?post=72"}],"version-history":[{"count":7,"href":"https:\/\/blog.rwth-aachen.de\/ifp\/wp-json\/wp\/v2\/posts\/72\/revisions"}],"predecessor-version":[{"id":90,"href":"https:\/\/blog.rwth-aachen.de\/ifp\/wp-json\/wp\/v2\/posts\/72\/revisions\/90"}],"wp:attachment":[{"href":"https:\/\/blog.rwth-aachen.de\/ifp\/wp-json\/wp\/v2\/media?parent=72"}],"wp:term":[{"taxonomy":"category","embeddable":true,"href":"https:\/\/blog.rwth-aachen.de\/ifp\/wp-json\/wp\/v2\/categories?post=72"},{"taxonomy":"post_tag","embeddable":true,"href":"https:\/\/blog.rwth-aachen.de\/ifp\/wp-json\/wp\/v2\/tags?post=72"}],"curies":[{"name":"wp","href":"https:\/\/api.w.org\/{rel}","templated":true}]}}