{"id":761,"date":"2023-11-27T12:37:35","date_gmt":"2023-11-27T11:37:35","guid":{"rendered":"https:\/\/blog.rwth-aachen.de\/ifp\/?p=761"},"modified":"2023-11-27T12:37:35","modified_gmt":"2023-11-27T11:37:35","slug":"keynote-von-bettina-s-wiese-auf-der-waop-konferenz-2023-in-groningen-nl","status":"publish","type":"post","link":"https:\/\/blog.rwth-aachen.de\/ifp\/2023\/11\/27\/keynote-von-bettina-s-wiese-auf-der-waop-konferenz-2023-in-groningen-nl\/","title":{"rendered":"Keynote von Bettina S. Wiese auf der WAOP-Konferenz 2023 in Groningen (NL)"},"content":{"rendered":"<p><img loading=\"lazy\" decoding=\"async\" class=\" wp-image-768 alignleft\" src=\"https:\/\/blog.rwth-aachen.de\/ifp\/files\/2023\/11\/waop2.jpg\" alt=\"\" width=\"105\" height=\"122\" \/><\/p>\r\n\r\n<p>Die WAOP (Working Community of researchers in Work &amp; Organizational Psychology) ist ein Verband, der die Forschung im Bereich der Arbeits- und Organisationspsychologie in den Niederlanden und dem niederl\u00e4ndisch sprechenden Teil Belgiens f\u00f6rdert. Am 24. November 2023 fand die WAOP-Konferenz in Groningen (NL) statt. Prof. Dr. Bettina S. Wiese (Lehrstuhl f\u00fcr Personal- und Organisationspsychologie) war eingeladen, die Konferenz mit einer Keynote zum Thema \u201eMotives and goals of early-career scientists\u201c zu er\u00f6ffnen.<\/p>\r\n","protected":false},"excerpt":{"rendered":"<p>Die WAOP (Working Community of researchers in Work &amp; Organizational Psychology) ist ein Verband, der die Forschung im Bereich der Arbeits- und Organisationspsychologie in den Niederlanden und dem niederl\u00e4ndisch sprechenden [&hellip;]<\/p>\n","protected":false},"author":4970,"featured_media":0,"comment_status":"closed","ping_status":"open","sticky":false,"template":"","format":"standard","meta":{"c2c_always_allow_admin_comments":false,"footnotes":""},"categories":[1,8,3],"tags":[],"class_list":["post-761","post","type-post","status-publish","format-standard","hentry","category-allgemein","category-personal-und-organisationspsychologie","category-tagungen"],"_links":{"self":[{"href":"https:\/\/blog.rwth-aachen.de\/ifp\/wp-json\/wp\/v2\/posts\/761","targetHints":{"allow":["GET"]}}],"collection":[{"href":"https:\/\/blog.rwth-aachen.de\/ifp\/wp-json\/wp\/v2\/posts"}],"about":[{"href":"https:\/\/blog.rwth-aachen.de\/ifp\/wp-json\/wp\/v2\/types\/post"}],"author":[{"embeddable":true,"href":"https:\/\/blog.rwth-aachen.de\/ifp\/wp-json\/wp\/v2\/users\/4970"}],"replies":[{"embeddable":true,"href":"https:\/\/blog.rwth-aachen.de\/ifp\/wp-json\/wp\/v2\/comments?post=761"}],"version-history":[{"count":6,"href":"https:\/\/blog.rwth-aachen.de\/ifp\/wp-json\/wp\/v2\/posts\/761\/revisions"}],"predecessor-version":[{"id":771,"href":"https:\/\/blog.rwth-aachen.de\/ifp\/wp-json\/wp\/v2\/posts\/761\/revisions\/771"}],"wp:attachment":[{"href":"https:\/\/blog.rwth-aachen.de\/ifp\/wp-json\/wp\/v2\/media?parent=761"}],"wp:term":[{"taxonomy":"category","embeddable":true,"href":"https:\/\/blog.rwth-aachen.de\/ifp\/wp-json\/wp\/v2\/categories?post=761"},{"taxonomy":"post_tag","embeddable":true,"href":"https:\/\/blog.rwth-aachen.de\/ifp\/wp-json\/wp\/v2\/tags?post=761"}],"curies":[{"name":"wp","href":"https:\/\/api.w.org\/{rel}","templated":true}]}}