{"id":879,"date":"2024-05-14T15:41:13","date_gmt":"2024-05-14T13:41:13","guid":{"rendered":"https:\/\/blog.rwth-aachen.de\/ifp\/?p=879"},"modified":"2024-05-14T15:41:13","modified_gmt":"2024-05-14T13:41:13","slug":"das-projekt-bim4people-im-oecherlab","status":"publish","type":"post","link":"https:\/\/blog.rwth-aachen.de\/ifp\/2024\/05\/14\/das-projekt-bim4people-im-oecherlab\/","title":{"rendered":"Das Projekt BIM4People im OecherLab"},"content":{"rendered":"<p><img loading=\"lazy\" decoding=\"async\" class=\" wp-image-889 alignleft\" src=\"https:\/\/blog.rwth-aachen.de\/ifp\/files\/2024\/05\/OecherLabBIM-300x200.png\" alt=\"\" width=\"464\" height=\"310\" srcset=\"https:\/\/blog.rwth-aachen.de\/ifp\/files\/2024\/05\/OecherLabBIM-300x200.png 300w, https:\/\/blog.rwth-aachen.de\/ifp\/files\/2024\/05\/OecherLabBIM-768x511.png 768w, https:\/\/blog.rwth-aachen.de\/ifp\/files\/2024\/05\/OecherLabBIM.png 839w\" sizes=\"auto, (max-width: 464px) 100vw, 464px\" \/><\/p>\r\n\r\n<p>Letzte Woche stellte das Lehr- und Forschungsgebiet Arbeits- und Ingenieurpsychologie in Kooperation mit dem ICoM der RWTH Aachen University das Projekt BIM4People im OecherLab in Aachen vor. Die Veranstaltung bot einen Einblick in die Fokusgruppen mit B\u00fcrger:innen sowie in die Bedarfsanalyse zu digitalen Beteiligungsplattformen. In einer anschlie\u00dfenden Podiumsdiskussion wurden die Herausforderungen und Chancen digitaler B\u00fcrgerbeteiligung mit zwei Projektpartnern und der Stadt Aachen diskutiert.<br \/><br \/><br \/><br \/>Im Projekt BIM4People arbeiten Jennifer Kl\u00fctsch und Luise Haehn vom Lehr- und Forschungsgebiet Arbeits- und Ingenieurpsychologie (Prof. Dr. Sabine Schlittmeier) sowie Patricia Hirsch und Sandra Hensen vom Lehrstuhl f\u00fcr Kognitions- und Experimentalpsychologie (Prof. Dr. Iring Koch) gemeinsam in einem interdisziplin\u00e4ren Konsortium. Ihr Ziel ist es, eine digitale Beteiligungsplattform f\u00fcr die \u00d6ffentlichkeit zu gestalten, um die Akzeptanz f\u00fcr Bauma\u00dfnahmen im Sinne der Mobilit\u00e4t 4.0 zu st\u00e4rken. Dadurch soll der Umstieg auf \u00f6ffentliche Verkehrsmittel durch gemeinschaftliche Mitgestaltung und Ber\u00fccksichtigung der \u00d6ffentlichkeitsinteressen attraktiver gemacht werden.<\/p>\r\n","protected":false},"excerpt":{"rendered":"<p>Letzte Woche stellte das Lehr- und Forschungsgebiet Arbeits- und Ingenieurpsychologie in Kooperation mit dem ICoM der RWTH Aachen University das Projekt BIM4People im OecherLab in Aachen vor. Die Veranstaltung bot [&hellip;]<\/p>\n","protected":false},"author":4970,"featured_media":0,"comment_status":"closed","ping_status":"open","sticky":false,"template":"","format":"standard","meta":{"c2c_always_allow_admin_comments":false,"footnotes":""},"categories":[1,14,11,7,5],"tags":[],"class_list":["post-879","post","type-post","status-publish","format-standard","hentry","category-allgemein","category-ankuendigung","category-arbeits-und-ingenieurpsychologie","category-kognitions-und-experimentalpsychologie","category-luf-arbeits-und-ingenieurpsychologie"],"_links":{"self":[{"href":"https:\/\/blog.rwth-aachen.de\/ifp\/wp-json\/wp\/v2\/posts\/879","targetHints":{"allow":["GET"]}}],"collection":[{"href":"https:\/\/blog.rwth-aachen.de\/ifp\/wp-json\/wp\/v2\/posts"}],"about":[{"href":"https:\/\/blog.rwth-aachen.de\/ifp\/wp-json\/wp\/v2\/types\/post"}],"author":[{"embeddable":true,"href":"https:\/\/blog.rwth-aachen.de\/ifp\/wp-json\/wp\/v2\/users\/4970"}],"replies":[{"embeddable":true,"href":"https:\/\/blog.rwth-aachen.de\/ifp\/wp-json\/wp\/v2\/comments?post=879"}],"version-history":[{"count":9,"href":"https:\/\/blog.rwth-aachen.de\/ifp\/wp-json\/wp\/v2\/posts\/879\/revisions"}],"predecessor-version":[{"id":897,"href":"https:\/\/blog.rwth-aachen.de\/ifp\/wp-json\/wp\/v2\/posts\/879\/revisions\/897"}],"wp:attachment":[{"href":"https:\/\/blog.rwth-aachen.de\/ifp\/wp-json\/wp\/v2\/media?parent=879"}],"wp:term":[{"taxonomy":"category","embeddable":true,"href":"https:\/\/blog.rwth-aachen.de\/ifp\/wp-json\/wp\/v2\/categories?post=879"},{"taxonomy":"post_tag","embeddable":true,"href":"https:\/\/blog.rwth-aachen.de\/ifp\/wp-json\/wp\/v2\/tags?post=879"}],"curies":[{"name":"wp","href":"https:\/\/api.w.org\/{rel}","templated":true}]}}