{"id":32,"date":"2021-07-28T10:51:41","date_gmt":"2021-07-28T08:51:41","guid":{"rendered":"https:\/\/blog.rwth-aachen.de\/intern-abroad\/?p=32"},"modified":"2026-03-06T17:39:52","modified_gmt":"2026-03-06T16:39:52","slug":"mit-dem-camper-quer-durch-spanien","status":"publish","type":"post","link":"https:\/\/blog.rwth-aachen.de\/intern-abroad\/2021\/07\/28\/mit-dem-camper-quer-durch-spanien\/","title":{"rendered":"Mit dem Camper quer durch Spanien"},"content":{"rendered":"<div class=\"twoclick_social_bookmarks_post_32 social_share_privacy clearfix 1.6.4 locale-en_US sprite-en_US\"><\/div><div class=\"twoclick-js\"><script type=\"text\/javascript\">\/* <![CDATA[ *\/\njQuery(document).ready(function($){if($('.twoclick_social_bookmarks_post_32')){$('.twoclick_social_bookmarks_post_32').socialSharePrivacy({\"txt_help\":\"Wenn Sie diese Felder durch einen Klick aktivieren, werden Informationen an Facebook, Twitter, Flattr, Xing, t3n, LinkedIn, Pinterest oder Google eventuell ins Ausland \\u00fcbertragen und unter Umst\\u00e4nden auch dort gespeichert. N\\u00e4heres erfahren Sie durch einen Klick auf das <em>i<\\\/em>.\",\"settings_perma\":\"Dauerhaft aktivieren und Daten\\u00fcber-tragung zustimmen:\",\"info_link\":\"http:\\\/\\\/www.heise.de\\\/ct\\\/artikel\\\/2-Klicks-fuer-mehr-Datenschutz-1333879.html\",\"uri\":\"https:\\\/\\\/blog.rwth-aachen.de\\\/intern-abroad\\\/2021\\\/07\\\/28\\\/mit-dem-camper-quer-durch-spanien\\\/\",\"post_id\":32,\"post_title_referrer_track\":\"Mit+dem+Camper+quer+durch+Spanien\",\"display_infobox\":\"on\"});}});\n\/* ]]> *\/<\/script><\/div><p>&nbsp;<\/p>\n<ul>\n<li>Maschinenbau B.Sc.<\/li>\n<li>Sevilla, Spanien<\/li>\n<li>Noxium<\/li>\n<li>30.09.2019 \u2013 31.01.2020<\/li>\n<\/ul>\n<p>Hallo, ich bin Jana und studiere Maschinenbau an der RWTH Aachen. F\u00fcr mein Studium brauche ich ein 14-w\u00f6chiges Praktikum, in verschiedenen Bereichen. Ich hatte mich dazu entschieden dies im Ausland zu machen. Mein Freund, der ebenfalls Maschinenbau studiert, hatte auch geplant f\u00fcr ein halbes Jahr mit Erasmus ein Auslandssemester zu machen. Aus diesem Grund entschieden wir uns dazu dies gemeinsam zu machen!<\/p>\n<p>Mein Freund bekam einen Studienplatz an der Universidad de Sevilla, also hie\u00df das f\u00fcr mich, dass ich einen Praktikumsplatz in Sevilla brauchte. Zun\u00e4chst versuchte ich es auf eigene Faust, was aber leider nicht funktionierte. Dann bin auf Vividus International gesto\u00dfen und habe angefragt, ob sie mir helfen k\u00f6nnen. Und endlich lief alles! Nach einiger Zeit hatte ich die Zusage bei der Firma Noxium in der Konstruktion f\u00fcr 4 Monate arbeiten zu k\u00f6nnen. Die Organisation lief jetzt fast von allein! \ud83d\ude0a<\/p>\n<p>&nbsp;<\/p>\n<p>Am 11.09.2019 startete dann unsere Reise nach Sevilla. Mit unserem Campervan ging es \u00fcber Paris, Il de Re, San Sebastian und noch viel mehr Stopps in Richtung S\u00fcden. Als wir dann am 20.09.2019 in Sevilla ankamen, haben wir uns zun\u00e4chst auf Wohnungssuche begeben und konnten dann auch schon innerhalb von wenigen Tagen bei zwei Italienern, die ebenfalls ein Erasmussemester machten, einziehen.<\/p>\n<p>Am 30.09.2019 begann dann mein erster Tag im Praktikumsbetrieb. Ich wurde von allen sehr herzlich begr\u00fc\u00dft und bekam direkt meine erste Aufgabe, die Konstruktion eines Kunststoffgeh\u00e4uses f\u00fcr einen Router. Da ich mich schon etwas mit CAD-Konstruktion von meinem Studium auskannte, brauchte ich nur kurze Zeit, um mich in das Programm einzuarbeiten. Es hat mir sehr viel Spa\u00df gemacht alles M\u00f6gliche selbst zu konstruieren oder auch bestehende Teile zu \u00e4ndern. Bei Meetings hatte ich au\u00dferdem die M\u00f6glichkeit meine eigenen Ideen einzubringen.<\/p>\n<p>An den Wochenenden haben wir \u00f6fter Ausfl\u00fcge gemacht und konnten so Cadiz, Huelva, Cordoba, Tarifa, Gibraltar und den S\u00fcden Portugals erkunden. Da wir den Winter in Sevilla verbrachten, waren die Temperaturen ganz angenehm im Gegensatz zum Sommer.<\/p>\n<p>\u00dcber Weihnachten sind wir dann auch nach Deutschland geflogen, um mit unserer Familie und Freunden feiern zu k\u00f6nnen. Es war sch\u00f6n, sie nach so langer Zeit wiederzusehen!<\/p>\n<p>Am 31.01.2020 hatte ich dann meinen letzten Arbeitstag. Es ist schon schade, dass es so schnell vorbei war. Meine Arbeitskollegen und Mitbewohner sind mir sehr ans Herz gewachsen.<\/p>\n<p>Danach haben wir uns auf unsere R\u00fcckfahrt Richtung Deutschland begeben. Wir haben uns Granada, Almeria, Valencia, Barcelona, Andorra, Marseille, Nizza und vieles mehr angesehen. Es hat super viel Spa\u00df gemacht!! \ud83d\ude0a<\/p>\n","protected":false},"excerpt":{"rendered":"<p>&nbsp; Maschinenbau B.Sc. Sevilla, Spanien Noxium 30.09.2019 \u2013 31.01.2020 Hallo, ich bin Jana und studiere Maschinenbau an der RWTH Aachen. F\u00fcr mein Studium brauche ich ein 14-w\u00f6chiges Praktikum, in verschiedenen [&hellip;]<\/p>\n","protected":false},"author":3496,"featured_media":26,"comment_status":"open","ping_status":"open","sticky":false,"template":"","format":"standard","meta":{"c2c_always_allow_admin_comments":false,"footnotes":""},"categories":[9,83,7],"tags":[8],"class_list":["post-32","post","type-post","status-publish","format-standard","has-post-thumbnail","hentry","category-mechanical-engineering","category-sevilla","category-spain","tag-spanien"],"_links":{"self":[{"href":"https:\/\/blog.rwth-aachen.de\/intern-abroad\/wp-json\/wp\/v2\/posts\/32","targetHints":{"allow":["GET"]}}],"collection":[{"href":"https:\/\/blog.rwth-aachen.de\/intern-abroad\/wp-json\/wp\/v2\/posts"}],"about":[{"href":"https:\/\/blog.rwth-aachen.de\/intern-abroad\/wp-json\/wp\/v2\/types\/post"}],"author":[{"embeddable":true,"href":"https:\/\/blog.rwth-aachen.de\/intern-abroad\/wp-json\/wp\/v2\/users\/3496"}],"replies":[{"embeddable":true,"href":"https:\/\/blog.rwth-aachen.de\/intern-abroad\/wp-json\/wp\/v2\/comments?post=32"}],"version-history":[{"count":5,"href":"https:\/\/blog.rwth-aachen.de\/intern-abroad\/wp-json\/wp\/v2\/posts\/32\/revisions"}],"predecessor-version":[{"id":1502,"href":"https:\/\/blog.rwth-aachen.de\/intern-abroad\/wp-json\/wp\/v2\/posts\/32\/revisions\/1502"}],"wp:featuredmedia":[{"embeddable":true,"href":"https:\/\/blog.rwth-aachen.de\/intern-abroad\/wp-json\/wp\/v2\/media\/26"}],"wp:attachment":[{"href":"https:\/\/blog.rwth-aachen.de\/intern-abroad\/wp-json\/wp\/v2\/media?parent=32"}],"wp:term":[{"taxonomy":"category","embeddable":true,"href":"https:\/\/blog.rwth-aachen.de\/intern-abroad\/wp-json\/wp\/v2\/categories?post=32"},{"taxonomy":"post_tag","embeddable":true,"href":"https:\/\/blog.rwth-aachen.de\/intern-abroad\/wp-json\/wp\/v2\/tags?post=32"}],"curies":[{"name":"wp","href":"https:\/\/api.w.org\/{rel}","templated":true}]}}