{"id":13370,"date":"2022-12-07T13:33:07","date_gmt":"2022-12-07T12:33:07","guid":{"rendered":"https:\/\/blog.rwth-aachen.de\/itc\/?p=13370"},"modified":"2023-07-21T15:28:39","modified_gmt":"2023-07-21T13:28:39","slug":"aenderung-oeffnungszeiten-des-it-servicedesk-am-14-dezember-2022","status":"publish","type":"post","link":"https:\/\/blog.rwth-aachen.de\/itc\/en\/2022\/12\/07\/aenderung-oeffnungszeiten-des-it-servicedesk-am-14-dezember-2022\/","title":{"rendered":"Changed Opening Hours of the IT-ServiceDesk on December 14, 2022"},"content":{"rendered":"<div class=\"twoclick_social_bookmarks_post_13370 social_share_privacy clearfix 1.6.4 locale-en_US sprite-en_US\"><\/div><div class=\"twoclick-js\"><script type=\"text\/javascript\">\/* <![CDATA[ *\/\njQuery(document).ready(function($){if($('.twoclick_social_bookmarks_post_13370')){$('.twoclick_social_bookmarks_post_13370').socialSharePrivacy({\"txt_help\":\"Wenn Sie diese Felder durch einen Klick aktivieren, werden Informationen an Facebook, Twitter, Flattr, Xing, t3n, LinkedIn, Pinterest oder Google eventuell ins Ausland \\u00fcbertragen und unter Umst\\u00e4nden auch dort gespeichert. N\\u00e4heres erfahren Sie durch einen Klick auf das <em>i<\\\/em>.\",\"settings_perma\":\"Dauerhaft aktivieren und Daten\\u00fcber-tragung zustimmen:\",\"info_link\":\"http:\\\/\\\/www.heise.de\\\/ct\\\/artikel\\\/2-Klicks-fuer-mehr-Datenschutz-1333879.html\",\"uri\":\"https:\\\/\\\/blog.rwth-aachen.de\\\/itc\\\/en\\\/2022\\\/12\\\/07\\\/aenderung-oeffnungszeiten-des-it-servicedesk-am-14-dezember-2022\\\/\",\"post_id\":13370,\"post_title_referrer_track\":\"Changed+Opening+Hours+of+the+IT-ServiceDesk+on+December+14%2C+2022\",\"display_infobox\":\"on\"});}});\n\/* ]]> *\/<\/script><\/div><p>&nbsp;<\/p>\n<div id=\"attachment_13376\" style=\"width: 310px\" class=\"wp-caption alignright\"><a href=\"https:\/\/blog.rwth-aachen.de\/itc\/files\/2022\/12\/5156314-1-scaled.jpg\"><img loading=\"lazy\" decoding=\"async\" aria-describedby=\"caption-attachment-13376\" class=\"wp-image-13376 size-medium\" src=\"https:\/\/blog.rwth-aachen.de\/itc\/files\/2022\/12\/5156314-1-300x214.jpg\" alt=\"customer support illustration with small colorful images like search function, headphones and a laptop.\" width=\"300\" height=\"214\" srcset=\"https:\/\/blog.rwth-aachen.de\/itc\/files\/2022\/12\/5156314-1-300x214.jpg 300w, https:\/\/blog.rwth-aachen.de\/itc\/files\/2022\/12\/5156314-1-1024x731.jpg 1024w, https:\/\/blog.rwth-aachen.de\/itc\/files\/2022\/12\/5156314-1-768x549.jpg 768w, https:\/\/blog.rwth-aachen.de\/itc\/files\/2022\/12\/5156314-1-1536x1097.jpg 1536w, https:\/\/blog.rwth-aachen.de\/itc\/files\/2022\/12\/5156314-1-2048x1463.jpg 2048w\" sizes=\"auto, (max-width: 300px) 100vw, 300px\" \/><\/a><p id=\"caption-attachment-13376\" class=\"wp-caption-text\">Source: <a href=\"https:\/\/de.freepik.com\/vektoren-kostenlos\/organische-flache-kundenunterstuetzungsillustration_13176052.htm\">Freepik<\/a><\/p><\/div>\n<p>Due to an internal event, the <a href=\"https:\/\/help.itc.rwth-aachen.de\/en\/service\/b734502cd73e4201b1f763a65a61bf9c\/article\/cbf1b80232b34626bbd53dda48578c09\/\">IT-ServiceDesk<\/a> will be open at limited hours with a reduced offer on Wednesday, <strong>December 14, 2022<\/strong>.<\/p>\n<p>During the time from <strong>7:30am to 4pm<\/strong> the IT-ServiceDesk can be contacted as follows:<!--more--><\/p>\n<ul>\n<li><strong>By phone<\/strong>: +49 241 80 24680<\/li>\n<li><strong>By email:<\/strong> <a href=\"mailto:servicedesk@itc.rwth-aachen.de\">servicedesk@itc.rwth-aachen.de<\/a><\/li>\n<\/ul>\n<p>The following services, on the contrary, are only available from<strong> 7:30am until 12 noon<\/strong>:<\/p>\n<ul>\n<li>Personal support at Seffenter Weg 23<\/li>\n<li>The <a href=\"https:\/\/help.itc.rwth-aachen.de\/en\/service\/045675ee2f894dbc8e95486352913956\/\">Laptop-Rental-Pool<\/a><\/li>\n<li>The submission of <a href=\"https:\/\/help.itc.rwth-aachen.de\/en\/service\/81a55cea5f2b416892901cf1736bcfc7\/article\/cb524e1413484fdfb243f07353570aea\/\">DFN user certificates<\/a><\/li>\n<\/ul>\n<p>On this day, the Chat Support is unavailable.<br \/>\nPlease keep in mind that our location SuperC is closed on Wednesdays.<\/p>\n<p>Only the opening hours of the <a href=\"https:\/\/help.itc.rwth-aachen.de\/en\/service\/01657442f7a14cd7abfaf243687fd7e0\/\">print service<\/a> are not affected by that.<\/p>\n<p>As of Thursday, <strong>December 15<\/strong>, <strong>2022<\/strong>, the IT-ServiceDesk will be happy to assist you again at the <a href=\"https:\/\/www.itc.rwth-aachen.de\/cms\/it-center\/Services\/Support-Moeglichkeiten\/IT-ServiceDesk\/~sqqto\/Kontakt-Oeffnungszeiten\/?lidx=1\">usual opening hours<\/a>.<\/p>\n<p>Instructions on how to use and install our services can be found on <a href=\"https:\/\/help.itc.rwth-aachen.de\/en\/service\/01657442f7a14cd7abfaf243687fd7e0\/\">IT Center Help<\/a>.<\/p>\n<p>&nbsp;<\/p>\n<p>We thank you for your understanding.<br \/>\nYour IT-ServiceDesk<\/p>\n<p>Responsible for the content of this article is <a href=\"https:\/\/www.itc.rwth-aachen.de\/cms\/it-center\/IT-Center\/Profil\/Team\/~epvp\/Mitarbeiter-CAMPUS-\/?gguid=0x5EDD86759031544CBAD16793B535C64A&amp;allou=1&amp;lidx=1\">Sara Erdem<\/a>.<\/p>","protected":false},"excerpt":{"rendered":"<p>Sorry, this entry is only available in Deutsch.<\/p>\n","protected":false},"author":4285,"featured_media":0,"comment_status":"open","ping_status":"closed","sticky":false,"template":"","format":"standard","meta":{"c2c_always_allow_admin_comments":false,"footnotes":""},"categories":[306,312,315],"tags":[514,722,99,122,119,169],"class_list":["post-13370","post","type-post","status-publish","format-standard","hentry","category-ankuendigungen","category-insight-it-center","category-services-support","tag-aenderung","tag-infos","tag-it-center","tag-oeffnungszeiten","tag-support","tag-veranstaltung"],"aioseo_notices":[],"aioseo_head":"\n\t\t<!-- All in One SEO 4.9.8 - aioseo.com -->\n\t<meta name=\"description\" content=\"Eingeschr\u00e4nkte \u00d6ffnungszeiten des IT-ServiceDesks \u2022 Am 14. Dezember 2022 \u2022 Kontaktm\u00f6glichkeiten zu bestimmten Uhrzeiten \u2022 pers\u00f6nlich \u2022 telefonisch \u2022 per Mail\" \/>\n\t<meta name=\"robots\" content=\"max-image-preview:large\" \/>\n\t<meta name=\"author\" content=\"Erdem, Sara\"\/>\n\t<meta name=\"keywords\" content=\"\u00e4nderung,infos,it center,\u00f6ffnungszeiten,support,veranstaltung,announcements,insight it center,support, services &amp; updates\" \/>\n\t<link rel=\"canonical\" href=\"https:\/\/blog.rwth-aachen.de\/itc\/en\/2022\/12\/07\/aenderung-oeffnungszeiten-des-it-servicedesk-am-14-dezember-2022\/\" \/>\n\t<meta name=\"generator\" content=\"All in One SEO (AIOSEO) 4.9.8\" \/>\n\t\t<meta property=\"og:locale\" content=\"en_US\" \/>\n\t\t<meta property=\"og:site_name\" content=\"IT Center Blog \u2022\" \/>\n\t\t<meta property=\"og:type\" content=\"article\" \/>\n\t\t<meta property=\"og:title\" content=\"Changed Opening Hours of the IT-ServiceDesk on December 14, 2022 \u2022 IT Center Blog\" \/>\n\t\t<meta property=\"og:description\" content=\"Eingeschr\u00e4nkte \u00d6ffnungszeiten des IT-ServiceDesks \u2022 Am 14. Dezember 2022 \u2022 Kontaktm\u00f6glichkeiten zu bestimmten Uhrzeiten \u2022 pers\u00f6nlich \u2022 telefonisch \u2022 per Mail\" \/>\n\t\t<meta property=\"og:url\" content=\"https:\/\/blog.rwth-aachen.de\/itc\/en\/2022\/12\/07\/aenderung-oeffnungszeiten-des-it-servicedesk-am-14-dezember-2022\/\" \/>\n\t\t<meta property=\"article:published_time\" content=\"2022-12-07T12:33:07+00:00\" \/>\n\t\t<meta property=\"article:modified_time\" content=\"2023-07-21T13:28:39+00:00\" \/>\n\t\t<meta property=\"article:publisher\" content=\"https:\/\/www.facebook.com\/itcenterrwth\" \/>\n\t\t<meta name=\"twitter:card\" content=\"summary\" \/>\n\t\t<meta name=\"twitter:site\" content=\"@ITCenterRWTH\" \/>\n\t\t<meta name=\"twitter:title\" content=\"Changed Opening Hours of the IT-ServiceDesk on December 14, 2022 \u2022 IT Center Blog\" \/>\n\t\t<meta name=\"twitter:description\" content=\"Eingeschr\u00e4nkte \u00d6ffnungszeiten des IT-ServiceDesks \u2022 Am 14. Dezember 2022 \u2022 Kontaktm\u00f6glichkeiten zu bestimmten Uhrzeiten \u2022 pers\u00f6nlich \u2022 telefonisch \u2022 per Mail\" \/>\n\t\t<meta name=\"twitter:creator\" content=\"@ITCenterRWTH\" \/>\n\t\t<script type=\"application\/ld+json\" class=\"aioseo-schema\">\n\t\t\t{\"@context\":\"https:\\\/\\\/schema.org\",\"@graph\":[{\"@type\":\"BlogPosting\",\"@id\":\"https:\\\/\\\/blog.rwth-aachen.de\\\/itc\\\/en\\\/2022\\\/12\\\/07\\\/aenderung-oeffnungszeiten-des-it-servicedesk-am-14-dezember-2022\\\/#blogposting\",\"name\":\"Changed Opening Hours of the IT-ServiceDesk on December 14, 2022 \\u2022 IT Center Blog\",\"headline\":\"Changed Opening Hours of the IT-ServiceDesk on December 14, 2022\",\"author\":{\"@id\":\"https:\\\/\\\/blog.rwth-aachen.de\\\/itc\\\/en\\\/author\\\/4285\\\/#author\"},\"publisher\":{\"@id\":\"https:\\\/\\\/blog.rwth-aachen.de\\\/itc\\\/en\\\/#organization\"},\"image\":{\"@type\":\"ImageObject\",\"url\":\"https:\\\/\\\/blog.rwth-aachen.de\\\/itc\\\/files\\\/2022\\\/12\\\/5156314.jpg\",\"@id\":\"https:\\\/\\\/blog.rwth-aachen.de\\\/itc\\\/en\\\/2022\\\/12\\\/07\\\/aenderung-oeffnungszeiten-des-it-servicedesk-am-14-dezember-2022\\\/#articleImage\"},\"datePublished\":\"2022-12-07T13:33:07+01:00\",\"dateModified\":\"2023-07-21T15:28:39+02:00\",\"inLanguage\":\"en-US\",\"mainEntityOfPage\":{\"@id\":\"https:\\\/\\\/blog.rwth-aachen.de\\\/itc\\\/en\\\/2022\\\/12\\\/07\\\/aenderung-oeffnungszeiten-des-it-servicedesk-am-14-dezember-2022\\\/#webpage\"},\"isPartOf\":{\"@id\":\"https:\\\/\\\/blog.rwth-aachen.de\\\/itc\\\/en\\\/2022\\\/12\\\/07\\\/aenderung-oeffnungszeiten-des-it-servicedesk-am-14-dezember-2022\\\/#webpage\"},\"articleSection\":\"Announcements, Insight IT Center, Support, Services &amp; Updates, \\u00c4nderung, Infos, IT Center, \\u00d6ffnungszeiten, Support, Veranstaltung\"},{\"@type\":\"BreadcrumbList\",\"@id\":\"https:\\\/\\\/blog.rwth-aachen.de\\\/itc\\\/en\\\/2022\\\/12\\\/07\\\/aenderung-oeffnungszeiten-des-it-servicedesk-am-14-dezember-2022\\\/#breadcrumblist\",\"itemListElement\":[{\"@type\":\"ListItem\",\"@id\":\"https:\\\/\\\/blog.rwth-aachen.de\\\/itc\\\/en#listItem\",\"position\":1,\"name\":\"Home\",\"item\":\"https:\\\/\\\/blog.rwth-aachen.de\\\/itc\\\/en\",\"nextItem\":{\"@type\":\"ListItem\",\"@id\":\"https:\\\/\\\/blog.rwth-aachen.de\\\/itc\\\/en\\\/category\\\/themen\\\/#listItem\",\"name\":\"Topic\"}},{\"@type\":\"ListItem\",\"@id\":\"https:\\\/\\\/blog.rwth-aachen.de\\\/itc\\\/en\\\/category\\\/themen\\\/#listItem\",\"position\":2,\"name\":\"Topic\",\"item\":\"https:\\\/\\\/blog.rwth-aachen.de\\\/itc\\\/en\\\/category\\\/themen\\\/\",\"nextItem\":{\"@type\":\"ListItem\",\"@id\":\"https:\\\/\\\/blog.rwth-aachen.de\\\/itc\\\/en\\\/category\\\/themen\\\/ankuendigungen\\\/#listItem\",\"name\":\"Announcements\"},\"previousItem\":{\"@type\":\"ListItem\",\"@id\":\"https:\\\/\\\/blog.rwth-aachen.de\\\/itc\\\/en#listItem\",\"name\":\"Home\"}},{\"@type\":\"ListItem\",\"@id\":\"https:\\\/\\\/blog.rwth-aachen.de\\\/itc\\\/en\\\/category\\\/themen\\\/ankuendigungen\\\/#listItem\",\"position\":3,\"name\":\"Announcements\",\"item\":\"https:\\\/\\\/blog.rwth-aachen.de\\\/itc\\\/en\\\/category\\\/themen\\\/ankuendigungen\\\/\",\"nextItem\":{\"@type\":\"ListItem\",\"@id\":\"https:\\\/\\\/blog.rwth-aachen.de\\\/itc\\\/en\\\/2022\\\/12\\\/07\\\/aenderung-oeffnungszeiten-des-it-servicedesk-am-14-dezember-2022\\\/#listItem\",\"name\":\"Changed Opening Hours of the IT-ServiceDesk on December 14, 2022\"},\"previousItem\":{\"@type\":\"ListItem\",\"@id\":\"https:\\\/\\\/blog.rwth-aachen.de\\\/itc\\\/en\\\/category\\\/themen\\\/#listItem\",\"name\":\"Topic\"}},{\"@type\":\"ListItem\",\"@id\":\"https:\\\/\\\/blog.rwth-aachen.de\\\/itc\\\/en\\\/2022\\\/12\\\/07\\\/aenderung-oeffnungszeiten-des-it-servicedesk-am-14-dezember-2022\\\/#listItem\",\"position\":4,\"name\":\"Changed Opening Hours of the IT-ServiceDesk on December 14, 2022\",\"previousItem\":{\"@type\":\"ListItem\",\"@id\":\"https:\\\/\\\/blog.rwth-aachen.de\\\/itc\\\/en\\\/category\\\/themen\\\/ankuendigungen\\\/#listItem\",\"name\":\"Announcements\"}}]},{\"@type\":\"Organization\",\"@id\":\"https:\\\/\\\/blog.rwth-aachen.de\\\/itc\\\/en\\\/#organization\",\"name\":\"IT Center RWTH Aachen University\",\"url\":\"https:\\\/\\\/blog.rwth-aachen.de\\\/itc\\\/en\\\/\",\"logo\":{\"@type\":\"ImageObject\",\"url\":\"https:\\\/\\\/blog.rwth-aachen.de\\\/itc\\\/files\\\/2018\\\/09\\\/IT-Center-Logo.png\",\"@id\":\"https:\\\/\\\/blog.rwth-aachen.de\\\/itc\\\/en\\\/2022\\\/12\\\/07\\\/aenderung-oeffnungszeiten-des-it-servicedesk-am-14-dezember-2022\\\/#organizationLogo\",\"width\":1312,\"height\":378,\"caption\":\"IT Center Logo\"},\"image\":{\"@id\":\"https:\\\/\\\/blog.rwth-aachen.de\\\/itc\\\/en\\\/2022\\\/12\\\/07\\\/aenderung-oeffnungszeiten-des-it-servicedesk-am-14-dezember-2022\\\/#organizationLogo\"},\"sameAs\":[\"https:\\\/\\\/www.facebook.com\\\/itcenterrwth\",\"https:\\\/\\\/twitter.com\\\/ITCenterRWTH\",\"https:\\\/\\\/www.youtube.com\\\/c\\\/itcenterrwthaachen\",\"https:\\\/\\\/www.linkedin.com\\\/company\\\/itcenterrwth\"]},{\"@type\":\"Person\",\"@id\":\"https:\\\/\\\/blog.rwth-aachen.de\\\/itc\\\/en\\\/author\\\/4285\\\/#author\",\"url\":\"https:\\\/\\\/blog.rwth-aachen.de\\\/itc\\\/en\\\/author\\\/4285\\\/\",\"name\":\"Erdem, Sara\",\"image\":{\"@type\":\"ImageObject\",\"@id\":\"https:\\\/\\\/blog.rwth-aachen.de\\\/itc\\\/en\\\/2022\\\/12\\\/07\\\/aenderung-oeffnungszeiten-des-it-servicedesk-am-14-dezember-2022\\\/#authorImage\",\"url\":\"https:\\\/\\\/secure.gravatar.com\\\/avatar\\\/882d0195b1dd39ce38a6772268ba8b91c5e1e2bcfcf061a14d5114e74c8146ef?s=96&d=blank&r=g\",\"width\":96,\"height\":96,\"caption\":\"Erdem, Sara\"}},{\"@type\":\"WebPage\",\"@id\":\"https:\\\/\\\/blog.rwth-aachen.de\\\/itc\\\/en\\\/2022\\\/12\\\/07\\\/aenderung-oeffnungszeiten-des-it-servicedesk-am-14-dezember-2022\\\/#webpage\",\"url\":\"https:\\\/\\\/blog.rwth-aachen.de\\\/itc\\\/en\\\/2022\\\/12\\\/07\\\/aenderung-oeffnungszeiten-des-it-servicedesk-am-14-dezember-2022\\\/\",\"name\":\"Changed Opening Hours of the IT-ServiceDesk on December 14, 2022 \\u2022 IT Center Blog\",\"description\":\"Eingeschr\\u00e4nkte \\u00d6ffnungszeiten des IT-ServiceDesks \\u2022 Am 14. Dezember 2022 \\u2022 Kontaktm\\u00f6glichkeiten zu bestimmten Uhrzeiten \\u2022 pers\\u00f6nlich \\u2022 telefonisch \\u2022 per Mail\",\"inLanguage\":\"en-US\",\"isPartOf\":{\"@id\":\"https:\\\/\\\/blog.rwth-aachen.de\\\/itc\\\/en\\\/#website\"},\"breadcrumb\":{\"@id\":\"https:\\\/\\\/blog.rwth-aachen.de\\\/itc\\\/en\\\/2022\\\/12\\\/07\\\/aenderung-oeffnungszeiten-des-it-servicedesk-am-14-dezember-2022\\\/#breadcrumblist\"},\"author\":{\"@id\":\"https:\\\/\\\/blog.rwth-aachen.de\\\/itc\\\/en\\\/author\\\/4285\\\/#author\"},\"creator\":{\"@id\":\"https:\\\/\\\/blog.rwth-aachen.de\\\/itc\\\/en\\\/author\\\/4285\\\/#author\"},\"datePublished\":\"2022-12-07T13:33:07+01:00\",\"dateModified\":\"2023-07-21T15:28:39+02:00\"},{\"@type\":\"WebSite\",\"@id\":\"https:\\\/\\\/blog.rwth-aachen.de\\\/itc\\\/en\\\/#website\",\"url\":\"https:\\\/\\\/blog.rwth-aachen.de\\\/itc\\\/en\\\/\",\"name\":\"IT Center Blog\",\"inLanguage\":\"en-US\",\"publisher\":{\"@id\":\"https:\\\/\\\/blog.rwth-aachen.de\\\/itc\\\/en\\\/#organization\"}}]}\n\t\t<\/script>\n\t\t<!-- All in One SEO -->\n\n","aioseo_head_json":{"title":"Changed Opening Hours of the IT-ServiceDesk on December 14, 2022 \u2022 IT Center Blog","description":"Eingeschr\u00e4nkte \u00d6ffnungszeiten des IT-ServiceDesks \u2022 Am 14. Dezember 2022 \u2022 Kontaktm\u00f6glichkeiten zu bestimmten Uhrzeiten \u2022 pers\u00f6nlich \u2022 telefonisch \u2022 per Mail","canonical_url":"https:\/\/blog.rwth-aachen.de\/itc\/en\/2022\/12\/07\/aenderung-oeffnungszeiten-des-it-servicedesk-am-14-dezember-2022\/","robots":"max-image-preview:large","keywords":"\u00e4nderung,infos,it center,\u00f6ffnungszeiten,support,veranstaltung,announcements,insight it center,support, services &amp; updates","webmasterTools":{"miscellaneous":""},"schema":{"@context":"https:\/\/schema.org","@graph":[{"@type":"BlogPosting","@id":"https:\/\/blog.rwth-aachen.de\/itc\/en\/2022\/12\/07\/aenderung-oeffnungszeiten-des-it-servicedesk-am-14-dezember-2022\/#blogposting","name":"Changed Opening Hours of the IT-ServiceDesk on December 14, 2022 \u2022 IT Center Blog","headline":"Changed Opening Hours of the IT-ServiceDesk on December 14, 2022","author":{"@id":"https:\/\/blog.rwth-aachen.de\/itc\/en\/author\/4285\/#author"},"publisher":{"@id":"https:\/\/blog.rwth-aachen.de\/itc\/en\/#organization"},"image":{"@type":"ImageObject","url":"https:\/\/blog.rwth-aachen.de\/itc\/files\/2022\/12\/5156314.jpg","@id":"https:\/\/blog.rwth-aachen.de\/itc\/en\/2022\/12\/07\/aenderung-oeffnungszeiten-des-it-servicedesk-am-14-dezember-2022\/#articleImage"},"datePublished":"2022-12-07T13:33:07+01:00","dateModified":"2023-07-21T15:28:39+02:00","inLanguage":"en-US","mainEntityOfPage":{"@id":"https:\/\/blog.rwth-aachen.de\/itc\/en\/2022\/12\/07\/aenderung-oeffnungszeiten-des-it-servicedesk-am-14-dezember-2022\/#webpage"},"isPartOf":{"@id":"https:\/\/blog.rwth-aachen.de\/itc\/en\/2022\/12\/07\/aenderung-oeffnungszeiten-des-it-servicedesk-am-14-dezember-2022\/#webpage"},"articleSection":"Announcements, Insight IT Center, Support, Services &amp; Updates, \u00c4nderung, Infos, IT Center, \u00d6ffnungszeiten, Support, Veranstaltung"},{"@type":"BreadcrumbList","@id":"https:\/\/blog.rwth-aachen.de\/itc\/en\/2022\/12\/07\/aenderung-oeffnungszeiten-des-it-servicedesk-am-14-dezember-2022\/#breadcrumblist","itemListElement":[{"@type":"ListItem","@id":"https:\/\/blog.rwth-aachen.de\/itc\/en#listItem","position":1,"name":"Home","item":"https:\/\/blog.rwth-aachen.de\/itc\/en","nextItem":{"@type":"ListItem","@id":"https:\/\/blog.rwth-aachen.de\/itc\/en\/category\/themen\/#listItem","name":"Topic"}},{"@type":"ListItem","@id":"https:\/\/blog.rwth-aachen.de\/itc\/en\/category\/themen\/#listItem","position":2,"name":"Topic","item":"https:\/\/blog.rwth-aachen.de\/itc\/en\/category\/themen\/","nextItem":{"@type":"ListItem","@id":"https:\/\/blog.rwth-aachen.de\/itc\/en\/category\/themen\/ankuendigungen\/#listItem","name":"Announcements"},"previousItem":{"@type":"ListItem","@id":"https:\/\/blog.rwth-aachen.de\/itc\/en#listItem","name":"Home"}},{"@type":"ListItem","@id":"https:\/\/blog.rwth-aachen.de\/itc\/en\/category\/themen\/ankuendigungen\/#listItem","position":3,"name":"Announcements","item":"https:\/\/blog.rwth-aachen.de\/itc\/en\/category\/themen\/ankuendigungen\/","nextItem":{"@type":"ListItem","@id":"https:\/\/blog.rwth-aachen.de\/itc\/en\/2022\/12\/07\/aenderung-oeffnungszeiten-des-it-servicedesk-am-14-dezember-2022\/#listItem","name":"Changed Opening Hours of the IT-ServiceDesk on December 14, 2022"},"previousItem":{"@type":"ListItem","@id":"https:\/\/blog.rwth-aachen.de\/itc\/en\/category\/themen\/#listItem","name":"Topic"}},{"@type":"ListItem","@id":"https:\/\/blog.rwth-aachen.de\/itc\/en\/2022\/12\/07\/aenderung-oeffnungszeiten-des-it-servicedesk-am-14-dezember-2022\/#listItem","position":4,"name":"Changed Opening Hours of the IT-ServiceDesk on December 14, 2022","previousItem":{"@type":"ListItem","@id":"https:\/\/blog.rwth-aachen.de\/itc\/en\/category\/themen\/ankuendigungen\/#listItem","name":"Announcements"}}]},{"@type":"Organization","@id":"https:\/\/blog.rwth-aachen.de\/itc\/en\/#organization","name":"IT Center RWTH Aachen University","url":"https:\/\/blog.rwth-aachen.de\/itc\/en\/","logo":{"@type":"ImageObject","url":"https:\/\/blog.rwth-aachen.de\/itc\/files\/2018\/09\/IT-Center-Logo.png","@id":"https:\/\/blog.rwth-aachen.de\/itc\/en\/2022\/12\/07\/aenderung-oeffnungszeiten-des-it-servicedesk-am-14-dezember-2022\/#organizationLogo","width":1312,"height":378,"caption":"IT Center Logo"},"image":{"@id":"https:\/\/blog.rwth-aachen.de\/itc\/en\/2022\/12\/07\/aenderung-oeffnungszeiten-des-it-servicedesk-am-14-dezember-2022\/#organizationLogo"},"sameAs":["https:\/\/www.facebook.com\/itcenterrwth","https:\/\/twitter.com\/ITCenterRWTH","https:\/\/www.youtube.com\/c\/itcenterrwthaachen","https:\/\/www.linkedin.com\/company\/itcenterrwth"]},{"@type":"Person","@id":"https:\/\/blog.rwth-aachen.de\/itc\/en\/author\/4285\/#author","url":"https:\/\/blog.rwth-aachen.de\/itc\/en\/author\/4285\/","name":"Erdem, Sara","image":{"@type":"ImageObject","@id":"https:\/\/blog.rwth-aachen.de\/itc\/en\/2022\/12\/07\/aenderung-oeffnungszeiten-des-it-servicedesk-am-14-dezember-2022\/#authorImage","url":"https:\/\/secure.gravatar.com\/avatar\/882d0195b1dd39ce38a6772268ba8b91c5e1e2bcfcf061a14d5114e74c8146ef?s=96&d=blank&r=g","width":96,"height":96,"caption":"Erdem, Sara"}},{"@type":"WebPage","@id":"https:\/\/blog.rwth-aachen.de\/itc\/en\/2022\/12\/07\/aenderung-oeffnungszeiten-des-it-servicedesk-am-14-dezember-2022\/#webpage","url":"https:\/\/blog.rwth-aachen.de\/itc\/en\/2022\/12\/07\/aenderung-oeffnungszeiten-des-it-servicedesk-am-14-dezember-2022\/","name":"Changed Opening Hours of the IT-ServiceDesk on December 14, 2022 \u2022 IT Center Blog","description":"Eingeschr\u00e4nkte \u00d6ffnungszeiten des IT-ServiceDesks \u2022 Am 14. Dezember 2022 \u2022 Kontaktm\u00f6glichkeiten zu bestimmten Uhrzeiten \u2022 pers\u00f6nlich \u2022 telefonisch \u2022 per Mail","inLanguage":"en-US","isPartOf":{"@id":"https:\/\/blog.rwth-aachen.de\/itc\/en\/#website"},"breadcrumb":{"@id":"https:\/\/blog.rwth-aachen.de\/itc\/en\/2022\/12\/07\/aenderung-oeffnungszeiten-des-it-servicedesk-am-14-dezember-2022\/#breadcrumblist"},"author":{"@id":"https:\/\/blog.rwth-aachen.de\/itc\/en\/author\/4285\/#author"},"creator":{"@id":"https:\/\/blog.rwth-aachen.de\/itc\/en\/author\/4285\/#author"},"datePublished":"2022-12-07T13:33:07+01:00","dateModified":"2023-07-21T15:28:39+02:00"},{"@type":"WebSite","@id":"https:\/\/blog.rwth-aachen.de\/itc\/en\/#website","url":"https:\/\/blog.rwth-aachen.de\/itc\/en\/","name":"IT Center Blog","inLanguage":"en-US","publisher":{"@id":"https:\/\/blog.rwth-aachen.de\/itc\/en\/#organization"}}]},"og:locale":"en_US","og:site_name":"IT Center Blog \u2022","og:type":"article","og:title":"Changed Opening Hours of the IT-ServiceDesk on December 14, 2022 \u2022 IT Center Blog","og:description":"Eingeschr\u00e4nkte \u00d6ffnungszeiten des IT-ServiceDesks \u2022 Am 14. Dezember 2022 \u2022 Kontaktm\u00f6glichkeiten zu bestimmten Uhrzeiten \u2022 pers\u00f6nlich \u2022 telefonisch \u2022 per Mail","og:url":"https:\/\/blog.rwth-aachen.de\/itc\/en\/2022\/12\/07\/aenderung-oeffnungszeiten-des-it-servicedesk-am-14-dezember-2022\/","article:published_time":"2022-12-07T12:33:07+00:00","article:modified_time":"2023-07-21T13:28:39+00:00","article:publisher":"https:\/\/www.facebook.com\/itcenterrwth","twitter:card":"summary","twitter:site":"@ITCenterRWTH","twitter:title":"Changed Opening Hours of the IT-ServiceDesk on December 14, 2022 \u2022 IT Center Blog","twitter:description":"Eingeschr\u00e4nkte \u00d6ffnungszeiten des IT-ServiceDesks \u2022 Am 14. Dezember 2022 \u2022 Kontaktm\u00f6glichkeiten zu bestimmten Uhrzeiten \u2022 pers\u00f6nlich \u2022 telefonisch \u2022 per Mail","twitter:creator":"@ITCenterRWTH"},"aioseo_meta_data":{"post_id":"13370","title":null,"description":"Eingeschr\u00e4nkte \u00d6ffnungszeiten des IT-ServiceDesks #separator_sa Am 14. Dezember 2022 #separator_sa Kontaktm\u00f6glichkeiten zu bestimmten Uhrzeiten #separator_sa pers\u00f6nlich #separator_sa telefonisch #separator_sa per Mail","keywords":[],"keyphrases":{"focus":{"keyphrase":"","score":0,"analysis":{"keyphraseInTitle":{"score":0,"maxScore":9,"error":1}}},"additional":[]},"primary_term":null,"canonical_url":null,"og_title":null,"og_description":null,"og_object_type":"default","og_image_type":"default","og_image_url":null,"og_image_width":null,"og_image_height":null,"og_image_custom_url":null,"og_image_custom_fields":null,"og_video":"","og_custom_url":null,"og_article_section":null,"og_article_tags":[],"twitter_use_og":false,"twitter_card":"default","twitter_image_type":"default","twitter_image_url":null,"twitter_image_custom_url":null,"twitter_image_custom_fields":null,"twitter_title":null,"twitter_description":null,"schema":{"blockGraphs":[],"customGraphs":[],"default":{"data":{"Article":[],"Course":[],"Dataset":[],"FAQPage":[],"Movie":[],"Person":[],"Product":[],"ProductReview":[],"Car":[],"Recipe":[],"Service":[],"SoftwareApplication":[],"WebPage":[]},"graphName":"BlogPosting","isEnabled":true},"graphs":[]},"schema_type":"default","schema_type_options":null,"pillar_content":false,"robots_default":true,"robots_noindex":false,"robots_noarchive":false,"robots_nosnippet":false,"robots_nofollow":false,"robots_noimageindex":false,"robots_noodp":false,"robots_notranslate":false,"robots_max_snippet":"-1","robots_max_videopreview":"-1","robots_max_imagepreview":"large","priority":null,"frequency":"default","local_seo":null,"breadcrumb_settings":null,"limit_modified_date":false,"ai":null,"created":"2022-12-07 11:14:13","updated":"2025-07-08 14:15:30","seo_analyzer_scan_date":null},"aioseo_breadcrumb":"<div class=\"aioseo-breadcrumbs\"><span class=\"aioseo-breadcrumb\">\n\t\t\t<a href=\"https:\/\/blog.rwth-aachen.de\/itc\/en\" title=\"Home\">Home<\/a>\n\t\t<\/span><span class=\"aioseo-breadcrumb-separator\">\u00bb<\/span><span class=\"aioseo-breadcrumb\">\n\t\t\t<a href=\"https:\/\/blog.rwth-aachen.de\/itc\/en\/category\/themen\/\" title=\"Topic\">Topic<\/a>\n\t\t<\/span><span class=\"aioseo-breadcrumb-separator\">\u00bb<\/span><span class=\"aioseo-breadcrumb\">\n\t\t\t<a href=\"https:\/\/blog.rwth-aachen.de\/itc\/en\/category\/themen\/ankuendigungen\/\" title=\"Announcements\">Announcements<\/a>\n\t\t<\/span><span class=\"aioseo-breadcrumb-separator\">\u00bb<\/span><span class=\"aioseo-breadcrumb\">\n\t\t\tChanged Opening Hours of the IT-ServiceDesk on December 14, 2022\n\t\t<\/span><\/div>","aioseo_breadcrumb_json":[{"label":"Home","link":"https:\/\/blog.rwth-aachen.de\/itc\/en"},{"label":"Topic","link":"https:\/\/blog.rwth-aachen.de\/itc\/en\/category\/themen\/"},{"label":"Announcements","link":"https:\/\/blog.rwth-aachen.de\/itc\/en\/category\/themen\/ankuendigungen\/"},{"label":"Changed Opening Hours of the IT-ServiceDesk on December 14, 2022","link":"https:\/\/blog.rwth-aachen.de\/itc\/en\/2022\/12\/07\/aenderung-oeffnungszeiten-des-it-servicedesk-am-14-dezember-2022\/"}],"_links":{"self":[{"href":"https:\/\/blog.rwth-aachen.de\/itc\/en\/wp-json\/wp\/v2\/posts\/13370","targetHints":{"allow":["GET"]}}],"collection":[{"href":"https:\/\/blog.rwth-aachen.de\/itc\/en\/wp-json\/wp\/v2\/posts"}],"about":[{"href":"https:\/\/blog.rwth-aachen.de\/itc\/en\/wp-json\/wp\/v2\/types\/post"}],"author":[{"embeddable":true,"href":"https:\/\/blog.rwth-aachen.de\/itc\/en\/wp-json\/wp\/v2\/users\/4285"}],"replies":[{"embeddable":true,"href":"https:\/\/blog.rwth-aachen.de\/itc\/en\/wp-json\/wp\/v2\/comments?post=13370"}],"version-history":[{"count":13,"href":"https:\/\/blog.rwth-aachen.de\/itc\/en\/wp-json\/wp\/v2\/posts\/13370\/revisions"}],"predecessor-version":[{"id":16431,"href":"https:\/\/blog.rwth-aachen.de\/itc\/en\/wp-json\/wp\/v2\/posts\/13370\/revisions\/16431"}],"wp:attachment":[{"href":"https:\/\/blog.rwth-aachen.de\/itc\/en\/wp-json\/wp\/v2\/media?parent=13370"}],"wp:term":[{"taxonomy":"category","embeddable":true,"href":"https:\/\/blog.rwth-aachen.de\/itc\/en\/wp-json\/wp\/v2\/categories?post=13370"},{"taxonomy":"post_tag","embeddable":true,"href":"https:\/\/blog.rwth-aachen.de\/itc\/en\/wp-json\/wp\/v2\/tags?post=13370"}],"curies":[{"name":"wp","href":"https:\/\/api.w.org\/{rel}","templated":true}]}}