{"id":2515,"date":"2018-05-25T12:00:02","date_gmt":"2018-05-25T10:00:02","guid":{"rendered":"https:\/\/blog.rwth-aachen.de\/itc\/?p=2515"},"modified":"2023-10-12T09:16:02","modified_gmt":"2023-10-12T07:16:02","slug":"mint-projekt-im-it-center","status":"publish","type":"post","link":"https:\/\/blog.rwth-aachen.de\/itc\/en\/2018\/05\/25\/mint-projekt-im-it-center\/","title":{"rendered":"MINT-Projekt im IT Center"},"content":{"rendered":"<div class=\"twoclick_social_bookmarks_post_2515 social_share_privacy clearfix 1.6.4 locale-en_US sprite-en_US\"><\/div><div class=\"twoclick-js\"><script type=\"text\/javascript\">\/* <![CDATA[ *\/\njQuery(document).ready(function($){if($('.twoclick_social_bookmarks_post_2515')){$('.twoclick_social_bookmarks_post_2515').socialSharePrivacy({\"txt_help\":\"Wenn Sie diese Felder durch einen Klick aktivieren, werden Informationen an Facebook, Twitter, Flattr, Xing, t3n, LinkedIn, Pinterest oder Google eventuell ins Ausland \\u00fcbertragen und unter Umst\\u00e4nden auch dort gespeichert. N\\u00e4heres erfahren Sie durch einen Klick auf das <em>i<\\\/em>.\",\"settings_perma\":\"Dauerhaft aktivieren und Daten\\u00fcber-tragung zustimmen:\",\"info_link\":\"http:\\\/\\\/www.heise.de\\\/ct\\\/artikel\\\/2-Klicks-fuer-mehr-Datenschutz-1333879.html\",\"uri\":\"https:\\\/\\\/blog.rwth-aachen.de\\\/itc\\\/en\\\/2018\\\/05\\\/25\\\/mint-projekt-im-it-center\\\/\",\"post_id\":2515,\"post_title_referrer_track\":\"MINT-Projekt+im+IT+Center\",\"display_infobox\":\"on\"});}});\n\/* ]]> *\/<\/script><\/div><p><div id=\"attachment_2516\" style=\"width: 382px\" class=\"wp-caption alignright\"><img loading=\"lazy\" decoding=\"async\" aria-describedby=\"caption-attachment-2516\" class=\"wp-image-2516\" src=\"https:\/\/blog.rwth-aachen.de\/itc\/files\/2018\/05\/pexels-photo-256417-300x167.jpeg\" alt=\"\" width=\"372\" height=\"207\" srcset=\"https:\/\/blog.rwth-aachen.de\/itc\/files\/2018\/05\/pexels-photo-256417-300x167.jpeg 300w, https:\/\/blog.rwth-aachen.de\/itc\/files\/2018\/05\/pexels-photo-256417-768x428.jpeg 768w, https:\/\/blog.rwth-aachen.de\/itc\/files\/2018\/05\/pexels-photo-256417-1024x571.jpeg 1024w, https:\/\/blog.rwth-aachen.de\/itc\/files\/2018\/05\/pexels-photo-256417.jpeg 1260w\" sizes=\"auto, (max-width: 372px) 100vw, 372px\" \/><p id=\"caption-attachment-2516\" class=\"wp-caption-text\">Source: <a href=\"https:\/\/pixabay.com\/photos\/scrabble-education-text-read-921254\/\">Pixabay<\/a><\/p><\/div><\/p>\n<p>Auch in diesem Jahr f\u00fchren wir im IT Center wieder ein MINT-Projekt mit den Sch\u00fclern der Grundschule Vaalserquartier durch. MINT setzt sich aus den Anfangsbuchstaben der W\u00f6rter <strong>M<\/strong>athematik, <strong>I<\/strong>nformatik, <strong>N<\/strong>aturwissenschaften und <strong>T<\/strong>echnik zusammen. Auch die RWTH Aachen University beteiligt sich aktiv im MINT Bereich. So k\u00f6nnen beispielsweise Sch\u00fcler aus der Mittelstufe an der sogenannten \u201e<a href=\"http:\/\/www.rwth-aachen.de\/cms\/root\/Studium\/Vor-dem-Studium\/Schnupperangebote-Infotage\/~cflc\/Schueleruniversitaet\/\">Sch\u00fcleruni<\/a>\u201c teilnehmen, um Einblicke in die verschiedenen Bereiche zu erhalten.<\/p>\n<p>Im IT Center der RWTH Aachen findet am 28.05.2018 zum zweiten Mal ein MINT-Projekt mit der Grundschule Vaalserquartier statt, welches von den auszubildenden Kaufleuten f\u00fcr <a href=\"http:\/\/www.rwth-aachen.de\/go\/id\/czzg\">Dialogmarketing<\/a> des <a href=\"http:\/\/www.itc.rwth-aachen.de\/cms\/IT-Center\/Dienste\/kompletter-Servicekatalog\/Beschaffungsportale\/~estp\/ServiceDesk\/\">IT-ServiceDesk<\/a>s geleitet. Dieser Schnuppertag dient dazu, die Sch\u00fclerinnen und Sch\u00fcler schon fr\u00fchzeitig auf Berufe im Bereich der Mathematik, Informatik, Naturwissenschaft und Technik sowie auf die RWTH Aachen und das IT Center aufmerksam zu machen. An diesem Tag erhalten die Grundsch\u00fcler einen spannenden Einblick in die Arbeit des IT Centers und besichtigen die Cave des <a href=\"http:\/\/www.itc.rwth-aachen.de\/cms\/IT-Center\/Forschung-Projekte\/~eubl\/Virtuelle-Realitaet\/\">Virtual Reality Teams<\/a> und die Maschinenhalle des IT Centers. Zudem wird es eine Roboterschau geben, in der die Sch\u00fcler mit Spa\u00df an moderne Technik herangef\u00fchrt werden.<\/p>","protected":false},"excerpt":{"rendered":"<p>Auch in diesem Jahr f\u00fchren wir im IT Center wieder ein MINT-Projekt mit den Sch\u00fclern der Grundschule Vaalserquartier durch. MINT setzt sich aus den Anfangsbuchstaben der W\u00f6rter Mathematik, Informatik, Naturwissenschaften [&hellip;]<\/p>\n","protected":false},"author":1,"featured_media":0,"comment_status":"open","ping_status":"closed","sticky":false,"template":"","format":"standard","meta":{"c2c_always_allow_admin_comments":false,"footnotes":""},"categories":[305],"tags":[],"class_list":["post-2515","post","type-post","status-publish","format-standard","hentry","category-themen"],"aioseo_notices":[],"_links":{"self":[{"href":"https:\/\/blog.rwth-aachen.de\/itc\/en\/wp-json\/wp\/v2\/posts\/2515","targetHints":{"allow":["GET"]}}],"collection":[{"href":"https:\/\/blog.rwth-aachen.de\/itc\/en\/wp-json\/wp\/v2\/posts"}],"about":[{"href":"https:\/\/blog.rwth-aachen.de\/itc\/en\/wp-json\/wp\/v2\/types\/post"}],"author":[{"embeddable":true,"href":"https:\/\/blog.rwth-aachen.de\/itc\/en\/wp-json\/wp\/v2\/users\/1"}],"replies":[{"embeddable":true,"href":"https:\/\/blog.rwth-aachen.de\/itc\/en\/wp-json\/wp\/v2\/comments?post=2515"}],"version-history":[{"count":5,"href":"https:\/\/blog.rwth-aachen.de\/itc\/en\/wp-json\/wp\/v2\/posts\/2515\/revisions"}],"predecessor-version":[{"id":17445,"href":"https:\/\/blog.rwth-aachen.de\/itc\/en\/wp-json\/wp\/v2\/posts\/2515\/revisions\/17445"}],"wp:attachment":[{"href":"https:\/\/blog.rwth-aachen.de\/itc\/en\/wp-json\/wp\/v2\/media?parent=2515"}],"wp:term":[{"taxonomy":"category","embeddable":true,"href":"https:\/\/blog.rwth-aachen.de\/itc\/en\/wp-json\/wp\/v2\/categories?post=2515"},{"taxonomy":"post_tag","embeddable":true,"href":"https:\/\/blog.rwth-aachen.de\/itc\/en\/wp-json\/wp\/v2\/tags?post=2515"}],"curies":[{"name":"wp","href":"https:\/\/api.w.org\/{rel}","templated":true}]}}