{"id":4197,"date":"2018-12-06T13:20:29","date_gmt":"2018-12-06T11:20:29","guid":{"rendered":"https:\/\/blog.rwth-aachen.de\/itc\/?p=4197"},"modified":"2023-09-01T14:12:08","modified_gmt":"2023-09-01T12:12:08","slug":"das-it-center-laedt-ein-workshop-zum-thema-kuenstliche-intelligenz","status":"publish","type":"post","link":"https:\/\/blog.rwth-aachen.de\/itc\/en\/2018\/12\/06\/das-it-center-laedt-ein-workshop-zum-thema-kuenstliche-intelligenz\/","title":{"rendered":"Das IT Center l\u00e4dt ein \u2013 Workshop zum Thema K\u00fcnstliche Intelligenz"},"content":{"rendered":"<div class=\"twoclick_social_bookmarks_post_4197 social_share_privacy clearfix 1.6.4 locale-en_US sprite-en_US\"><\/div><div class=\"twoclick-js\"><script type=\"text\/javascript\">\/* <![CDATA[ *\/\njQuery(document).ready(function($){if($('.twoclick_social_bookmarks_post_4197')){$('.twoclick_social_bookmarks_post_4197').socialSharePrivacy({\"txt_help\":\"Wenn Sie diese Felder durch einen Klick aktivieren, werden Informationen an Facebook, Twitter, Flattr, Xing, t3n, LinkedIn, Pinterest oder Google eventuell ins Ausland \\u00fcbertragen und unter Umst\\u00e4nden auch dort gespeichert. N\\u00e4heres erfahren Sie durch einen Klick auf das <em>i<\\\/em>.\",\"settings_perma\":\"Dauerhaft aktivieren und Daten\\u00fcber-tragung zustimmen:\",\"info_link\":\"http:\\\/\\\/www.heise.de\\\/ct\\\/artikel\\\/2-Klicks-fuer-mehr-Datenschutz-1333879.html\",\"uri\":\"https:\\\/\\\/blog.rwth-aachen.de\\\/itc\\\/en\\\/2018\\\/12\\\/06\\\/das-it-center-laedt-ein-workshop-zum-thema-kuenstliche-intelligenz\\\/\",\"post_id\":4197,\"post_title_referrer_track\":\"Das+IT+Center+l%C3%A4dt+ein+%E2%80%93+Workshop+zum+Thema+K%C3%BCnstliche+Intelligenz\",\"display_infobox\":\"on\"});}});\n\/* ]]> *\/<\/script><\/div><div id=\"attachment_4204\" style=\"width: 314px\" class=\"wp-caption alignright\"><img loading=\"lazy\" decoding=\"async\" aria-describedby=\"caption-attachment-4204\" class=\"wp-image-4204\" src=\"https:\/\/blog.rwth-aachen.de\/itc\/files\/2018\/12\/Artificiall.png\" alt=\"Workshop \" width=\"304\" height=\"384\" srcset=\"https:\/\/blog.rwth-aachen.de\/itc\/files\/2018\/12\/Artificiall.png 604w, https:\/\/blog.rwth-aachen.de\/itc\/files\/2018\/12\/Artificiall-237x300.png 237w\" sizes=\"auto, (max-width: 304px) 100vw, 304px\" \/><p id=\"caption-attachment-4204\" class=\"wp-caption-text\">Quelle: Eigene Darstellung<\/p><\/div>\n<p>Das IT Center l\u00e4dt zum Workshop zum Thema der K\u00fcnstlichen Intelligenz. Es erwartet Sie ein spannender Rund um Blick \u00fcber das Thema der K\u00fcnstlichen Intelligenz bei dem Sie selber, in Form von Live-Demos, Hand anlegen k\u00f6nnen.<\/p>\n<p>Technologien der K\u00fcnstlichen Intelligenz (KI) wie maschinelles Lernen (ML) und Deep Learning (DL) werden heute immer h\u00e4ufiger zur L\u00f6sung einer Vielzahl von Anwendungsf\u00e4llen eingesetzt. Beispielsweise kann der HPC-Cluster der RWTH f\u00fcr Anwendungen mit verschiedenen KI-Methoden genutzt werden.<\/p>\n<p>Dieser Workshop gibt einen \u00dcberblick \u00fcber die KI, die verschiedene Methoden wie klassisches ML und DL, und stellt den Einsatz von DL auf (Intel) CPU-basiertem HPC-Cluster vor.<!--more--><\/p>\n<p>Stephan Gillich (Dir. KI und Technical Computing GTM EMEA, Intel Deutschland GmbH) und seine Kollegen Atanas Atanasov und Sarosh Quraishi (Technical Solution Specialists, Intel Deutschland GmbH) werden durch Experten aus dem HPC-Team des IT Centers der RWTH Aachen University erg\u00e4nzt.<\/p>\n<p>Leider ist die Anmeldung f\u00fcr dieses Event nicht mehr m\u00f6glich, wir hoffen aber in der n\u00e4chsten Zeit weitere Workshops zu dem Thema anbieten zu k\u00f6nnen.<\/p>\n<p>Wir w\u00fcnschen allen Teilnehmenden eine interessante Veranstaltung!<\/p>\n<p>Verantwortlich f\u00fcr die Inhalte dieses Beitrages ist<a href=\"http:\/\/www.itc.rwth-aachen.de\/cms\/IT-Center\/IT-Center\/Team\/~epvp\/Mitarbeiter-CAMPUS-\/?gguid=0x3CFCED905704E14FA6E77F1CFA159EC3&amp;allou=1\"> Sara Kaya.<\/a><\/p>\n","protected":false},"excerpt":{"rendered":"<p>Das IT Center l\u00e4dt zum Workshop zum Thema der K\u00fcnstlichen Intelligenz. Es erwartet Sie ein spannender Rund um Blick \u00fcber das Thema der K\u00fcnstlichen Intelligenz bei dem Sie selber, in [&hellip;]<\/p>\n","protected":false},"author":1328,"featured_media":0,"comment_status":"open","ping_status":"closed","sticky":false,"template":"","format":"standard","meta":{"c2c_always_allow_admin_comments":false,"footnotes":""},"categories":[305],"tags":[],"class_list":["post-4197","post","type-post","status-publish","format-standard","hentry","category-themen"],"aioseo_notices":[],"aioseo_head":"\n\t\t<!-- All in One SEO 4.9.8 - aioseo.com -->\n\t<meta name=\"description\" content=\"Quelle: Eigene Darstellung Das IT Center l\u00e4dt zum Workshop zum Thema der K\u00fcnstlichen Intelligenz. Es erwartet Sie ein spannender Rund um Blick \u00fcber das Thema der K\u00fcnstlichen Intelligenz bei dem Sie selber, in Form von Live-Demos, Hand anlegen k\u00f6nnen. Technologien der K\u00fcnstlichen Intelligenz (KI) wie maschinelles Lernen (ML) und Deep Learning (DL) werden heute immer\" \/>\n\t<meta name=\"robots\" content=\"max-image-preview:large\" \/>\n\t<meta name=\"author\" content=\"Sara Kaya\"\/>\n\t<meta name=\"keywords\" content=\"topic\" \/>\n\t<link rel=\"canonical\" href=\"https:\/\/blog.rwth-aachen.de\/itc\/en\/2018\/12\/06\/das-it-center-laedt-ein-workshop-zum-thema-kuenstliche-intelligenz\/\" \/>\n\t<meta name=\"generator\" content=\"All in One SEO (AIOSEO) 4.9.8\" \/>\n\t\t<meta property=\"og:locale\" content=\"en_US\" \/>\n\t\t<meta property=\"og:site_name\" content=\"IT Center Blog \u2022\" \/>\n\t\t<meta property=\"og:type\" content=\"article\" \/>\n\t\t<meta property=\"og:title\" content=\"Das IT Center l\u00e4dt ein \u2013 Workshop zum Thema K\u00fcnstliche Intelligenz \u2022 IT Center Blog\" \/>\n\t\t<meta property=\"og:description\" content=\"Quelle: Eigene Darstellung Das IT Center l\u00e4dt zum Workshop zum Thema der K\u00fcnstlichen Intelligenz. Es erwartet Sie ein spannender Rund um Blick \u00fcber das Thema der K\u00fcnstlichen Intelligenz bei dem Sie selber, in Form von Live-Demos, Hand anlegen k\u00f6nnen. Technologien der K\u00fcnstlichen Intelligenz (KI) wie maschinelles Lernen (ML) und Deep Learning (DL) werden heute immer\" \/>\n\t\t<meta property=\"og:url\" content=\"https:\/\/blog.rwth-aachen.de\/itc\/en\/2018\/12\/06\/das-it-center-laedt-ein-workshop-zum-thema-kuenstliche-intelligenz\/\" \/>\n\t\t<meta property=\"article:published_time\" content=\"2018-12-06T11:20:29+00:00\" \/>\n\t\t<meta property=\"article:modified_time\" content=\"2023-09-01T12:12:08+00:00\" \/>\n\t\t<meta property=\"article:publisher\" content=\"https:\/\/www.facebook.com\/itcenterrwth\" \/>\n\t\t<meta name=\"twitter:card\" content=\"summary\" \/>\n\t\t<meta name=\"twitter:site\" content=\"@ITCenterRWTH\" \/>\n\t\t<meta name=\"twitter:title\" content=\"Das IT Center l\u00e4dt ein \u2013 Workshop zum Thema K\u00fcnstliche Intelligenz \u2022 IT Center Blog\" \/>\n\t\t<meta name=\"twitter:description\" content=\"Quelle: Eigene Darstellung Das IT Center l\u00e4dt zum Workshop zum Thema der K\u00fcnstlichen Intelligenz. Es erwartet Sie ein spannender Rund um Blick \u00fcber das Thema der K\u00fcnstlichen Intelligenz bei dem Sie selber, in Form von Live-Demos, Hand anlegen k\u00f6nnen. Technologien der K\u00fcnstlichen Intelligenz (KI) wie maschinelles Lernen (ML) und Deep Learning (DL) werden heute immer\" \/>\n\t\t<meta name=\"twitter:creator\" content=\"@ITCenterRWTH\" \/>\n\t\t<script type=\"application\/ld+json\" class=\"aioseo-schema\">\n\t\t\t{\"@context\":\"https:\\\/\\\/schema.org\",\"@graph\":[{\"@type\":\"BlogPosting\",\"@id\":\"https:\\\/\\\/blog.rwth-aachen.de\\\/itc\\\/en\\\/2018\\\/12\\\/06\\\/das-it-center-laedt-ein-workshop-zum-thema-kuenstliche-intelligenz\\\/#blogposting\",\"name\":\"Das IT Center l\\u00e4dt ein \\u2013 Workshop zum Thema K\\u00fcnstliche Intelligenz \\u2022 IT Center Blog\",\"headline\":\"Das IT Center l\\u00e4dt ein \\u2013 Workshop zum Thema K\\u00fcnstliche Intelligenz\",\"author\":{\"@id\":\"https:\\\/\\\/blog.rwth-aachen.de\\\/itc\\\/en\\\/author\\\/1328\\\/#author\"},\"publisher\":{\"@id\":\"https:\\\/\\\/blog.rwth-aachen.de\\\/itc\\\/en\\\/#organization\"},\"image\":{\"@type\":\"ImageObject\",\"url\":\"https:\\\/\\\/blog.rwth-aachen.de\\\/itc\\\/files\\\/2018\\\/12\\\/Artificiall.png\",\"@id\":\"https:\\\/\\\/blog.rwth-aachen.de\\\/itc\\\/en\\\/2018\\\/12\\\/06\\\/das-it-center-laedt-ein-workshop-zum-thema-kuenstliche-intelligenz\\\/#articleImage\",\"width\":604,\"height\":763},\"datePublished\":\"2018-12-06T13:20:29+01:00\",\"dateModified\":\"2023-09-01T14:12:08+02:00\",\"inLanguage\":\"en-US\",\"mainEntityOfPage\":{\"@id\":\"https:\\\/\\\/blog.rwth-aachen.de\\\/itc\\\/en\\\/2018\\\/12\\\/06\\\/das-it-center-laedt-ein-workshop-zum-thema-kuenstliche-intelligenz\\\/#webpage\"},\"isPartOf\":{\"@id\":\"https:\\\/\\\/blog.rwth-aachen.de\\\/itc\\\/en\\\/2018\\\/12\\\/06\\\/das-it-center-laedt-ein-workshop-zum-thema-kuenstliche-intelligenz\\\/#webpage\"},\"articleSection\":\"Topic\"},{\"@type\":\"BreadcrumbList\",\"@id\":\"https:\\\/\\\/blog.rwth-aachen.de\\\/itc\\\/en\\\/2018\\\/12\\\/06\\\/das-it-center-laedt-ein-workshop-zum-thema-kuenstliche-intelligenz\\\/#breadcrumblist\",\"itemListElement\":[{\"@type\":\"ListItem\",\"@id\":\"https:\\\/\\\/blog.rwth-aachen.de\\\/itc\\\/en#listItem\",\"position\":1,\"name\":\"Home\",\"item\":\"https:\\\/\\\/blog.rwth-aachen.de\\\/itc\\\/en\",\"nextItem\":{\"@type\":\"ListItem\",\"@id\":\"https:\\\/\\\/blog.rwth-aachen.de\\\/itc\\\/en\\\/category\\\/themen\\\/#listItem\",\"name\":\"Topic\"}},{\"@type\":\"ListItem\",\"@id\":\"https:\\\/\\\/blog.rwth-aachen.de\\\/itc\\\/en\\\/category\\\/themen\\\/#listItem\",\"position\":2,\"name\":\"Topic\",\"item\":\"https:\\\/\\\/blog.rwth-aachen.de\\\/itc\\\/en\\\/category\\\/themen\\\/\",\"nextItem\":{\"@type\":\"ListItem\",\"@id\":\"https:\\\/\\\/blog.rwth-aachen.de\\\/itc\\\/en\\\/2018\\\/12\\\/06\\\/das-it-center-laedt-ein-workshop-zum-thema-kuenstliche-intelligenz\\\/#listItem\",\"name\":\"Das IT Center l\\u00e4dt ein \\u2013 Workshop zum Thema K\\u00fcnstliche Intelligenz\"},\"previousItem\":{\"@type\":\"ListItem\",\"@id\":\"https:\\\/\\\/blog.rwth-aachen.de\\\/itc\\\/en#listItem\",\"name\":\"Home\"}},{\"@type\":\"ListItem\",\"@id\":\"https:\\\/\\\/blog.rwth-aachen.de\\\/itc\\\/en\\\/2018\\\/12\\\/06\\\/das-it-center-laedt-ein-workshop-zum-thema-kuenstliche-intelligenz\\\/#listItem\",\"position\":3,\"name\":\"Das IT Center l\\u00e4dt ein \\u2013 Workshop zum Thema K\\u00fcnstliche Intelligenz\",\"previousItem\":{\"@type\":\"ListItem\",\"@id\":\"https:\\\/\\\/blog.rwth-aachen.de\\\/itc\\\/en\\\/category\\\/themen\\\/#listItem\",\"name\":\"Topic\"}}]},{\"@type\":\"Organization\",\"@id\":\"https:\\\/\\\/blog.rwth-aachen.de\\\/itc\\\/en\\\/#organization\",\"name\":\"IT Center RWTH Aachen University\",\"url\":\"https:\\\/\\\/blog.rwth-aachen.de\\\/itc\\\/en\\\/\",\"logo\":{\"@type\":\"ImageObject\",\"url\":\"https:\\\/\\\/blog.rwth-aachen.de\\\/itc\\\/files\\\/2018\\\/09\\\/IT-Center-Logo.png\",\"@id\":\"https:\\\/\\\/blog.rwth-aachen.de\\\/itc\\\/en\\\/2018\\\/12\\\/06\\\/das-it-center-laedt-ein-workshop-zum-thema-kuenstliche-intelligenz\\\/#organizationLogo\",\"width\":1312,\"height\":378,\"caption\":\"IT Center Logo\"},\"image\":{\"@id\":\"https:\\\/\\\/blog.rwth-aachen.de\\\/itc\\\/en\\\/2018\\\/12\\\/06\\\/das-it-center-laedt-ein-workshop-zum-thema-kuenstliche-intelligenz\\\/#organizationLogo\"},\"sameAs\":[\"https:\\\/\\\/www.facebook.com\\\/itcenterrwth\",\"https:\\\/\\\/twitter.com\\\/ITCenterRWTH\",\"https:\\\/\\\/www.youtube.com\\\/c\\\/itcenterrwthaachen\",\"https:\\\/\\\/www.linkedin.com\\\/company\\\/itcenterrwth\"]},{\"@type\":\"Person\",\"@id\":\"https:\\\/\\\/blog.rwth-aachen.de\\\/itc\\\/en\\\/author\\\/1328\\\/#author\",\"url\":\"https:\\\/\\\/blog.rwth-aachen.de\\\/itc\\\/en\\\/author\\\/1328\\\/\",\"name\":\"Sara Kaya\"},{\"@type\":\"WebPage\",\"@id\":\"https:\\\/\\\/blog.rwth-aachen.de\\\/itc\\\/en\\\/2018\\\/12\\\/06\\\/das-it-center-laedt-ein-workshop-zum-thema-kuenstliche-intelligenz\\\/#webpage\",\"url\":\"https:\\\/\\\/blog.rwth-aachen.de\\\/itc\\\/en\\\/2018\\\/12\\\/06\\\/das-it-center-laedt-ein-workshop-zum-thema-kuenstliche-intelligenz\\\/\",\"name\":\"Das IT Center l\\u00e4dt ein \\u2013 Workshop zum Thema K\\u00fcnstliche Intelligenz \\u2022 IT Center Blog\",\"description\":\"Quelle: Eigene Darstellung Das IT Center l\\u00e4dt zum Workshop zum Thema der K\\u00fcnstlichen Intelligenz. Es erwartet Sie ein spannender Rund um Blick \\u00fcber das Thema der K\\u00fcnstlichen Intelligenz bei dem Sie selber, in Form von Live-Demos, Hand anlegen k\\u00f6nnen. Technologien der K\\u00fcnstlichen Intelligenz (KI) wie maschinelles Lernen (ML) und Deep Learning (DL) werden heute immer\",\"inLanguage\":\"en-US\",\"isPartOf\":{\"@id\":\"https:\\\/\\\/blog.rwth-aachen.de\\\/itc\\\/en\\\/#website\"},\"breadcrumb\":{\"@id\":\"https:\\\/\\\/blog.rwth-aachen.de\\\/itc\\\/en\\\/2018\\\/12\\\/06\\\/das-it-center-laedt-ein-workshop-zum-thema-kuenstliche-intelligenz\\\/#breadcrumblist\"},\"author\":{\"@id\":\"https:\\\/\\\/blog.rwth-aachen.de\\\/itc\\\/en\\\/author\\\/1328\\\/#author\"},\"creator\":{\"@id\":\"https:\\\/\\\/blog.rwth-aachen.de\\\/itc\\\/en\\\/author\\\/1328\\\/#author\"},\"datePublished\":\"2018-12-06T13:20:29+01:00\",\"dateModified\":\"2023-09-01T14:12:08+02:00\"},{\"@type\":\"WebSite\",\"@id\":\"https:\\\/\\\/blog.rwth-aachen.de\\\/itc\\\/en\\\/#website\",\"url\":\"https:\\\/\\\/blog.rwth-aachen.de\\\/itc\\\/en\\\/\",\"name\":\"IT Center Blog\",\"inLanguage\":\"en-US\",\"publisher\":{\"@id\":\"https:\\\/\\\/blog.rwth-aachen.de\\\/itc\\\/en\\\/#organization\"}}]}\n\t\t<\/script>\n\t\t<!-- All in One SEO -->\n\n","aioseo_head_json":{"title":"Das IT Center l\u00e4dt ein \u2013 Workshop zum Thema K\u00fcnstliche Intelligenz \u2022 IT Center Blog","description":"Quelle: Eigene Darstellung Das IT Center l\u00e4dt zum Workshop zum Thema der K\u00fcnstlichen Intelligenz. Es erwartet Sie ein spannender Rund um Blick \u00fcber das Thema der K\u00fcnstlichen Intelligenz bei dem Sie selber, in Form von Live-Demos, Hand anlegen k\u00f6nnen. Technologien der K\u00fcnstlichen Intelligenz (KI) wie maschinelles Lernen (ML) und Deep Learning (DL) werden heute immer","canonical_url":"https:\/\/blog.rwth-aachen.de\/itc\/en\/2018\/12\/06\/das-it-center-laedt-ein-workshop-zum-thema-kuenstliche-intelligenz\/","robots":"max-image-preview:large","keywords":"topic","webmasterTools":{"miscellaneous":""},"schema":{"@context":"https:\/\/schema.org","@graph":[{"@type":"BlogPosting","@id":"https:\/\/blog.rwth-aachen.de\/itc\/en\/2018\/12\/06\/das-it-center-laedt-ein-workshop-zum-thema-kuenstliche-intelligenz\/#blogposting","name":"Das IT Center l\u00e4dt ein \u2013 Workshop zum Thema K\u00fcnstliche Intelligenz \u2022 IT Center Blog","headline":"Das IT Center l\u00e4dt ein \u2013 Workshop zum Thema K\u00fcnstliche Intelligenz","author":{"@id":"https:\/\/blog.rwth-aachen.de\/itc\/en\/author\/1328\/#author"},"publisher":{"@id":"https:\/\/blog.rwth-aachen.de\/itc\/en\/#organization"},"image":{"@type":"ImageObject","url":"https:\/\/blog.rwth-aachen.de\/itc\/files\/2018\/12\/Artificiall.png","@id":"https:\/\/blog.rwth-aachen.de\/itc\/en\/2018\/12\/06\/das-it-center-laedt-ein-workshop-zum-thema-kuenstliche-intelligenz\/#articleImage","width":604,"height":763},"datePublished":"2018-12-06T13:20:29+01:00","dateModified":"2023-09-01T14:12:08+02:00","inLanguage":"en-US","mainEntityOfPage":{"@id":"https:\/\/blog.rwth-aachen.de\/itc\/en\/2018\/12\/06\/das-it-center-laedt-ein-workshop-zum-thema-kuenstliche-intelligenz\/#webpage"},"isPartOf":{"@id":"https:\/\/blog.rwth-aachen.de\/itc\/en\/2018\/12\/06\/das-it-center-laedt-ein-workshop-zum-thema-kuenstliche-intelligenz\/#webpage"},"articleSection":"Topic"},{"@type":"BreadcrumbList","@id":"https:\/\/blog.rwth-aachen.de\/itc\/en\/2018\/12\/06\/das-it-center-laedt-ein-workshop-zum-thema-kuenstliche-intelligenz\/#breadcrumblist","itemListElement":[{"@type":"ListItem","@id":"https:\/\/blog.rwth-aachen.de\/itc\/en#listItem","position":1,"name":"Home","item":"https:\/\/blog.rwth-aachen.de\/itc\/en","nextItem":{"@type":"ListItem","@id":"https:\/\/blog.rwth-aachen.de\/itc\/en\/category\/themen\/#listItem","name":"Topic"}},{"@type":"ListItem","@id":"https:\/\/blog.rwth-aachen.de\/itc\/en\/category\/themen\/#listItem","position":2,"name":"Topic","item":"https:\/\/blog.rwth-aachen.de\/itc\/en\/category\/themen\/","nextItem":{"@type":"ListItem","@id":"https:\/\/blog.rwth-aachen.de\/itc\/en\/2018\/12\/06\/das-it-center-laedt-ein-workshop-zum-thema-kuenstliche-intelligenz\/#listItem","name":"Das IT Center l\u00e4dt ein \u2013 Workshop zum Thema K\u00fcnstliche Intelligenz"},"previousItem":{"@type":"ListItem","@id":"https:\/\/blog.rwth-aachen.de\/itc\/en#listItem","name":"Home"}},{"@type":"ListItem","@id":"https:\/\/blog.rwth-aachen.de\/itc\/en\/2018\/12\/06\/das-it-center-laedt-ein-workshop-zum-thema-kuenstliche-intelligenz\/#listItem","position":3,"name":"Das IT Center l\u00e4dt ein \u2013 Workshop zum Thema K\u00fcnstliche Intelligenz","previousItem":{"@type":"ListItem","@id":"https:\/\/blog.rwth-aachen.de\/itc\/en\/category\/themen\/#listItem","name":"Topic"}}]},{"@type":"Organization","@id":"https:\/\/blog.rwth-aachen.de\/itc\/en\/#organization","name":"IT Center RWTH Aachen University","url":"https:\/\/blog.rwth-aachen.de\/itc\/en\/","logo":{"@type":"ImageObject","url":"https:\/\/blog.rwth-aachen.de\/itc\/files\/2018\/09\/IT-Center-Logo.png","@id":"https:\/\/blog.rwth-aachen.de\/itc\/en\/2018\/12\/06\/das-it-center-laedt-ein-workshop-zum-thema-kuenstliche-intelligenz\/#organizationLogo","width":1312,"height":378,"caption":"IT Center Logo"},"image":{"@id":"https:\/\/blog.rwth-aachen.de\/itc\/en\/2018\/12\/06\/das-it-center-laedt-ein-workshop-zum-thema-kuenstliche-intelligenz\/#organizationLogo"},"sameAs":["https:\/\/www.facebook.com\/itcenterrwth","https:\/\/twitter.com\/ITCenterRWTH","https:\/\/www.youtube.com\/c\/itcenterrwthaachen","https:\/\/www.linkedin.com\/company\/itcenterrwth"]},{"@type":"Person","@id":"https:\/\/blog.rwth-aachen.de\/itc\/en\/author\/1328\/#author","url":"https:\/\/blog.rwth-aachen.de\/itc\/en\/author\/1328\/","name":"Sara Kaya"},{"@type":"WebPage","@id":"https:\/\/blog.rwth-aachen.de\/itc\/en\/2018\/12\/06\/das-it-center-laedt-ein-workshop-zum-thema-kuenstliche-intelligenz\/#webpage","url":"https:\/\/blog.rwth-aachen.de\/itc\/en\/2018\/12\/06\/das-it-center-laedt-ein-workshop-zum-thema-kuenstliche-intelligenz\/","name":"Das IT Center l\u00e4dt ein \u2013 Workshop zum Thema K\u00fcnstliche Intelligenz \u2022 IT Center Blog","description":"Quelle: Eigene Darstellung Das IT Center l\u00e4dt zum Workshop zum Thema der K\u00fcnstlichen Intelligenz. Es erwartet Sie ein spannender Rund um Blick \u00fcber das Thema der K\u00fcnstlichen Intelligenz bei dem Sie selber, in Form von Live-Demos, Hand anlegen k\u00f6nnen. Technologien der K\u00fcnstlichen Intelligenz (KI) wie maschinelles Lernen (ML) und Deep Learning (DL) werden heute immer","inLanguage":"en-US","isPartOf":{"@id":"https:\/\/blog.rwth-aachen.de\/itc\/en\/#website"},"breadcrumb":{"@id":"https:\/\/blog.rwth-aachen.de\/itc\/en\/2018\/12\/06\/das-it-center-laedt-ein-workshop-zum-thema-kuenstliche-intelligenz\/#breadcrumblist"},"author":{"@id":"https:\/\/blog.rwth-aachen.de\/itc\/en\/author\/1328\/#author"},"creator":{"@id":"https:\/\/blog.rwth-aachen.de\/itc\/en\/author\/1328\/#author"},"datePublished":"2018-12-06T13:20:29+01:00","dateModified":"2023-09-01T14:12:08+02:00"},{"@type":"WebSite","@id":"https:\/\/blog.rwth-aachen.de\/itc\/en\/#website","url":"https:\/\/blog.rwth-aachen.de\/itc\/en\/","name":"IT Center Blog","inLanguage":"en-US","publisher":{"@id":"https:\/\/blog.rwth-aachen.de\/itc\/en\/#organization"}}]},"og:locale":"en_US","og:site_name":"IT Center Blog \u2022","og:type":"article","og:title":"Das IT Center l\u00e4dt ein \u2013 Workshop zum Thema K\u00fcnstliche Intelligenz \u2022 IT Center Blog","og:description":"Quelle: Eigene Darstellung Das IT Center l\u00e4dt zum Workshop zum Thema der K\u00fcnstlichen Intelligenz. Es erwartet Sie ein spannender Rund um Blick \u00fcber das Thema der K\u00fcnstlichen Intelligenz bei dem Sie selber, in Form von Live-Demos, Hand anlegen k\u00f6nnen. Technologien der K\u00fcnstlichen Intelligenz (KI) wie maschinelles Lernen (ML) und Deep Learning (DL) werden heute immer","og:url":"https:\/\/blog.rwth-aachen.de\/itc\/en\/2018\/12\/06\/das-it-center-laedt-ein-workshop-zum-thema-kuenstliche-intelligenz\/","article:published_time":"2018-12-06T11:20:29+00:00","article:modified_time":"2023-09-01T12:12:08+00:00","article:publisher":"https:\/\/www.facebook.com\/itcenterrwth","twitter:card":"summary","twitter:site":"@ITCenterRWTH","twitter:title":"Das IT Center l\u00e4dt ein \u2013 Workshop zum Thema K\u00fcnstliche Intelligenz \u2022 IT Center Blog","twitter:description":"Quelle: Eigene Darstellung Das IT Center l\u00e4dt zum Workshop zum Thema der K\u00fcnstlichen Intelligenz. Es erwartet Sie ein spannender Rund um Blick \u00fcber das Thema der K\u00fcnstlichen Intelligenz bei dem Sie selber, in Form von Live-Demos, Hand anlegen k\u00f6nnen. Technologien der K\u00fcnstlichen Intelligenz (KI) wie maschinelles Lernen (ML) und Deep Learning (DL) werden heute immer","twitter:creator":"@ITCenterRWTH"},"aioseo_meta_data":{"post_id":"4197","title":null,"description":null,"keywords":[],"keyphrases":{"focus":{"keyphrase":"Workshop ","score":100,"analysis":{"keyphraseInTitle":{"score":9,"maxScore":9,"error":0},"keyphraseInDescription":[],"keyphraseLength":{"score":9,"maxScore":9,"error":0,"length":1},"keyphraseInURL":{"score":5,"maxScore":5,"error":0},"keyphraseInIntroduction":{"score":9,"maxScore":9,"error":0},"keyphraseInSubHeadings":[],"keyphraseInImageAlt":{"score":9,"maxScore":9,"error":0}}},"additional":[]},"primary_term":null,"canonical_url":null,"og_title":null,"og_description":null,"og_object_type":"default","og_image_type":"default","og_image_url":null,"og_image_width":null,"og_image_height":null,"og_image_custom_url":null,"og_image_custom_fields":null,"og_video":"","og_custom_url":null,"og_article_section":null,"og_article_tags":[],"twitter_use_og":false,"twitter_card":"default","twitter_image_type":"default","twitter_image_url":null,"twitter_image_custom_url":null,"twitter_image_custom_fields":null,"twitter_title":null,"twitter_description":null,"schema":{"blockGraphs":[],"customGraphs":[],"default":{"data":{"Article":[],"Course":[],"Dataset":[],"FAQPage":[],"Movie":[],"Person":[],"Product":[],"ProductReview":[],"Car":[],"Recipe":[],"Service":[],"SoftwareApplication":[],"WebPage":[]},"graphName":"BlogPosting","isEnabled":true},"graphs":[]},"schema_type":"default","schema_type_options":null,"pillar_content":false,"robots_default":true,"robots_noindex":false,"robots_noarchive":false,"robots_nosnippet":false,"robots_nofollow":false,"robots_noimageindex":false,"robots_noodp":false,"robots_notranslate":false,"robots_max_snippet":"-1","robots_max_videopreview":"-1","robots_max_imagepreview":"large","priority":null,"frequency":"default","local_seo":null,"breadcrumb_settings":null,"limit_modified_date":false,"ai":null,"created":"2022-01-24 14:21:01","updated":"2025-07-08 13:11:37","seo_analyzer_scan_date":null},"aioseo_breadcrumb":"<div class=\"aioseo-breadcrumbs\"><span class=\"aioseo-breadcrumb\">\n\t\t\t<a href=\"https:\/\/blog.rwth-aachen.de\/itc\/en\" title=\"Home\">Home<\/a>\n\t\t<\/span><span class=\"aioseo-breadcrumb-separator\">\u00bb<\/span><span class=\"aioseo-breadcrumb\">\n\t\t\t<a href=\"https:\/\/blog.rwth-aachen.de\/itc\/en\/category\/themen\/\" title=\"Topic\">Topic<\/a>\n\t\t<\/span><span class=\"aioseo-breadcrumb-separator\">\u00bb<\/span><span class=\"aioseo-breadcrumb\">\n\t\t\tDas IT Center l\u00e4dt ein \u2013 Workshop zum Thema K\u00fcnstliche Intelligenz\n\t\t<\/span><\/div>","aioseo_breadcrumb_json":[{"label":"Home","link":"https:\/\/blog.rwth-aachen.de\/itc\/en"},{"label":"Topic","link":"https:\/\/blog.rwth-aachen.de\/itc\/en\/category\/themen\/"},{"label":"Das IT Center l\u00e4dt ein \u2013 Workshop zum Thema K\u00fcnstliche Intelligenz","link":"https:\/\/blog.rwth-aachen.de\/itc\/en\/2018\/12\/06\/das-it-center-laedt-ein-workshop-zum-thema-kuenstliche-intelligenz\/"}],"_links":{"self":[{"href":"https:\/\/blog.rwth-aachen.de\/itc\/en\/wp-json\/wp\/v2\/posts\/4197","targetHints":{"allow":["GET"]}}],"collection":[{"href":"https:\/\/blog.rwth-aachen.de\/itc\/en\/wp-json\/wp\/v2\/posts"}],"about":[{"href":"https:\/\/blog.rwth-aachen.de\/itc\/en\/wp-json\/wp\/v2\/types\/post"}],"author":[{"embeddable":true,"href":"https:\/\/blog.rwth-aachen.de\/itc\/en\/wp-json\/wp\/v2\/users\/1328"}],"replies":[{"embeddable":true,"href":"https:\/\/blog.rwth-aachen.de\/itc\/en\/wp-json\/wp\/v2\/comments?post=4197"}],"version-history":[{"count":16,"href":"https:\/\/blog.rwth-aachen.de\/itc\/en\/wp-json\/wp\/v2\/posts\/4197\/revisions"}],"predecessor-version":[{"id":17019,"href":"https:\/\/blog.rwth-aachen.de\/itc\/en\/wp-json\/wp\/v2\/posts\/4197\/revisions\/17019"}],"wp:attachment":[{"href":"https:\/\/blog.rwth-aachen.de\/itc\/en\/wp-json\/wp\/v2\/media?parent=4197"}],"wp:term":[{"taxonomy":"category","embeddable":true,"href":"https:\/\/blog.rwth-aachen.de\/itc\/en\/wp-json\/wp\/v2\/categories?post=4197"},{"taxonomy":"post_tag","embeddable":true,"href":"https:\/\/blog.rwth-aachen.de\/itc\/en\/wp-json\/wp\/v2\/tags?post=4197"}],"curies":[{"name":"wp","href":"https:\/\/api.w.org\/{rel}","templated":true}]}}