{"id":5809,"date":"2019-05-27T13:00:17","date_gmt":"2019-05-27T11:00:17","guid":{"rendered":"https:\/\/blog.rwth-aachen.de\/itc\/?p=5809"},"modified":"2025-02-24T11:25:36","modified_gmt":"2025-02-24T10:25:36","slug":"get-closer-das-it-center-teil-ii","status":"publish","type":"post","link":"https:\/\/blog.rwth-aachen.de\/itc\/en\/2019\/05\/27\/get-closer-das-it-center-teil-ii\/","title":{"rendered":"Get Closer: Das IT Center (Teil II)"},"content":{"rendered":"<div class=\"twoclick_social_bookmarks_post_5809 social_share_privacy clearfix 1.6.4 locale-en_US sprite-en_US\"><\/div><div class=\"twoclick-js\"><script type=\"text\/javascript\">\/* <![CDATA[ *\/\njQuery(document).ready(function($){if($('.twoclick_social_bookmarks_post_5809')){$('.twoclick_social_bookmarks_post_5809').socialSharePrivacy({\"txt_help\":\"Wenn Sie diese Felder durch einen Klick aktivieren, werden Informationen an Facebook, Twitter, Flattr, Xing, t3n, LinkedIn, Pinterest oder Google eventuell ins Ausland \\u00fcbertragen und unter Umst\\u00e4nden auch dort gespeichert. N\\u00e4heres erfahren Sie durch einen Klick auf das <em>i<\\\/em>.\",\"settings_perma\":\"Dauerhaft aktivieren und Daten\\u00fcber-tragung zustimmen:\",\"info_link\":\"http:\\\/\\\/www.heise.de\\\/ct\\\/artikel\\\/2-Klicks-fuer-mehr-Datenschutz-1333879.html\",\"uri\":\"https:\\\/\\\/blog.rwth-aachen.de\\\/itc\\\/en\\\/2019\\\/05\\\/27\\\/get-closer-das-it-center-teil-ii\\\/\",\"post_id\":5809,\"post_title_referrer_track\":\"Get+Closer%3A+Das+IT+Center+%28Teil+II%29\",\"display_infobox\":\"on\"});}});\n\/* ]]> *\/<\/script><\/div>\r\n<h3 class=\"wp-block-heading\"> <br>Portrait der T\u00e4tigkeiten von Heinz-Peter Rix, Facility Management<\/h3>\r\n\r\n\r\n\r\n<p>Wir haben den Facility Manager des IT Centers der RWTH Aachen University interviewt. Wie sein Werdegang aussieht, wie er ins IT Center kam, worin seine Aufgabenbereiche liegen und was seine T\u00e4tigkeit ausmacht, wollen wir Ihnen in diesem Teil unserer Blogreihe &#8220;Get Closer: Das IT Center&#8221; n\u00e4herbringen.<\/p>\r\n\r\n\r\n\r\n<p>Seinen beruflichen Werdegang begann Herr Rix als Berg- und Maschinenmann -oder auch Bergmechaniker. Anschlie\u00dfend agierte er unter Tage als Wettermann. Der Beruf des Wettermanns umfasst dabei alles, was mit der Bewetterung des Grubenbaus in den Strecken zu tun hat. <\/p>\r\n\r\n\r\n\r\n<!--more-->\r\n\r\n\r\n\r\n<p>Seine Aufgaben umfassten dabei die Wartung von CH4-Ger\u00e4ten, die das Grubegas in der Luft unter Tage messen und f\u00fcr die Abschaltung der elektrischen Anlagen sorgten. Denn, unter Tage kann man nicht einfach ein Fenster \u00f6ffnen und frische Luft hineinlassen, wie wir es vielleicht aus unseren B\u00fcros kennen. Nein, denn der Gasgehalt in der Umgebungsluft unter Tage muss permanent kontrolliert werden, um beispielsweise Grubengasexplosionen zu verhindern. Und genau darin bestand die Hauptaufgabe von Herrn Rix. Hinzu kommen auch die Wartung von CO-Messger\u00e4ten, die Aufschluss dar\u00fcber geben, ob es bereits irgendwo brennt, sowie die Wartung von Wetteranemometern. Diese messen die Wetter- (Luft-)Geschwindigkeit in der Strecke. Der Bergmann ben\u00f6tigt schlie\u00dflich Luft zum atmen. So kam Heinz-Peter Rix jedenfalls zu seinem Karrierestart. <\/p>\r\n\r\n\r\n\r\n<p>Im Anschluss an seine T\u00e4tigkeit unter Tage f\u00fchrte ihn sein Werdegang zur Enrichment Technology Company in J\u00fclich, wo er einige Jahre verbrachte und dann auf das Stellenangebot der zentralen Hochschulverwaltung aufmerksam wurde. Dieses legte die Weichen daf\u00fcr, dass Herr Rix auf das IT Center aufmerksam wurde. <\/p>\r\n\r\n\r\n\r\n<p>Seit Oktober 2015 ist Herr Rix nun f\u00fcr eine Bandbreite von Aufgaben im und um das IT Center verantwortlich. Seine allt\u00e4glichen Aufgaben stellen dabei beispielsweise das Aus\u00fcben des Hausrechts dar. Dabei achtet er unter anderem darauf, dass sich keine Unbefugten auf dem Gel\u00e4nde aufhalten. Zudem muss er den Tagesablauf unter Kontrolle halten, f\u00fcr Sauberkeit und Ordnung sorgen sowie St\u00f6rungsbehebungen durchf\u00fchren.<\/p>\r\n\r\n\r\n\r\n<p>Speziellere Aufgaben stellen dagegen der R\u00e4umdienst im Winter dar sowie die Betreuung externer Firmen, die beispielsweise Bereiche der Haustechnik \u00fcbernehmen. <\/p>\r\n\r\n\r\n\r\n<p>Zu der Frage, was Herrn Rix besonders gut an der Arbeit am IT Center gef\u00e4llt, antwortete er:  ,,<strong>Die Zusammenarbeit mit netten Menschen, ein meist ruhiges Arbeiten und nat\u00fcrlich die bekannten IT Center Feiern.<\/strong>\u2018\u2018. Als weniger sch\u00f6n beschreibt er u.a. Sonderreinigungen in unterschiedlichen Bereichen. Aktuell empfindet er die umherliegenden Zigarettenstummel als st\u00f6rend und bittet, diese in die vorgesehenen M\u00fclleimer zu entsorgen.<\/p>\r\n\r\n\r\n\r\n<p>Dennoch wird er von allem aufgrund seiner pers\u00f6nlichen St\u00e4rken dieser Position ganz besonders gerecht &#8211; finden wir auch, denn was Herrn Rix auszeichnet, ist seine allgegenw\u00e4rte Hilfsbereitschaft und vor allem sein freundliches Gem\u00fct. <\/p>\r\n\r\n\r\n\r\n<p>Als verschwiegener Zuh\u00f6rer ist er als gute Seele im Haus hier und da fast schon als  \u201eSeelsorger\u201c  im IT Center bekannt und f\u00fcr seine Kolleginnen und Kollegen im IT Center immer da, wenn der Schuh mal dr\u00fcckt &#8211; ganz gleich, ob Pflanzenpflege oder Unmut \u00fcber das Aachener Wetter. Und genau da wird ihm seine Schw\u00e4che,  ,,schlecht Nein sagen\u2018\u2018  zu k\u00f6nnen manchmal zum Verh\u00e4ngnis. Aber selbst das erz\u00e4hlt uns Heinz-Peter Rix mit einem Augenzwinkern.<\/p>\r\n\r\n\r\n\r\n<p>Auf die Frage nach einem passenden Zitat zu seinem Beruf, antwortete er nach der typischen Heinz-Peter-Rix-Besonnenheit: : <strong>,,Ich stehe morgens mit einem L\u00e4cheln auf und gehe mit einem nach Hause.\u2018\u2018 <\/strong><\/p>\r\n\r\n\r\n\r\n<p>Wir danken Herrn Rix herzlichst f\u00fcr das angenehme Gespr\u00e4ch und freuen uns dar\u00fcber, dass wir eine weitere tolle Pers\u00f6nlichkeit des IT Centers vorstellen durften.<\/p>\r\n\r\n\r\n\r\n<p>Verantwortlich f\u00fcr die Inhalte dieses Beitrags sind Sarah Hamacher und Merve Sabab.<\/p>\r\n\r\n\r\n\r\n<p><br><\/p>","protected":false},"excerpt":{"rendered":"<p>Sorry, this entry is only available in Deutsch.<\/p>\n","protected":false},"author":1413,"featured_media":0,"comment_status":"open","ping_status":"closed","sticky":false,"template":"","format":"standard","meta":{"c2c_always_allow_admin_comments":false,"footnotes":""},"categories":[312,313],"tags":[],"class_list":["post-5809","post","type-post","status-publish","format-standard","hentry","category-insight-it-center","category-interviews-umfragen"],"aioseo_notices":[],"_links":{"self":[{"href":"https:\/\/blog.rwth-aachen.de\/itc\/en\/wp-json\/wp\/v2\/posts\/5809","targetHints":{"allow":["GET"]}}],"collection":[{"href":"https:\/\/blog.rwth-aachen.de\/itc\/en\/wp-json\/wp\/v2\/posts"}],"about":[{"href":"https:\/\/blog.rwth-aachen.de\/itc\/en\/wp-json\/wp\/v2\/types\/post"}],"author":[{"embeddable":true,"href":"https:\/\/blog.rwth-aachen.de\/itc\/en\/wp-json\/wp\/v2\/users\/1413"}],"replies":[{"embeddable":true,"href":"https:\/\/blog.rwth-aachen.de\/itc\/en\/wp-json\/wp\/v2\/comments?post=5809"}],"version-history":[{"count":11,"href":"https:\/\/blog.rwth-aachen.de\/itc\/en\/wp-json\/wp\/v2\/posts\/5809\/revisions"}],"predecessor-version":[{"id":21551,"href":"https:\/\/blog.rwth-aachen.de\/itc\/en\/wp-json\/wp\/v2\/posts\/5809\/revisions\/21551"}],"wp:attachment":[{"href":"https:\/\/blog.rwth-aachen.de\/itc\/en\/wp-json\/wp\/v2\/media?parent=5809"}],"wp:term":[{"taxonomy":"category","embeddable":true,"href":"https:\/\/blog.rwth-aachen.de\/itc\/en\/wp-json\/wp\/v2\/categories?post=5809"},{"taxonomy":"post_tag","embeddable":true,"href":"https:\/\/blog.rwth-aachen.de\/itc\/en\/wp-json\/wp\/v2\/tags?post=5809"}],"curies":[{"name":"wp","href":"https:\/\/api.w.org\/{rel}","templated":true}]}}