{"id":5901,"date":"2019-06-18T15:00:31","date_gmt":"2019-06-18T13:00:31","guid":{"rendered":"https:\/\/blog.rwth-aachen.de\/itc\/?p=5901"},"modified":"2023-08-18T10:43:47","modified_gmt":"2023-08-18T08:43:47","slug":"kick-off-meeting-hpc-nrw-im-it-center-der-rwth-aachen","status":"publish","type":"post","link":"https:\/\/blog.rwth-aachen.de\/itc\/en\/2019\/06\/18\/kick-off-meeting-hpc-nrw-im-it-center-der-rwth-aachen\/","title":{"rendered":"Kick-off Meeting hpc.nrw im IT Center der RWTH Aachen"},"content":{"rendered":"<div class=\"twoclick_social_bookmarks_post_5901 social_share_privacy clearfix 1.6.4 locale-en_US sprite-en_US\"><\/div><div class=\"twoclick-js\"><script type=\"text\/javascript\">\/* <![CDATA[ *\/\njQuery(document).ready(function($){if($('.twoclick_social_bookmarks_post_5901')){$('.twoclick_social_bookmarks_post_5901').socialSharePrivacy({\"txt_help\":\"Wenn Sie diese Felder durch einen Klick aktivieren, werden Informationen an Facebook, Twitter, Flattr, Xing, t3n, LinkedIn, Pinterest oder Google eventuell ins Ausland \\u00fcbertragen und unter Umst\\u00e4nden auch dort gespeichert. N\\u00e4heres erfahren Sie durch einen Klick auf das <em>i<\\\/em>.\",\"settings_perma\":\"Dauerhaft aktivieren und Daten\\u00fcber-tragung zustimmen:\",\"info_link\":\"http:\\\/\\\/www.heise.de\\\/ct\\\/artikel\\\/2-Klicks-fuer-mehr-Datenschutz-1333879.html\",\"uri\":\"https:\\\/\\\/blog.rwth-aachen.de\\\/itc\\\/en\\\/2019\\\/06\\\/18\\\/kick-off-meeting-hpc-nrw-im-it-center-der-rwth-aachen\\\/\",\"post_id\":5901,\"post_title_referrer_track\":\"Kick-off+Meeting+hpc.nrw+im+IT+Center+der+RWTH+Aachen\",\"display_infobox\":\"on\"});}});\n\/* ]]> *\/<\/script><\/div>\r\n<p class=\"wp-block-paragraph\">Am vergangenen Donnerstag, 13.06.2019, war es soweit: Das Kick-Off Meeting zu hpc.nrw fand im <a href=\"http:\/\/www.itc.rwth-aachen.de\/\">IT Center der RWTH Aachen University<\/a> statt. Das in Aachen stattfindende Auftakttreffen des Konsortiums zielte neben dem Kennenlernen der Konsortialpartner vor allem auf erste koordinatorische und organisatorische Schritte ab.<\/p>\r\n\r\n<p>&nbsp;<\/p>\r\n\r\n<p class=\"wp-block-paragraph\">Nach der Begr\u00fc\u00dfung durch Professor <a href=\"http:\/\/www.itc.rwth-aachen.de\/cms\/IT-Center\/IT-Center\/Team\/~onzq\/Univ-Prof-Dr-rer-nat-Matthias-Mueller\/?allou=1\">Matthias M\u00fcller<\/a>, Leiter des IT Centers, das auch die Koordinierungsstelle des Kompetenznetzwerkes hpc.nrw ist, gelang ein gelungener Auftakt zu einem gutbesuchten Kick-Off Meeting am IT Center im Rahmen der Digitalisierungsoffensive DH-NRW.<\/p>\r\n\r\n<p>&nbsp;<\/p>\r\n\r\n<figure class=\"wp-block-image\">\r\n<div id=\"attachment_5902\" style=\"width: 1034px\" class=\"wp-caption alignnone\"><img loading=\"lazy\" decoding=\"async\" aria-describedby=\"caption-attachment-5902\" class=\"wp-image-5902\" src=\"https:\/\/blog.rwth-aachen.de\/itc\/files\/2019\/06\/hpc.nrw_kickOff_meeting_IT_Center_RWTH_Aachen-1024x682.jpeg\" alt=\"\" width=\"1024\" height=\"682\" srcset=\"https:\/\/blog.rwth-aachen.de\/itc\/files\/2019\/06\/hpc.nrw_kickOff_meeting_IT_Center_RWTH_Aachen-1024x682.jpeg 1024w, https:\/\/blog.rwth-aachen.de\/itc\/files\/2019\/06\/hpc.nrw_kickOff_meeting_IT_Center_RWTH_Aachen-300x200.jpeg 300w, https:\/\/blog.rwth-aachen.de\/itc\/files\/2019\/06\/hpc.nrw_kickOff_meeting_IT_Center_RWTH_Aachen-768x512.jpeg 768w, https:\/\/blog.rwth-aachen.de\/itc\/files\/2019\/06\/hpc.nrw_kickOff_meeting_IT_Center_RWTH_Aachen.jpeg 1280w\" sizes=\"auto, (max-width: 1024px) 100vw, 1024px\" \/><p id=\"caption-attachment-5902\" class=\"wp-caption-text\">Quelle: Eigene Darstellung<\/p><\/div>\r\n<\/figure>\r\n\r\n<p>&nbsp;<\/p>\r\n\r\n<p class=\"wp-block-paragraph\">In diesem Beitrag m\u00f6chten wir Sie daher informieren, was sich hinter den Begriffen hpc.nrw und dem HPC-Landeskonzept verbirgt.<\/p>\r\n\r\n<p>&nbsp;<\/p>\r\n\r\n<p><!--more--><\/p>\r\n\r\n<p>&nbsp;<\/p>\r\n\r\n<h2 class=\"wp-block-heading\">Hochleistungsrechnen in Nordrhein-Westfalen<\/h2>\r\n\r\n<p>&nbsp;<\/p>\r\n\r\n<p class=\"wp-block-paragraph\">Die Bedeutung von Datenverarbeitung in diversen Bereichen der Wissenschaft nimmt stetig zu. Es werden immer gr\u00f6\u00dfere Datenmengen gesammelt und diese gilt es in Wissenschaft und Wirtschaft zu verarbeiten. Wir denken dabei nicht mehr nur noch an hochintensive Rechenoperationen in der Virtuellen Realit\u00e4t, Simulationen oder dem Performance Engineering, sondern erkennen unschwer, dass auch in vielen weiteren wissenschaftlichen Disziplinen die Datenverarbeitung im Kontext des Hochleistungsrechnen unverzichtbar ist.<\/p>\r\n\r\n<p>&nbsp;<\/p>\r\n\r\n<p class=\"wp-block-paragraph\">F\u00fcr das Bundesland Nordrhein-Westfalen bedeutet dies, dass im Rahmen der Digitalen Hochschule NRW der Ausbau der HPC-Zentren gef\u00f6rdert und vorangetrieben wird. Hier findet der Einsatz einer eigenst\u00e4ndigen HPC-Arbeitsgruppe statt. Diese besteht aus Spezialisten aus Methodenwissenschaft, Betrieb HPC sowie Nutzenden der Wissenschaft.<\/p>\r\n\r\n<p>&nbsp;<\/p>\r\n\r\n<h2 class=\"wp-block-heading\">HPC-Landeskonzept<\/h2>\r\n\r\n<p>&nbsp;<\/p>\r\n\r\n<p class=\"wp-block-paragraph\">Abgestimmt mit dem Ministerium f\u00fcr Kultur und Wissenschaft gilt es ein HPC-Landeskonzept zu entwickeln, das im Wesentlichen einen wichtigen Bestandteil des landesweiten Programms Digitale Hochschule ausmacht.<\/p>\r\n\r\n<p>&nbsp;<\/p>\r\n\r\n<p class=\"wp-block-paragraph\">Die Ziele zeichnen sich dabei wie folgt aus:<\/p>\r\n\r\n<p>&nbsp;<\/p>\r\n\r\n<ul class=\"wp-block-list\">\r\n<li>Die nachhaltige Sicherstellung der Versorgung der Wissenschaft<\/li>\r\n<li>Die Unterst\u00fctzung forschender Industrie in Kooperation mit Hochschulen hinsichtlich HPC-Ressourcen sowie Fachkompetenz im effizienten und wissenschaftsgeleiteten Einsatz durch strukturierten Zugang zu HPC-Ressourcen<\/li>\r\n<li>Eine gemeinsame Planung von HPC-Ressourcen in NRW<\/li>\r\n<\/ul>\r\n\r\n<p>&nbsp;<\/p>\r\n\r\n<p class=\"wp-block-paragraph\">Kernaspekte dieser Ziele sind dabei die Verbesserung und Abstimmung von HPC-Aktivit\u00e4ten in NRW sowie im nationalen Kontext. Dementsprechend auch die F\u00f6rderung und Ausbildung wissenschaftlichen Nachwuchses sowie die Verbesserung der Rahmenbedingungen und M\u00f6glichkeiten f\u00fcr die Spitzenforschung. Im Zuge dessen sollen jedoch auch neue Nutzergruppen an das Hochleistungsrechnen herangef\u00fchrt werden.<\/p>\r\n\r\n<p>&nbsp;<\/p>\r\n\r\n<p class=\"wp-block-paragraph\">Erg\u00e4nzt werden diese Aspekte durch die Vernetzung der hochschul\u00fcbergreifenden HPC-Ressourcen im Land selbst, um somit nicht nur die Quantit\u00e4t, sondern auch die Qualit\u00e4t des HPC-Betriebs in NRW zu f\u00f6rdern. Daher gilt es auch die effiziente Nutzung sowie einen solchen Umgang durch Nutzende sicherzustellen.<\/p>\r\n\r\n<p>&nbsp;<\/p>\r\n\r\n<h2 class=\"wp-block-heading\">hpc.nrw \u2013 das Kompetenznetzwerk<\/h2>\r\n\r\n<p>&nbsp;<\/p>\r\n\r\n<p class=\"wp-block-paragraph\">Das HPC-Kompetenznetzwerk hpc.nrw ist dementsprechend im Rahmen des Konsortialvorhabens aufgebaut und etabliert worden.<\/p>\r\n\r\n<p>&nbsp;<\/p>\r\n\r\n<p class=\"wp-block-paragraph\">Als erste Ma\u00dfnahme ist daher das HPC-Landeskonzept im Rahmen der Digitalisierungsoffensive, welche vom Ministerium f\u00fcr Kultur und Wissenschaft mit zus\u00e4tzlichen 50 Millionen Euro bis 2021 unterst\u00fctzt wird, entworfen worden.<\/p>\r\n\r\n<p>&nbsp;<\/p>\r\n\r\n<p class=\"wp-block-paragraph\">Das Kompetenznetzwerk hpc.nrw schafft damit personelle und organisatorische Voraussetzungen. Es gilt die Expertise der gro\u00dfen HPC-Zentren der Ebene 2 mit Beratungsdienstleistungen auf Ebene 3 zu kombinieren. Dies zielt darauf ab, ein Angebot zu schaffen, das sowohl kompetent als auch thematisch breit aufgestellte Anlauf- und Beratungsstellen f\u00fcr HPC-Nutzende in NRW zur Verf\u00fcgung stellt.<\/p>\r\n\r\n<p>&nbsp;<\/p>\r\n\r\n<h2 class=\"wp-block-heading\">Effizienter und strukturierter Zugang<\/h2>\r\n\r\n<p>&nbsp;<\/p>\r\n\r\n<p class=\"wp-block-paragraph\">Auf diese Weise ergibt sich ein Netzwerk thematischer Cluster, das auf eine effiziente Nutzung von Hochleistungsrechen- und Speicheranlagen abzielt, dabei junge Wissenschaftler unterst\u00fctzt sowie ein transparentes Angebot der Ressourcen darstellt, die im Land NRW zur Verf\u00fcgung stehen.<\/p>\r\n\r\n<p>&nbsp;<\/p>\r\n\r\n<p class=\"wp-block-paragraph\">Die Ebene-2-Zentren bieten dabei einen einheitlichen und strukturierten Zugang f\u00fcr HPC-Nutzende aller Hochschulen in NRW an und stellen somit sicher, dass auch eine Grundversorgung mit HPC-Ressourcen an Standorten ohne Ebene 3-Zentren und an Fachhochschulen gew\u00e4hrleistet ist.<\/p>\r\n\r\n<p>&nbsp;<\/p>\r\n\r\n<p class=\"wp-block-paragraph\">Ein solches Netzwerk bedarf einer entsprechenden Koordinierungsstelle und diese liegt in der Verantwortung der RWTH Aachen University \u2013genauer gesagt am IT Center der RWTH.<\/p>\r\n\r\n<p>&nbsp;<\/p>\r\n\r\n<p class=\"wp-block-paragraph\">Insgesamt besteht das Konsortium dar\u00fcber hinaus aus den Hochschulen Uni Bochum, Uni Bonn, TU Dortmund, Uni D\u00fcsseldorf, Uni Duisburg-Essen, Uni K\u00f6ln, Uni Paderborn und Uni Siegen sowie Uni Wuppertal.<\/p>\r\n\r\n<p>&nbsp;<\/p>\r\n\r\n<p class=\"wp-block-paragraph\">Sie m\u00f6chten mehr wissen zur Digitalen Hochschule NRW und Digitalisierungsoffensive? Dann schauen Sie vorbei auf <a href=\"https:\/\/www.dh-nrw.de\/\">https:\/\/www.dh-nrw.de\/<\/a>.<\/p>\r\n\r\n<p>&nbsp;<\/p>\r\n\r\n<p class=\"wp-block-paragraph\">Wir freuen uns sehr dar\u00fcber Gastgebende gewesen sein d\u00fcrfen und blicken den weiteren Entwicklungen mit Neugierde und Spannung entgegen.<\/p>\r\n\r\n<p>&nbsp;<\/p>\r\n\r\n<p class=\"wp-block-paragraph\">Verantwortlich f\u00fcr die Inhalte dieses Beitrags ist Nicole Filla.<\/p>\r\n\r\n<p>&nbsp;<\/p>\r\n\r\n<p class=\"wp-block-paragraph\">Quelle: <a href=\"https:\/\/www.dh-nrw.de\/\">https:\/\/www.dh-nrw.de\/<\/a><\/p>\r\n","protected":false},"excerpt":{"rendered":"<p>Am vergangenen Donnerstag, 13.06.2019, war es soweit: Das Kick-Off Meeting zu hpc.nrw fand im IT Center der RWTH Aachen University statt. Das in Aachen stattfindende Auftakttreffen des Konsortiums zielte neben [&hellip;]<\/p>\n","protected":false},"author":1413,"featured_media":0,"comment_status":"open","ping_status":"closed","sticky":false,"template":"","format":"standard","meta":{"c2c_always_allow_admin_comments":false,"footnotes":""},"categories":[308,924,316],"tags":[],"class_list":["post-5901","post","type-post","status-publish","format-standard","hentry","category-events-jubilaen-erfolge","category-hpcnews","category-projekte-kooperationen"],"aioseo_notices":[],"aioseo_head":"\n\t\t<!-- All in One SEO 4.9.8 - aioseo.com -->\n\t<meta name=\"description\" content=\"Am vergangenen Donnerstag, 13.06.2019, war es soweit: Das Kick-Off Meeting zu hpc.nrw fand im IT Center der RWTH Aachen University statt. Das in Aachen stattfindende Auftakttreffen des Konsortiums zielte neben dem Kennenlernen der Konsortialpartner vor allem auf erste koordinatorische und organisatorische Schritte ab. Nach der Begr\u00fc\u00dfung durch Professor Matthias M\u00fcller, Leiter des IT Centers,\" \/>\n\t<meta name=\"robots\" content=\"max-image-preview:large\" \/>\n\t<meta name=\"author\" content=\"Filla, Nicole Barbara\"\/>\n\t<meta name=\"keywords\" content=\"events, anniversarys &amp; success,hpcnews,projects &amp; cooperations\" \/>\n\t<link rel=\"canonical\" href=\"https:\/\/blog.rwth-aachen.de\/itc\/en\/2019\/06\/18\/kick-off-meeting-hpc-nrw-im-it-center-der-rwth-aachen\/\" \/>\n\t<meta name=\"generator\" content=\"All in One SEO (AIOSEO) 4.9.8\" \/>\n\t\t<meta property=\"og:locale\" content=\"en_US\" \/>\n\t\t<meta property=\"og:site_name\" content=\"IT Center Blog \u2022\" \/>\n\t\t<meta property=\"og:type\" content=\"article\" \/>\n\t\t<meta property=\"og:title\" content=\"Kick-off Meeting hpc.nrw im IT Center der RWTH Aachen \u2022 IT Center Blog\" \/>\n\t\t<meta property=\"og:description\" content=\"Am vergangenen Donnerstag, 13.06.2019, war es soweit: Das Kick-Off Meeting zu hpc.nrw fand im IT Center der RWTH Aachen University statt. Das in Aachen stattfindende Auftakttreffen des Konsortiums zielte neben dem Kennenlernen der Konsortialpartner vor allem auf erste koordinatorische und organisatorische Schritte ab. Nach der Begr\u00fc\u00dfung durch Professor Matthias M\u00fcller, Leiter des IT Centers,\" \/>\n\t\t<meta property=\"og:url\" content=\"https:\/\/blog.rwth-aachen.de\/itc\/en\/2019\/06\/18\/kick-off-meeting-hpc-nrw-im-it-center-der-rwth-aachen\/\" \/>\n\t\t<meta property=\"article:published_time\" content=\"2019-06-18T13:00:31+00:00\" \/>\n\t\t<meta property=\"article:modified_time\" content=\"2023-08-18T08:43:47+00:00\" \/>\n\t\t<meta property=\"article:publisher\" content=\"https:\/\/www.facebook.com\/itcenterrwth\" \/>\n\t\t<meta name=\"twitter:card\" content=\"summary\" \/>\n\t\t<meta name=\"twitter:site\" content=\"@ITCenterRWTH\" \/>\n\t\t<meta name=\"twitter:title\" content=\"Kick-off Meeting hpc.nrw im IT Center der RWTH Aachen \u2022 IT Center Blog\" \/>\n\t\t<meta name=\"twitter:description\" content=\"Am vergangenen Donnerstag, 13.06.2019, war es soweit: Das Kick-Off Meeting zu hpc.nrw fand im IT Center der RWTH Aachen University statt. Das in Aachen stattfindende Auftakttreffen des Konsortiums zielte neben dem Kennenlernen der Konsortialpartner vor allem auf erste koordinatorische und organisatorische Schritte ab. Nach der Begr\u00fc\u00dfung durch Professor Matthias M\u00fcller, Leiter des IT Centers,\" \/>\n\t\t<meta name=\"twitter:creator\" content=\"@ITCenterRWTH\" \/>\n\t\t<script type=\"application\/ld+json\" class=\"aioseo-schema\">\n\t\t\t{\"@context\":\"https:\\\/\\\/schema.org\",\"@graph\":[{\"@type\":\"BlogPosting\",\"@id\":\"https:\\\/\\\/blog.rwth-aachen.de\\\/itc\\\/en\\\/2019\\\/06\\\/18\\\/kick-off-meeting-hpc-nrw-im-it-center-der-rwth-aachen\\\/#blogposting\",\"name\":\"Kick-off Meeting hpc.nrw im IT Center der RWTH Aachen \\u2022 IT Center Blog\",\"headline\":\"Kick-off Meeting hpc.nrw im IT Center der RWTH Aachen\",\"author\":{\"@id\":\"https:\\\/\\\/blog.rwth-aachen.de\\\/itc\\\/en\\\/author\\\/1413\\\/#author\"},\"publisher\":{\"@id\":\"https:\\\/\\\/blog.rwth-aachen.de\\\/itc\\\/en\\\/#organization\"},\"image\":{\"@type\":\"ImageObject\",\"url\":\"https:\\\/\\\/blog.rwth-aachen.de\\\/itc\\\/files\\\/2019\\\/06\\\/hpc.nrw_kickOff_meeting_IT_Center_RWTH_Aachen.jpeg\",\"@id\":\"https:\\\/\\\/blog.rwth-aachen.de\\\/itc\\\/en\\\/2019\\\/06\\\/18\\\/kick-off-meeting-hpc-nrw-im-it-center-der-rwth-aachen\\\/#articleImage\",\"width\":1280,\"height\":853},\"datePublished\":\"2019-06-18T15:00:31+02:00\",\"dateModified\":\"2023-08-18T10:43:47+02:00\",\"inLanguage\":\"en-US\",\"mainEntityOfPage\":{\"@id\":\"https:\\\/\\\/blog.rwth-aachen.de\\\/itc\\\/en\\\/2019\\\/06\\\/18\\\/kick-off-meeting-hpc-nrw-im-it-center-der-rwth-aachen\\\/#webpage\"},\"isPartOf\":{\"@id\":\"https:\\\/\\\/blog.rwth-aachen.de\\\/itc\\\/en\\\/2019\\\/06\\\/18\\\/kick-off-meeting-hpc-nrw-im-it-center-der-rwth-aachen\\\/#webpage\"},\"articleSection\":\"Events, Anniversarys &amp; Success, HPCnews, Projects &amp; Cooperations\"},{\"@type\":\"BreadcrumbList\",\"@id\":\"https:\\\/\\\/blog.rwth-aachen.de\\\/itc\\\/en\\\/2019\\\/06\\\/18\\\/kick-off-meeting-hpc-nrw-im-it-center-der-rwth-aachen\\\/#breadcrumblist\",\"itemListElement\":[{\"@type\":\"ListItem\",\"@id\":\"https:\\\/\\\/blog.rwth-aachen.de\\\/itc\\\/en#listItem\",\"position\":1,\"name\":\"Home\",\"item\":\"https:\\\/\\\/blog.rwth-aachen.de\\\/itc\\\/en\",\"nextItem\":{\"@type\":\"ListItem\",\"@id\":\"https:\\\/\\\/blog.rwth-aachen.de\\\/itc\\\/en\\\/category\\\/themen\\\/#listItem\",\"name\":\"Topic\"}},{\"@type\":\"ListItem\",\"@id\":\"https:\\\/\\\/blog.rwth-aachen.de\\\/itc\\\/en\\\/category\\\/themen\\\/#listItem\",\"position\":2,\"name\":\"Topic\",\"item\":\"https:\\\/\\\/blog.rwth-aachen.de\\\/itc\\\/en\\\/category\\\/themen\\\/\",\"nextItem\":{\"@type\":\"ListItem\",\"@id\":\"https:\\\/\\\/blog.rwth-aachen.de\\\/itc\\\/en\\\/category\\\/themen\\\/events-jubilaen-erfolge\\\/#listItem\",\"name\":\"Events, Anniversarys &amp; Success\"},\"previousItem\":{\"@type\":\"ListItem\",\"@id\":\"https:\\\/\\\/blog.rwth-aachen.de\\\/itc\\\/en#listItem\",\"name\":\"Home\"}},{\"@type\":\"ListItem\",\"@id\":\"https:\\\/\\\/blog.rwth-aachen.de\\\/itc\\\/en\\\/category\\\/themen\\\/events-jubilaen-erfolge\\\/#listItem\",\"position\":3,\"name\":\"Events, Anniversarys &amp; Success\",\"item\":\"https:\\\/\\\/blog.rwth-aachen.de\\\/itc\\\/en\\\/category\\\/themen\\\/events-jubilaen-erfolge\\\/\",\"nextItem\":{\"@type\":\"ListItem\",\"@id\":\"https:\\\/\\\/blog.rwth-aachen.de\\\/itc\\\/en\\\/2019\\\/06\\\/18\\\/kick-off-meeting-hpc-nrw-im-it-center-der-rwth-aachen\\\/#listItem\",\"name\":\"Kick-off Meeting hpc.nrw im IT Center der RWTH Aachen\"},\"previousItem\":{\"@type\":\"ListItem\",\"@id\":\"https:\\\/\\\/blog.rwth-aachen.de\\\/itc\\\/en\\\/category\\\/themen\\\/#listItem\",\"name\":\"Topic\"}},{\"@type\":\"ListItem\",\"@id\":\"https:\\\/\\\/blog.rwth-aachen.de\\\/itc\\\/en\\\/2019\\\/06\\\/18\\\/kick-off-meeting-hpc-nrw-im-it-center-der-rwth-aachen\\\/#listItem\",\"position\":4,\"name\":\"Kick-off Meeting hpc.nrw im IT Center der RWTH Aachen\",\"previousItem\":{\"@type\":\"ListItem\",\"@id\":\"https:\\\/\\\/blog.rwth-aachen.de\\\/itc\\\/en\\\/category\\\/themen\\\/events-jubilaen-erfolge\\\/#listItem\",\"name\":\"Events, Anniversarys &amp; Success\"}}]},{\"@type\":\"Organization\",\"@id\":\"https:\\\/\\\/blog.rwth-aachen.de\\\/itc\\\/en\\\/#organization\",\"name\":\"IT Center RWTH Aachen University\",\"url\":\"https:\\\/\\\/blog.rwth-aachen.de\\\/itc\\\/en\\\/\",\"logo\":{\"@type\":\"ImageObject\",\"url\":\"https:\\\/\\\/blog.rwth-aachen.de\\\/itc\\\/files\\\/2018\\\/09\\\/IT-Center-Logo.png\",\"@id\":\"https:\\\/\\\/blog.rwth-aachen.de\\\/itc\\\/en\\\/2019\\\/06\\\/18\\\/kick-off-meeting-hpc-nrw-im-it-center-der-rwth-aachen\\\/#organizationLogo\",\"width\":1312,\"height\":378,\"caption\":\"IT Center Logo\"},\"image\":{\"@id\":\"https:\\\/\\\/blog.rwth-aachen.de\\\/itc\\\/en\\\/2019\\\/06\\\/18\\\/kick-off-meeting-hpc-nrw-im-it-center-der-rwth-aachen\\\/#organizationLogo\"},\"sameAs\":[\"https:\\\/\\\/www.facebook.com\\\/itcenterrwth\",\"https:\\\/\\\/twitter.com\\\/ITCenterRWTH\",\"https:\\\/\\\/www.youtube.com\\\/c\\\/itcenterrwthaachen\",\"https:\\\/\\\/www.linkedin.com\\\/company\\\/itcenterrwth\"]},{\"@type\":\"Person\",\"@id\":\"https:\\\/\\\/blog.rwth-aachen.de\\\/itc\\\/en\\\/author\\\/1413\\\/#author\",\"url\":\"https:\\\/\\\/blog.rwth-aachen.de\\\/itc\\\/en\\\/author\\\/1413\\\/\",\"name\":\"Filla, Nicole Barbara\",\"image\":{\"@type\":\"ImageObject\",\"@id\":\"https:\\\/\\\/blog.rwth-aachen.de\\\/itc\\\/en\\\/2019\\\/06\\\/18\\\/kick-off-meeting-hpc-nrw-im-it-center-der-rwth-aachen\\\/#authorImage\",\"url\":\"https:\\\/\\\/secure.gravatar.com\\\/avatar\\\/81792330c0dc846cc349c48b76b9d81506aee430174a58d2e4bfac4514336eb4?s=96&d=blank&r=g\",\"width\":96,\"height\":96,\"caption\":\"Filla, Nicole Barbara\"}},{\"@type\":\"WebPage\",\"@id\":\"https:\\\/\\\/blog.rwth-aachen.de\\\/itc\\\/en\\\/2019\\\/06\\\/18\\\/kick-off-meeting-hpc-nrw-im-it-center-der-rwth-aachen\\\/#webpage\",\"url\":\"https:\\\/\\\/blog.rwth-aachen.de\\\/itc\\\/en\\\/2019\\\/06\\\/18\\\/kick-off-meeting-hpc-nrw-im-it-center-der-rwth-aachen\\\/\",\"name\":\"Kick-off Meeting hpc.nrw im IT Center der RWTH Aachen \\u2022 IT Center Blog\",\"description\":\"Am vergangenen Donnerstag, 13.06.2019, war es soweit: Das Kick-Off Meeting zu hpc.nrw fand im IT Center der RWTH Aachen University statt. Das in Aachen stattfindende Auftakttreffen des Konsortiums zielte neben dem Kennenlernen der Konsortialpartner vor allem auf erste koordinatorische und organisatorische Schritte ab. Nach der Begr\\u00fc\\u00dfung durch Professor Matthias M\\u00fcller, Leiter des IT Centers,\",\"inLanguage\":\"en-US\",\"isPartOf\":{\"@id\":\"https:\\\/\\\/blog.rwth-aachen.de\\\/itc\\\/en\\\/#website\"},\"breadcrumb\":{\"@id\":\"https:\\\/\\\/blog.rwth-aachen.de\\\/itc\\\/en\\\/2019\\\/06\\\/18\\\/kick-off-meeting-hpc-nrw-im-it-center-der-rwth-aachen\\\/#breadcrumblist\"},\"author\":{\"@id\":\"https:\\\/\\\/blog.rwth-aachen.de\\\/itc\\\/en\\\/author\\\/1413\\\/#author\"},\"creator\":{\"@id\":\"https:\\\/\\\/blog.rwth-aachen.de\\\/itc\\\/en\\\/author\\\/1413\\\/#author\"},\"datePublished\":\"2019-06-18T15:00:31+02:00\",\"dateModified\":\"2023-08-18T10:43:47+02:00\"},{\"@type\":\"WebSite\",\"@id\":\"https:\\\/\\\/blog.rwth-aachen.de\\\/itc\\\/en\\\/#website\",\"url\":\"https:\\\/\\\/blog.rwth-aachen.de\\\/itc\\\/en\\\/\",\"name\":\"IT Center Blog\",\"inLanguage\":\"en-US\",\"publisher\":{\"@id\":\"https:\\\/\\\/blog.rwth-aachen.de\\\/itc\\\/en\\\/#organization\"}}]}\n\t\t<\/script>\n\t\t<!-- All in One SEO -->\n\n","aioseo_head_json":{"title":"Kick-off Meeting hpc.nrw im IT Center der RWTH Aachen \u2022 IT Center Blog","description":"Am vergangenen Donnerstag, 13.06.2019, war es soweit: Das Kick-Off Meeting zu hpc.nrw fand im IT Center der RWTH Aachen University statt. Das in Aachen stattfindende Auftakttreffen des Konsortiums zielte neben dem Kennenlernen der Konsortialpartner vor allem auf erste koordinatorische und organisatorische Schritte ab. Nach der Begr\u00fc\u00dfung durch Professor Matthias M\u00fcller, Leiter des IT Centers,","canonical_url":"https:\/\/blog.rwth-aachen.de\/itc\/en\/2019\/06\/18\/kick-off-meeting-hpc-nrw-im-it-center-der-rwth-aachen\/","robots":"max-image-preview:large","keywords":"events, anniversarys &amp; success,hpcnews,projects &amp; cooperations","webmasterTools":{"miscellaneous":""},"schema":{"@context":"https:\/\/schema.org","@graph":[{"@type":"BlogPosting","@id":"https:\/\/blog.rwth-aachen.de\/itc\/en\/2019\/06\/18\/kick-off-meeting-hpc-nrw-im-it-center-der-rwth-aachen\/#blogposting","name":"Kick-off Meeting hpc.nrw im IT Center der RWTH Aachen \u2022 IT Center Blog","headline":"Kick-off Meeting hpc.nrw im IT Center der RWTH Aachen","author":{"@id":"https:\/\/blog.rwth-aachen.de\/itc\/en\/author\/1413\/#author"},"publisher":{"@id":"https:\/\/blog.rwth-aachen.de\/itc\/en\/#organization"},"image":{"@type":"ImageObject","url":"https:\/\/blog.rwth-aachen.de\/itc\/files\/2019\/06\/hpc.nrw_kickOff_meeting_IT_Center_RWTH_Aachen.jpeg","@id":"https:\/\/blog.rwth-aachen.de\/itc\/en\/2019\/06\/18\/kick-off-meeting-hpc-nrw-im-it-center-der-rwth-aachen\/#articleImage","width":1280,"height":853},"datePublished":"2019-06-18T15:00:31+02:00","dateModified":"2023-08-18T10:43:47+02:00","inLanguage":"en-US","mainEntityOfPage":{"@id":"https:\/\/blog.rwth-aachen.de\/itc\/en\/2019\/06\/18\/kick-off-meeting-hpc-nrw-im-it-center-der-rwth-aachen\/#webpage"},"isPartOf":{"@id":"https:\/\/blog.rwth-aachen.de\/itc\/en\/2019\/06\/18\/kick-off-meeting-hpc-nrw-im-it-center-der-rwth-aachen\/#webpage"},"articleSection":"Events, Anniversarys &amp; Success, HPCnews, Projects &amp; Cooperations"},{"@type":"BreadcrumbList","@id":"https:\/\/blog.rwth-aachen.de\/itc\/en\/2019\/06\/18\/kick-off-meeting-hpc-nrw-im-it-center-der-rwth-aachen\/#breadcrumblist","itemListElement":[{"@type":"ListItem","@id":"https:\/\/blog.rwth-aachen.de\/itc\/en#listItem","position":1,"name":"Home","item":"https:\/\/blog.rwth-aachen.de\/itc\/en","nextItem":{"@type":"ListItem","@id":"https:\/\/blog.rwth-aachen.de\/itc\/en\/category\/themen\/#listItem","name":"Topic"}},{"@type":"ListItem","@id":"https:\/\/blog.rwth-aachen.de\/itc\/en\/category\/themen\/#listItem","position":2,"name":"Topic","item":"https:\/\/blog.rwth-aachen.de\/itc\/en\/category\/themen\/","nextItem":{"@type":"ListItem","@id":"https:\/\/blog.rwth-aachen.de\/itc\/en\/category\/themen\/events-jubilaen-erfolge\/#listItem","name":"Events, Anniversarys &amp; Success"},"previousItem":{"@type":"ListItem","@id":"https:\/\/blog.rwth-aachen.de\/itc\/en#listItem","name":"Home"}},{"@type":"ListItem","@id":"https:\/\/blog.rwth-aachen.de\/itc\/en\/category\/themen\/events-jubilaen-erfolge\/#listItem","position":3,"name":"Events, Anniversarys &amp; Success","item":"https:\/\/blog.rwth-aachen.de\/itc\/en\/category\/themen\/events-jubilaen-erfolge\/","nextItem":{"@type":"ListItem","@id":"https:\/\/blog.rwth-aachen.de\/itc\/en\/2019\/06\/18\/kick-off-meeting-hpc-nrw-im-it-center-der-rwth-aachen\/#listItem","name":"Kick-off Meeting hpc.nrw im IT Center der RWTH Aachen"},"previousItem":{"@type":"ListItem","@id":"https:\/\/blog.rwth-aachen.de\/itc\/en\/category\/themen\/#listItem","name":"Topic"}},{"@type":"ListItem","@id":"https:\/\/blog.rwth-aachen.de\/itc\/en\/2019\/06\/18\/kick-off-meeting-hpc-nrw-im-it-center-der-rwth-aachen\/#listItem","position":4,"name":"Kick-off Meeting hpc.nrw im IT Center der RWTH Aachen","previousItem":{"@type":"ListItem","@id":"https:\/\/blog.rwth-aachen.de\/itc\/en\/category\/themen\/events-jubilaen-erfolge\/#listItem","name":"Events, Anniversarys &amp; Success"}}]},{"@type":"Organization","@id":"https:\/\/blog.rwth-aachen.de\/itc\/en\/#organization","name":"IT Center RWTH Aachen University","url":"https:\/\/blog.rwth-aachen.de\/itc\/en\/","logo":{"@type":"ImageObject","url":"https:\/\/blog.rwth-aachen.de\/itc\/files\/2018\/09\/IT-Center-Logo.png","@id":"https:\/\/blog.rwth-aachen.de\/itc\/en\/2019\/06\/18\/kick-off-meeting-hpc-nrw-im-it-center-der-rwth-aachen\/#organizationLogo","width":1312,"height":378,"caption":"IT Center Logo"},"image":{"@id":"https:\/\/blog.rwth-aachen.de\/itc\/en\/2019\/06\/18\/kick-off-meeting-hpc-nrw-im-it-center-der-rwth-aachen\/#organizationLogo"},"sameAs":["https:\/\/www.facebook.com\/itcenterrwth","https:\/\/twitter.com\/ITCenterRWTH","https:\/\/www.youtube.com\/c\/itcenterrwthaachen","https:\/\/www.linkedin.com\/company\/itcenterrwth"]},{"@type":"Person","@id":"https:\/\/blog.rwth-aachen.de\/itc\/en\/author\/1413\/#author","url":"https:\/\/blog.rwth-aachen.de\/itc\/en\/author\/1413\/","name":"Filla, Nicole Barbara","image":{"@type":"ImageObject","@id":"https:\/\/blog.rwth-aachen.de\/itc\/en\/2019\/06\/18\/kick-off-meeting-hpc-nrw-im-it-center-der-rwth-aachen\/#authorImage","url":"https:\/\/secure.gravatar.com\/avatar\/81792330c0dc846cc349c48b76b9d81506aee430174a58d2e4bfac4514336eb4?s=96&d=blank&r=g","width":96,"height":96,"caption":"Filla, Nicole Barbara"}},{"@type":"WebPage","@id":"https:\/\/blog.rwth-aachen.de\/itc\/en\/2019\/06\/18\/kick-off-meeting-hpc-nrw-im-it-center-der-rwth-aachen\/#webpage","url":"https:\/\/blog.rwth-aachen.de\/itc\/en\/2019\/06\/18\/kick-off-meeting-hpc-nrw-im-it-center-der-rwth-aachen\/","name":"Kick-off Meeting hpc.nrw im IT Center der RWTH Aachen \u2022 IT Center Blog","description":"Am vergangenen Donnerstag, 13.06.2019, war es soweit: Das Kick-Off Meeting zu hpc.nrw fand im IT Center der RWTH Aachen University statt. Das in Aachen stattfindende Auftakttreffen des Konsortiums zielte neben dem Kennenlernen der Konsortialpartner vor allem auf erste koordinatorische und organisatorische Schritte ab. Nach der Begr\u00fc\u00dfung durch Professor Matthias M\u00fcller, Leiter des IT Centers,","inLanguage":"en-US","isPartOf":{"@id":"https:\/\/blog.rwth-aachen.de\/itc\/en\/#website"},"breadcrumb":{"@id":"https:\/\/blog.rwth-aachen.de\/itc\/en\/2019\/06\/18\/kick-off-meeting-hpc-nrw-im-it-center-der-rwth-aachen\/#breadcrumblist"},"author":{"@id":"https:\/\/blog.rwth-aachen.de\/itc\/en\/author\/1413\/#author"},"creator":{"@id":"https:\/\/blog.rwth-aachen.de\/itc\/en\/author\/1413\/#author"},"datePublished":"2019-06-18T15:00:31+02:00","dateModified":"2023-08-18T10:43:47+02:00"},{"@type":"WebSite","@id":"https:\/\/blog.rwth-aachen.de\/itc\/en\/#website","url":"https:\/\/blog.rwth-aachen.de\/itc\/en\/","name":"IT Center Blog","inLanguage":"en-US","publisher":{"@id":"https:\/\/blog.rwth-aachen.de\/itc\/en\/#organization"}}]},"og:locale":"en_US","og:site_name":"IT Center Blog \u2022","og:type":"article","og:title":"Kick-off Meeting hpc.nrw im IT Center der RWTH Aachen \u2022 IT Center Blog","og:description":"Am vergangenen Donnerstag, 13.06.2019, war es soweit: Das Kick-Off Meeting zu hpc.nrw fand im IT Center der RWTH Aachen University statt. Das in Aachen stattfindende Auftakttreffen des Konsortiums zielte neben dem Kennenlernen der Konsortialpartner vor allem auf erste koordinatorische und organisatorische Schritte ab. Nach der Begr\u00fc\u00dfung durch Professor Matthias M\u00fcller, Leiter des IT Centers,","og:url":"https:\/\/blog.rwth-aachen.de\/itc\/en\/2019\/06\/18\/kick-off-meeting-hpc-nrw-im-it-center-der-rwth-aachen\/","article:published_time":"2019-06-18T13:00:31+00:00","article:modified_time":"2023-08-18T08:43:47+00:00","article:publisher":"https:\/\/www.facebook.com\/itcenterrwth","twitter:card":"summary","twitter:site":"@ITCenterRWTH","twitter:title":"Kick-off Meeting hpc.nrw im IT Center der RWTH Aachen \u2022 IT Center Blog","twitter:description":"Am vergangenen Donnerstag, 13.06.2019, war es soweit: Das Kick-Off Meeting zu hpc.nrw fand im IT Center der RWTH Aachen University statt. Das in Aachen stattfindende Auftakttreffen des Konsortiums zielte neben dem Kennenlernen der Konsortialpartner vor allem auf erste koordinatorische und organisatorische Schritte ab. Nach der Begr\u00fc\u00dfung durch Professor Matthias M\u00fcller, Leiter des IT Centers,","twitter:creator":"@ITCenterRWTH"},"aioseo_meta_data":{"post_id":"5901","title":null,"description":null,"keywords":[],"keyphrases":{"focus":{"keyphrase":"","score":0,"analysis":{"keyphraseInTitle":{"score":0,"maxScore":9,"error":1}}},"additional":[]},"primary_term":null,"canonical_url":null,"og_title":null,"og_description":null,"og_object_type":"default","og_image_type":"default","og_image_url":null,"og_image_width":null,"og_image_height":null,"og_image_custom_url":null,"og_image_custom_fields":null,"og_video":"","og_custom_url":null,"og_article_section":null,"og_article_tags":[],"twitter_use_og":false,"twitter_card":"default","twitter_image_type":"default","twitter_image_url":null,"twitter_image_custom_url":null,"twitter_image_custom_fields":null,"twitter_title":null,"twitter_description":null,"schema":{"blockGraphs":[],"customGraphs":[],"default":{"data":{"Article":[],"Course":[],"Dataset":[],"FAQPage":[],"Movie":[],"Person":[],"Product":[],"ProductReview":[],"Car":[],"Recipe":[],"Service":[],"SoftwareApplication":[],"WebPage":[]},"graphName":"BlogPosting","isEnabled":true},"graphs":[]},"schema_type":"default","schema_type_options":null,"pillar_content":false,"robots_default":true,"robots_noindex":false,"robots_noarchive":false,"robots_nosnippet":false,"robots_nofollow":false,"robots_noimageindex":false,"robots_noodp":false,"robots_notranslate":false,"robots_max_snippet":"-1","robots_max_videopreview":"-1","robots_max_imagepreview":"large","priority":null,"frequency":"default","local_seo":null,"breadcrumb_settings":null,"limit_modified_date":false,"ai":null,"created":"2022-01-24 14:32:17","updated":"2025-07-08 13:21:30","seo_analyzer_scan_date":null},"aioseo_breadcrumb":"<div class=\"aioseo-breadcrumbs\"><span class=\"aioseo-breadcrumb\">\n\t\t\t<a href=\"https:\/\/blog.rwth-aachen.de\/itc\/en\" title=\"Home\">Home<\/a>\n\t\t<\/span><span class=\"aioseo-breadcrumb-separator\">\u00bb<\/span><span class=\"aioseo-breadcrumb\">\n\t\t\t<a href=\"https:\/\/blog.rwth-aachen.de\/itc\/en\/category\/themen\/\" title=\"Topic\">Topic<\/a>\n\t\t<\/span><span class=\"aioseo-breadcrumb-separator\">\u00bb<\/span><span class=\"aioseo-breadcrumb\">\n\t\t\t<a href=\"https:\/\/blog.rwth-aachen.de\/itc\/en\/category\/themen\/events-jubilaen-erfolge\/\" title=\"Events, Anniversarys &amp; Success\">Events, Anniversarys &amp; Success<\/a>\n\t\t<\/span><span class=\"aioseo-breadcrumb-separator\">\u00bb<\/span><span class=\"aioseo-breadcrumb\">\n\t\t\tKick-off Meeting hpc.nrw im IT Center der RWTH Aachen\n\t\t<\/span><\/div>","aioseo_breadcrumb_json":[{"label":"Home","link":"https:\/\/blog.rwth-aachen.de\/itc\/en"},{"label":"Topic","link":"https:\/\/blog.rwth-aachen.de\/itc\/en\/category\/themen\/"},{"label":"Events, Anniversarys &amp; Success","link":"https:\/\/blog.rwth-aachen.de\/itc\/en\/category\/themen\/events-jubilaen-erfolge\/"},{"label":"Kick-off Meeting hpc.nrw im IT Center der RWTH Aachen","link":"https:\/\/blog.rwth-aachen.de\/itc\/en\/2019\/06\/18\/kick-off-meeting-hpc-nrw-im-it-center-der-rwth-aachen\/"}],"_links":{"self":[{"href":"https:\/\/blog.rwth-aachen.de\/itc\/en\/wp-json\/wp\/v2\/posts\/5901","targetHints":{"allow":["GET"]}}],"collection":[{"href":"https:\/\/blog.rwth-aachen.de\/itc\/en\/wp-json\/wp\/v2\/posts"}],"about":[{"href":"https:\/\/blog.rwth-aachen.de\/itc\/en\/wp-json\/wp\/v2\/types\/post"}],"author":[{"embeddable":true,"href":"https:\/\/blog.rwth-aachen.de\/itc\/en\/wp-json\/wp\/v2\/users\/1413"}],"replies":[{"embeddable":true,"href":"https:\/\/blog.rwth-aachen.de\/itc\/en\/wp-json\/wp\/v2\/comments?post=5901"}],"version-history":[{"count":11,"href":"https:\/\/blog.rwth-aachen.de\/itc\/en\/wp-json\/wp\/v2\/posts\/5901\/revisions"}],"predecessor-version":[{"id":16814,"href":"https:\/\/blog.rwth-aachen.de\/itc\/en\/wp-json\/wp\/v2\/posts\/5901\/revisions\/16814"}],"wp:attachment":[{"href":"https:\/\/blog.rwth-aachen.de\/itc\/en\/wp-json\/wp\/v2\/media?parent=5901"}],"wp:term":[{"taxonomy":"category","embeddable":true,"href":"https:\/\/blog.rwth-aachen.de\/itc\/en\/wp-json\/wp\/v2\/categories?post=5901"},{"taxonomy":"post_tag","embeddable":true,"href":"https:\/\/blog.rwth-aachen.de\/itc\/en\/wp-json\/wp\/v2\/tags?post=5901"}],"curies":[{"name":"wp","href":"https:\/\/api.w.org\/{rel}","templated":true}]}}