{"id":6231,"date":"2019-08-05T13:00:26","date_gmt":"2019-08-05T11:00:26","guid":{"rendered":"https:\/\/blog.rwth-aachen.de\/itc\/?p=6231"},"modified":"2025-02-24T11:25:32","modified_gmt":"2025-02-24T10:25:32","slug":"get-closer-das-it-center-renate-didolff","status":"publish","type":"post","link":"https:\/\/blog.rwth-aachen.de\/itc\/en\/2019\/08\/05\/get-closer-das-it-center-renate-didolff\/","title":{"rendered":"Get Closer: Das IT Center -Renate Didolff"},"content":{"rendered":"<div class=\"twoclick_social_bookmarks_post_6231 social_share_privacy clearfix 1.6.4 locale-en_US sprite-en_US\"><\/div><div class=\"twoclick-js\"><script type=\"text\/javascript\">\/* <![CDATA[ *\/\njQuery(document).ready(function($){if($('.twoclick_social_bookmarks_post_6231')){$('.twoclick_social_bookmarks_post_6231').socialSharePrivacy({\"txt_help\":\"Wenn Sie diese Felder durch einen Klick aktivieren, werden Informationen an Facebook, Twitter, Flattr, Xing, t3n, LinkedIn, Pinterest oder Google eventuell ins Ausland \\u00fcbertragen und unter Umst\\u00e4nden auch dort gespeichert. N\\u00e4heres erfahren Sie durch einen Klick auf das <em>i<\\\/em>.\",\"settings_perma\":\"Dauerhaft aktivieren und Daten\\u00fcber-tragung zustimmen:\",\"info_link\":\"http:\\\/\\\/www.heise.de\\\/ct\\\/artikel\\\/2-Klicks-fuer-mehr-Datenschutz-1333879.html\",\"uri\":\"https:\\\/\\\/blog.rwth-aachen.de\\\/itc\\\/en\\\/2019\\\/08\\\/05\\\/get-closer-das-it-center-renate-didolff\\\/\",\"post_id\":6231,\"post_title_referrer_track\":\"Get+Closer%3A+Das+IT+Center+-Renate+Didolff\",\"display_infobox\":\"on\"});}});\n\/* ]]> *\/<\/script><\/div>\r\n<p>Zum Start der zweiten Reihe von &#8220;Get Closer: Das IT Center&#8221; m\u00f6chten wir Ihnen heute Renate Didolff vorstellen. Als Teil der Abteilung Administration und Organisation arbeitet sie am Standort Seffenter Weg 23. Freuen Sie sich auf interessante Beitr\u00e4ge in den kommenden Wochen, wenn es wieder hei\u00dft &#8220;Get Closer &#8211; Wir stellen vielf\u00e4ltige Aufgabenbereiche und spannende Pers\u00f6nlichkeiten vor!<\/p>\r\n\r\n<p>&nbsp;<\/p>\r\n\r\n<blockquote class=\"wp-block-quote is-layout-flow wp-block-quote-is-layout-flow\">\r\n<p>Ich besch\u00e4ftige mich nicht mit dem, was getan worden ist. Mich interessiert, was getan werden muss.<\/p>\r\n<cite>Marie Curie<\/cite><\/blockquote>\r\n\r\n<p>&nbsp;<\/p>\r\n\r\n<div class=\"wp-block-image\">\r\n<figure class=\"aligncenter\">\r\n<div id=\"attachment_6244\" style=\"width: 490px\" class=\"wp-caption alignnone\"><img loading=\"lazy\" decoding=\"async\" aria-describedby=\"caption-attachment-6244\" class=\"wp-image-6244\" src=\"https:\/\/blog.rwth-aachen.de\/itc\/files\/2019\/08\/Renate_GetCloser.jpg\" alt=\"Renate Didolff in ihrem B\u00fcro im IT Center der RWTH Aachen. Am Standort Seffenter Weg 23 f\u00fchlt sie sich wohl und arbeitet gerne hier.\" width=\"480\" height=\"640\" srcset=\"https:\/\/blog.rwth-aachen.de\/itc\/files\/2019\/08\/Renate_GetCloser.jpg 480w, https:\/\/blog.rwth-aachen.de\/itc\/files\/2019\/08\/Renate_GetCloser-225x300.jpg 225w\" sizes=\"auto, (max-width: 480px) 100vw, 480px\" \/><p id=\"caption-attachment-6244\" class=\"wp-caption-text\">Renate Didolff in ihrem B\u00fcro im IT Center der RWTH Aachen. Am Standort Seffenter Weg 23 f\u00fchlt sie sich wohl und arbeitet gerne hier. <br \/>Quelle: Eigene Darstellung<\/p><\/div>\r\n<\/figure>\r\n<\/div>\r\n\r\n<p>&nbsp;<\/p>\r\n\r\n<h4 class=\"wp-block-heading\">Vor dem Rechenzentrum<\/h4>\r\n\r\n<p>&nbsp;<\/p>\r\n\r\n<p>Renate Didolff begann ihren beruflichen Werdegang mit einer Ausbildung zur Justizfachangestellten. Nach der Ausbildung \u00fcbernahm sie zivil- und strafrechtliche Aufgaben bei der Justiz. \u201eAls junger Mensch konnte man sich kaum entfalten, Aufgaben wurden immer nach einem Schema abgearbeitet.\u201c Da sie aber gerne Neues kennenlernen und sich weiterentwickeln wollte, stand fest, dass sie neue Wege gehen m\u00f6chte. \u00a0Somit machte sie sich im Jahre 1991 auf den Weg zum Arbeitsamt. Dort wurde sie auf eine Stelle an der RWTH Aachen, am Institut f\u00fcr Bauforschung (<a href=\"https:\/\/www.ibac-cp.rwth-aachen.de\/de\/landingpage\/\">ibac<\/a>) aufmerksam, wo sie von 1992 bis 2003 als Assistentin der Gesch\u00e4ftsleitung arbeitete. Im Jahr 2003 war es aufgrund von massiven Umstrukturierungsma\u00dfnahmen des Institutes notwendig, sich innerhalb der Hochschule nach einem neuen Wirkungskreis umzuschauen. Frau Didolff verabschiedete sich schweren Herzens vom ibac.<\/p>\r\n\r\n<p>&nbsp;<\/p>\r\n\r\n<p><!--more--><\/p>\r\n\r\n<p>&nbsp;<\/p>\r\n\r\n<h4 class=\"wp-block-heading\">Ihr Weg zum Rechenzentrum (RZ) \/ IT Center<\/h4>\r\n\r\n<p>&nbsp;<\/p>\r\n\r\n<p>Gl\u00fccklicherweise wurde zu diesem Zeitpunkt eine Stelle im Gesch\u00e4ftszimmer von Professor Bischof am damaligen <a href=\"http:\/\/www.itc.rwth-aachen.de\/cms\/IT-Center\/~ervt\/IT-Center\/\">Rechenzentrum<\/a> frei und fortan arbeitete sie dort f\u00fcr ein Jahr. \u00a0Da diese Stelle nur befristet war, konnte sie anschlie\u00dfend wieder zum ibac zur\u00fcckkehren. Wie es der Zufall will erhielt sie kurze Zeit sp\u00e4ter einen Anruf von Professor Bischof, der ihr eine Stelle am Rechenzentrum anbot. Frau Didolff \u00fcberlegte nicht lange und wurde kurzerhand im September 2004 wieder am Rechenzentrum eingestellt, genauer gesagt in der <a href=\"http:\/\/www.rwth-aachen.de\/cms\/root\/Die-RWTH\/Arbeiten-an-der-RWTH\/Berufsausbildung\/Ausbildungsberufe\/~vsa\/Math-techn-Softwareentwickler\/\">MATSE<\/a> Ausbildungsgruppe.<\/p>\r\n\r\n<p>&nbsp;<\/p>\r\n\r\n<h4 class=\"wp-block-heading\">Aufgaben, Anregungen und berufliche Erf\u00fcllung<\/h4>\r\n\r\n<p>&nbsp;<\/p>\r\n\r\n<p>Frau Didolff erlebte die Phase der Umstrukturierung des Ausbildungsberufes vom MaTa zum MATSE live mit. Sie organsiert bis heute Aufgaben f\u00fcr die MATSEs, schwerpunktm\u00e4\u00dfig dabei die Semesterplanung. Von Anfang an war sie Betreuerin f\u00fcr die Auszubildenden Kaufleute am IT Center. Den Ausbilderschein erlangte sie 2009, seitdem bildet sie selber Kaufleute f\u00fcr B\u00fcromanagement aus. Das IT Center bildet verschiedene <a href=\"http:\/\/www.itc.rwth-aachen.de\/cms\/IT-Center\/Lehre-Ausbildung\/~etzn\/Das-IT-Center-als-Ausbildungsbetrieb\/\">Ausbildungsberufe<\/a> aus.<\/p>\r\n\r\n<p>&nbsp;<\/p>\r\n\r\n<p>Frau Didolff ist f\u00fcr das Ausbildungsmanagement des IT Centers zust\u00e4ndig.\u00a0\u00a0Somit agiert sie als Ansprechpartnerin f\u00fcr Ausbilder und Auszubildende, was ihr sehr gro\u00dfe Freude bereitet. Sie arbeitet aber auch in anderen hausweiten Projekten, beispielsweise in dem Projekt der Software sabio und im Projekt Qualit\u00e4tsmanagement f\u00fcr das IT Center. K\u00fcrzlich hat sie die Ausbildung und Pr\u00fcfung zum Auditor (T\u00dcV) ablegt. F\u00fcr das Projekt sabio gibt es bei der Abteilung A&amp;O (Administration &amp; Organisation) ein Doku-Team, hier ist sie als Leiterin verantwortlich. Durch die vielen Projekte kann sie oft mit Kolleginnen und Kollegen aus anderen Abteilungen zusammenarbeiten, was f\u00fcr sie ein sehr sch\u00f6ner Nebeneffekt zu ihrem sowieso schon sehr gesch\u00e4tzten Aufgabenbereich, dem Qualit\u00e4tsmanagement ist.<\/p>\r\n\r\n<p>&nbsp;<\/p>\r\n\r\n<p>Die M\u00f6glichkeit, immer neue Projekte und Aufgaben zu \u00fcbernehmen ist f\u00fcr sie sehr bedeutend. Dies w\u00fcrde sie gerne im Rahmen des Ausbildungsmanagements auch f\u00fcr die Auszubildenden noch weiter f\u00f6rdern, vor allem aber abteilungs\u00fcbergreifende Projekte. Au\u00dferhalb des IT Centers ist Frau Didolff noch stimmberechtigtes Mitglied der zentralen Gruppenvertretung der BTV der RWTH Aachen und wirkt in dieser Rolle bei der Gleichstellungskommission mit.<\/p>\r\n\r\n<p>&nbsp;<\/p>\r\n\r\n<h4 class=\"wp-block-heading\">St\u00e4rken und Schw\u00e4chen<\/h4>\r\n\r\n<p>&nbsp;<\/p>\r\n\r\n<p>Zu ihren St\u00e4rken z\u00e4hlen ihre Hilfsbereitschaft sowie ihr ausgereifter Sinn f\u00fcr Gerechtigkeit und Gleichberechtigung. Gerne w\u00fcrde Renate Didolff papierlos arbeiten, was ihr aber noch nicht ganz gelingt, da sie nach eigenen Aussagen \u201eimmer etwas in den H\u00e4nden haben muss.\u201cStrukturiertes Arbeiten nach einem roten Faden ist ihr sehr wichtig und erledigt daher Aufgaben erledigt mit gro\u00dfer Sorgfalt \u2013 auf ihrem Schreibtisch kann es daf\u00fcr manchmal etwas chaotischer aussehen .<\/p>\r\n\r\n<p>&nbsp;<\/p>\r\n\r\n<p>Wir danken Frau Didolff f\u00fcr das tolle Gespr\u00e4ch.<\/p>\r\n\r\n<p>&nbsp;<\/p>\r\n\r\n<p>Verantwortlich f\u00fcr die Inhalte dieses Beitrags ist: Sarah Hamacher<\/p>\r\n\r\n<p>&nbsp;<\/p>","protected":false},"excerpt":{"rendered":"<p>Sorry, this entry is only available in Deutsch.<\/p>\n","protected":false},"author":1413,"featured_media":0,"comment_status":"open","ping_status":"closed","sticky":false,"template":"","format":"standard","meta":{"c2c_always_allow_admin_comments":false,"footnotes":""},"categories":[312,313],"tags":[661],"class_list":["post-6231","post","type-post","status-publish","format-standard","hentry","category-insight-it-center","category-interviews-umfragen","tag-it-center-als-arbeitsplatz"],"aioseo_notices":[],"_links":{"self":[{"href":"https:\/\/blog.rwth-aachen.de\/itc\/en\/wp-json\/wp\/v2\/posts\/6231","targetHints":{"allow":["GET"]}}],"collection":[{"href":"https:\/\/blog.rwth-aachen.de\/itc\/en\/wp-json\/wp\/v2\/posts"}],"about":[{"href":"https:\/\/blog.rwth-aachen.de\/itc\/en\/wp-json\/wp\/v2\/types\/post"}],"author":[{"embeddable":true,"href":"https:\/\/blog.rwth-aachen.de\/itc\/en\/wp-json\/wp\/v2\/users\/1413"}],"replies":[{"embeddable":true,"href":"https:\/\/blog.rwth-aachen.de\/itc\/en\/wp-json\/wp\/v2\/comments?post=6231"}],"version-history":[{"count":10,"href":"https:\/\/blog.rwth-aachen.de\/itc\/en\/wp-json\/wp\/v2\/posts\/6231\/revisions"}],"predecessor-version":[{"id":21547,"href":"https:\/\/blog.rwth-aachen.de\/itc\/en\/wp-json\/wp\/v2\/posts\/6231\/revisions\/21547"}],"wp:attachment":[{"href":"https:\/\/blog.rwth-aachen.de\/itc\/en\/wp-json\/wp\/v2\/media?parent=6231"}],"wp:term":[{"taxonomy":"category","embeddable":true,"href":"https:\/\/blog.rwth-aachen.de\/itc\/en\/wp-json\/wp\/v2\/categories?post=6231"},{"taxonomy":"post_tag","embeddable":true,"href":"https:\/\/blog.rwth-aachen.de\/itc\/en\/wp-json\/wp\/v2\/tags?post=6231"}],"curies":[{"name":"wp","href":"https:\/\/api.w.org\/{rel}","templated":true}]}}