{"id":6297,"date":"2019-08-19T14:00:38","date_gmt":"2019-08-19T12:00:38","guid":{"rendered":"https:\/\/blog.rwth-aachen.de\/itc\/?p=6297"},"modified":"2025-02-24T11:29:41","modified_gmt":"2025-02-24T10:29:41","slug":"get-closer-aliki-charalabidou","status":"publish","type":"post","link":"https:\/\/blog.rwth-aachen.de\/itc\/en\/2019\/08\/19\/get-closer-aliki-charalabidou\/","title":{"rendered":"Get Closer &#8211; Das IT Center: Aliki Charalabidou"},"content":{"rendered":"<div class=\"twoclick_social_bookmarks_post_6297 social_share_privacy clearfix 1.6.4 locale-en_US sprite-en_US\"><\/div><div class=\"twoclick-js\"><script type=\"text\/javascript\">\/* <![CDATA[ *\/\njQuery(document).ready(function($){if($('.twoclick_social_bookmarks_post_6297')){$('.twoclick_social_bookmarks_post_6297').socialSharePrivacy({\"txt_help\":\"Wenn Sie diese Felder durch einen Klick aktivieren, werden Informationen an Facebook, Twitter, Flattr, Xing, t3n, LinkedIn, Pinterest oder Google eventuell ins Ausland \\u00fcbertragen und unter Umst\\u00e4nden auch dort gespeichert. N\\u00e4heres erfahren Sie durch einen Klick auf das <em>i<\\\/em>.\",\"settings_perma\":\"Dauerhaft aktivieren und Daten\\u00fcber-tragung zustimmen:\",\"info_link\":\"http:\\\/\\\/www.heise.de\\\/ct\\\/artikel\\\/2-Klicks-fuer-mehr-Datenschutz-1333879.html\",\"uri\":\"https:\\\/\\\/blog.rwth-aachen.de\\\/itc\\\/en\\\/2019\\\/08\\\/19\\\/get-closer-aliki-charalabidou\\\/\",\"post_id\":6297,\"post_title_referrer_track\":\"Get+Closer+%26%238211%3B+Das+IT+Center%3A+Aliki+Charalabidou\",\"display_infobox\":\"on\"});}});\n\/* ]]> *\/<\/script><\/div>\r\n<p>In diesem Beitrag stellen wir Ihnen heute Frau <a href=\"http:\/\/www.itc.rwth-aachen.de\/cms\/IT-Center\/IT-Center\/Team\/~epvp\/Mitarbeiter-CAMPUS-\/?gguid=0xB13EE8D42FCDEB4DB9C2AECFC29D07B3&amp;allou=1\">Aliki Charalabidou<\/a> und ihre T\u00e4tigkeiten am <a href=\"http:\/\/www.itc.rwth-aachen.de\/cms\/~epto\/IT-Center\/\">IT Center<\/a> vor.<\/p>\r\n\r\n<p>&nbsp;<\/p>\r\n\r\n<p>Frau Charalabidou ist Mitarbeiterin in der Abteilung Administration &amp; Organisation. Diese ist zust\u00e4ndig f\u00fcr die administrativen Prozesse des Hauses &#8211; von Finanzen \u00fcber Verwaltung bis zum Personalmanagement am IT Center.<\/p>\r\n\r\n<p>&nbsp;<\/p>\r\n\r\n<div class=\"wp-block-image\">\r\n<figure class=\"aligncenter is-resized\">\r\n<div id=\"attachment_6298\" style=\"width: 408px\" class=\"wp-caption alignnone\"><img loading=\"lazy\" decoding=\"async\" aria-describedby=\"caption-attachment-6298\" class=\"wp-image-6298\" src=\"https:\/\/blog.rwth-aachen.de\/itc\/files\/2019\/08\/Aliki-Charalabidou.png\" alt=\"Aliki Charalabidou an ihrem Arbeitsplatz im IT Center der RWTH Aachen.\" width=\"398\" height=\"530\" srcset=\"https:\/\/blog.rwth-aachen.de\/itc\/files\/2019\/08\/Aliki-Charalabidou.png 531w, https:\/\/blog.rwth-aachen.de\/itc\/files\/2019\/08\/Aliki-Charalabidou-225x300.png 225w\" sizes=\"auto, (max-width: 398px) 100vw, 398px\" \/><p id=\"caption-attachment-6298\" class=\"wp-caption-text\">Aliki Charalabidou an ihrem Arbeitsplatz im IT Center der RWTH Aachen. <br \/>Quelle: Eigene Darstellung<\/p><\/div>\r\n<\/figure>\r\n<\/div>\r\n\r\n<p>&nbsp;<\/p>\r\n\r\n<h2 class=\"wp-block-heading\">\u00a0<\/h2>\r\n\r\n<p>&nbsp;<\/p>\r\n\r\n<p><!--more--><\/p>\r\n\r\n<p>&nbsp;<\/p>\r\n\r\n<h3 class=\"wp-block-heading\">Vor dem IT Center<\/h3>\r\n\r\n<p>&nbsp;<\/p>\r\n\r\n<p>Vor ihrer Arbeit in der Abteilung \u201eA&amp;O\u201c hat Frau Charalabidou eine Ausbildung abgeschlossen und 22 Jahre in einem Reiseb\u00fcro gearbeitet. Seit Oktober 2018 ist sie im Sekretariat der Hausleitung f\u00fcr Herrn Prof. M\u00fcller und Herrn B\u00fcndgens in zahlreiche Aufgabenbereiche involviert. So administriert und koordiniert sie die Termine der Hausleitung, f\u00fchrt wichtige Terminabsprachen durch, plant Dienstreisen und nimmt Besuchende in Empfang, die Termine bei der Hausleitung haben.<br \/>Dar\u00fcber hinaus ist sie zu den Semesteranf\u00e4ngen in die Pr\u00fcfungen der Veranstaltungen in Kooperation mit dem Lehrstuhl f\u00fcr Informatik 12 involviert. Hierbei werden die Veranstaltungen auf Korrektheit und stimmige Implementierung in RWTHonline gepr\u00fcft.<\/p>\r\n\r\n<p>&nbsp;<\/p>\r\n\r\n<h3 class=\"wp-block-heading\">Der Arbeitsalltag im Sekretariat der IT Center-Leitung<\/h3>\r\n\r\n<p>&nbsp;<\/p>\r\n\r\n<p>Ein typischer Arbeitstag bei Frau Charalabidou beginnt morgens mit dem Durchlesen, Sortieren und Beantworten von E-Mails. Anschlie\u00dfend liest sie sich in die Kalender von Professor M\u00fcller und Herrn B\u00fcndgens ein, bevor sie um 8:15 Uhr mit den beiden einen kurzen Besprechungstermin abh\u00e4lt, um die t\u00e4gliche Agenda und Fragen zu Terminen, Dienstreisen und Meetings durchzugehen.<br \/><br \/>Nach dem morgendlichen Termin besteht der weitere Tagesablauf aus dem Beantworten von E-Mails, Telefonaten und der anfallenden Administration.<\/p>\r\n\r\n<p>&nbsp;<\/p>\r\n\r\n<div class=\"wp-block-image\">\r\n<figure class=\"alignright is-resized\">\r\n<div id=\"attachment_6299\" style=\"width: 275px\" class=\"wp-caption alignnone\"><img loading=\"lazy\" decoding=\"async\" aria-describedby=\"caption-attachment-6299\" class=\"wp-image-6299\" src=\"https:\/\/blog.rwth-aachen.de\/itc\/files\/2019\/08\/Alikis_B\u00fcro.png\" alt=\"Mit einem angenehmen Blick ins Gr\u00fcne kann man sich belohnen. Der Ausblick aus dem hellen B\u00fcro von Aliki Charalabidou.\" width=\"265\" height=\"354\" srcset=\"https:\/\/blog.rwth-aachen.de\/itc\/files\/2019\/08\/Alikis_B\u00fcro.png 530w, https:\/\/blog.rwth-aachen.de\/itc\/files\/2019\/08\/Alikis_B\u00fcro-225x300.png 225w\" sizes=\"auto, (max-width: 265px) 100vw, 265px\" \/><p id=\"caption-attachment-6299\" class=\"wp-caption-text\">Mit einem angenehmen Blick ins Gr\u00fcne kann man sich belohnen. Der Ausblick aus dem hellen B\u00fcro von Aliki Charalabidou. <br \/>Quelle: Eigene Darstellung<\/p><\/div>\r\n<\/figure>\r\n<\/div>\r\n\r\n<p>&nbsp;<\/p>\r\n\r\n<p>Abseits der Semesterstarts arbeitet Frau Charalabidou weitestgehend alleine, versteht sich mit ihren Kolleginnen und Kollegen aber bestens. Auch die Frage, ob ihr die Arbeit Spa\u00df macht hat, hat sie prompt mit einem klaren \u201eJa.\u201c beantwortet, etwas Negatives kann sie nicht berichten.<\/p>\r\n\r\n<p>&nbsp;<\/p>\r\n\r\n<p>F\u00fcr ihre Arbeit sind nat\u00fcrlich gewisse Eigenschaften grundlegend wichtig. Eigenst\u00e4ndigkeit, Ordnungssinn, Kontaktfreude und eine angemessene Artikulation bilden das notwendige Repertoire f\u00fcr ihre Arbeit.<\/p>\r\n\r\n<p>&nbsp;<\/p>\r\n\r\n<p>Auf die Frage, welches Zitat ihre Arbeit passend beschreibt, antwortete sie l\u00e4chelnd: <em>\u201eTermine, Termine, Termine.\u201c.<\/em><\/p>\r\n\r\n<p>&nbsp;<\/p>\r\n\r\n<p>Wir bedanken uns an dieser Stelle bei Frau Charalabidou f\u00fcr ihre Bereitschaft zu einem Interview und freuen uns auf die weitere Zusammenarbeit mit ihr am IT Center!<\/p>\r\n\r\n<p>&nbsp;<\/p>\r\n\r\n<p>Verantwortlich f\u00fcr die Inhalte dieses Beitrags ist Tom\u00e1s Castro Borrego.<\/p>\r\n","protected":false},"excerpt":{"rendered":"<p>In diesem Beitrag stellen wir Ihnen heute Frau Aliki Charalabidou und ihre T\u00e4tigkeiten am IT Center vor. &nbsp; Frau Charalabidou ist Mitarbeiterin in der Abteilung Administration &amp; Organisation. Diese ist [&hellip;]<\/p>\n","protected":false},"author":1413,"featured_media":6298,"comment_status":"open","ping_status":"closed","sticky":false,"template":"","format":"standard","meta":{"c2c_always_allow_admin_comments":false,"footnotes":""},"categories":[312,313],"tags":[661],"class_list":["post-6297","post","type-post","status-publish","format-standard","has-post-thumbnail","hentry","category-insight-it-center","category-interviews-umfragen","tag-it-center-als-arbeitsplatz"],"aioseo_notices":[],"_links":{"self":[{"href":"https:\/\/blog.rwth-aachen.de\/itc\/en\/wp-json\/wp\/v2\/posts\/6297","targetHints":{"allow":["GET"]}}],"collection":[{"href":"https:\/\/blog.rwth-aachen.de\/itc\/en\/wp-json\/wp\/v2\/posts"}],"about":[{"href":"https:\/\/blog.rwth-aachen.de\/itc\/en\/wp-json\/wp\/v2\/types\/post"}],"author":[{"embeddable":true,"href":"https:\/\/blog.rwth-aachen.de\/itc\/en\/wp-json\/wp\/v2\/users\/1413"}],"replies":[{"embeddable":true,"href":"https:\/\/blog.rwth-aachen.de\/itc\/en\/wp-json\/wp\/v2\/comments?post=6297"}],"version-history":[{"count":6,"href":"https:\/\/blog.rwth-aachen.de\/itc\/en\/wp-json\/wp\/v2\/posts\/6297\/revisions"}],"predecessor-version":[{"id":21622,"href":"https:\/\/blog.rwth-aachen.de\/itc\/en\/wp-json\/wp\/v2\/posts\/6297\/revisions\/21622"}],"wp:featuredmedia":[{"embeddable":true,"href":"https:\/\/blog.rwth-aachen.de\/itc\/en\/wp-json\/wp\/v2\/media\/6298"}],"wp:attachment":[{"href":"https:\/\/blog.rwth-aachen.de\/itc\/en\/wp-json\/wp\/v2\/media?parent=6297"}],"wp:term":[{"taxonomy":"category","embeddable":true,"href":"https:\/\/blog.rwth-aachen.de\/itc\/en\/wp-json\/wp\/v2\/categories?post=6297"},{"taxonomy":"post_tag","embeddable":true,"href":"https:\/\/blog.rwth-aachen.de\/itc\/en\/wp-json\/wp\/v2\/tags?post=6297"}],"curies":[{"name":"wp","href":"https:\/\/api.w.org\/{rel}","templated":true}]}}