{"id":6317,"date":"2019-08-26T13:00:16","date_gmt":"2019-08-26T11:00:16","guid":{"rendered":"https:\/\/blog.rwth-aachen.de\/itc\/?p=6317"},"modified":"2025-02-24T11:25:36","modified_gmt":"2025-02-24T10:25:36","slug":"get-closer-andrea-boensch","status":"publish","type":"post","link":"https:\/\/blog.rwth-aachen.de\/itc\/en\/2019\/08\/26\/get-closer-andrea-boensch\/","title":{"rendered":"Get Closer &#8211; Das IT Center: Andrea B\u00f6nsch"},"content":{"rendered":"<div class=\"twoclick_social_bookmarks_post_6317 social_share_privacy clearfix 1.6.4 locale-en_US sprite-en_US\"><\/div><div class=\"twoclick-js\"><script type=\"text\/javascript\">\/* <![CDATA[ *\/\njQuery(document).ready(function($){if($('.twoclick_social_bookmarks_post_6317')){$('.twoclick_social_bookmarks_post_6317').socialSharePrivacy({\"txt_help\":\"Wenn Sie diese Felder durch einen Klick aktivieren, werden Informationen an Facebook, Twitter, Flattr, Xing, t3n, LinkedIn, Pinterest oder Google eventuell ins Ausland \\u00fcbertragen und unter Umst\\u00e4nden auch dort gespeichert. N\\u00e4heres erfahren Sie durch einen Klick auf das <em>i<\\\/em>.\",\"settings_perma\":\"Dauerhaft aktivieren und Daten\\u00fcber-tragung zustimmen:\",\"info_link\":\"http:\\\/\\\/www.heise.de\\\/ct\\\/artikel\\\/2-Klicks-fuer-mehr-Datenschutz-1333879.html\",\"uri\":\"https:\\\/\\\/blog.rwth-aachen.de\\\/itc\\\/en\\\/2019\\\/08\\\/26\\\/get-closer-andrea-boensch\\\/\",\"post_id\":6317,\"post_title_referrer_track\":\"Get+Closer+%26%238211%3B+Das+IT+Center%3A+Andrea+B%C3%B6nsch\",\"display_infobox\":\"on\"});}});\n\/* ]]> *\/<\/script><\/div>\r\n<h2 class=\"wp-block-heading\">Das Portr\u00e4t der wissenschaftlichen Mitarbeiterin des Virtual Reality-Teams Andrea B\u00f6nsch<\/h2>\r\n\r\n<p>&nbsp;<\/p>\r\n\r\n<div class=\"wp-block-image\">\r\n<figure class=\"alignright is-resized\">\r\n<div id=\"attachment_6319\" style=\"width: 202px\" class=\"wp-caption alignnone\"><img loading=\"lazy\" decoding=\"async\" aria-describedby=\"caption-attachment-6319\" class=\"wp-image-6319\" src=\"https:\/\/blog.rwth-aachen.de\/itc\/files\/2019\/08\/Andrea-B\u00f6nsch.jpg\" alt=\"Andrea B\u00f6nsch, Gruppen- und Serviceteamleiterin der Virtual Reality Group am IT Center, RWTH Aachen.\" width=\"192\" height=\"288\" \/><p id=\"caption-attachment-6319\" class=\"wp-caption-text\">Andrea B\u00f6nsch, Gruppen- und Serviceteamleiterin der Virtual Reality Group am IT Center, RWTH Aachen. <br \/>Quelle: Eigene Darstellung<\/p><\/div>\r\n<\/figure>\r\n<\/div>\r\n\r\n<p>&nbsp;<\/p>\r\n\r\n<p>Wir haben die sowohl stellvertretende Gruppenleiterin als auch Serviceteamleiterin der Virtual Reality Group Frau B\u00f6nsch interviewt und uns einen Einblick in ihren Beruf verschafft. Welche H\u00fcrden sie \u00fcberwunden hat, wie sie auf das IT Center aufmerksam wurde und welche wichtige Rolle sie f\u00fcr das IT Center spielt, werden wir Ihnen in diesem Beitrag der Blogreihe ,,Get Closer: Das IT Center\u2018\u2018 pr\u00e4sentieren.<\/p>\r\n\r\n<p>&nbsp;<\/p>\r\n\r\n<p><!--more--><\/p>\r\n\r\n<p>&nbsp;<\/p>\r\n\r\n<p>Die erste H\u00fcrde hat Frau B\u00f6nsch bereits in der Schule als Abiturientin erfolgreich genommen, um im Anschluss im Jahr 2007 ihre Ausbildung als Mathematisch-technische Softwareentwicklerin (MaTSE) im IT Center aufzunehmen und erfolgreich absolviert.<\/p>\r\n\r\n<p>&nbsp;<\/p>\r\n\r\n<p>Wie sie auf das IT Center aufmerksam geworden ist? Sie hat sich Zeitungsberichte durchgelesen, zwei Praktika im Forschungszentrum J\u00fclich absolviert und sich f\u00fcr die MATSE-Ausbildung im Umkreis von Aachen beworben. Dabei wurde sie umgehend vom IT Center eingeladen und beschloss ihre Ausbildung bei hier zu beginnen. Seit der \u00dcbernahme als feste Mitarbeiterin im IT Center im Jahr 2010 entwickelt sie ihr Prestige durch ihre ausgezeichneten Leistungen immer weiter und repr\u00e4sentiert die Virtual Reality Group nun als stellvertretende Gruppenleiterin, Serviceteamleiterin, Ausbilderin sowie wissenschaftliche Mitarbeiterin mit Promotionsabsicht.<\/p>\r\n\r\n<p>&nbsp;<\/p>\r\n\r\n<h2 class=\"wp-block-heading\">Forschen im Virtual Reality Labor, Mitarbeiterf\u00fchrung und VR-Services &#8211; Der Arbeitsalltag<\/h2>\r\n\r\n<p>&nbsp;<\/p>\r\n\r\n<p>Als wissenschaftliche Mitarbeiterin ist Frau B\u00f6nsch dazu berechtigt im VR-Labor zu forschen. Im Rahmen der Lehre betreut sie Studierende und k\u00fcmmert sich als IHK-Ausbilderin um die Koordination der betrieblichen Ausbildung der MaTSE-Azubis in der Virtual Reality Group. Zu ihren weiteren Aufgaben geh\u00f6rt die Mitarbeiterf\u00fchrung. Hier hat sie aufgrund ihrer hilfsbereiten Art stets ein offenes Ohr f\u00fcr ihre Mitarbeitenden und findet bei jeglichen Problematiken eine gangbare L\u00f6sung.<\/p>\r\n\r\n<p>&nbsp;<\/p>\r\n\r\n<h2 class=\"wp-block-heading\">Vortr\u00e4ge, Dienstreisen und Website-Pflege &#8211; Abwechlsungsreiche T\u00e4tigkeite<\/h2>\r\n\r\n<p>&nbsp;<\/p>\r\n\r\n<p>Unter ihre speziellen Aufgaben f\u00e4llt z.B. die Teilnahme an Konferenzen im In- und Ausland, die sie mit gro\u00dfem Interesse und voller Freude besucht. Neben kleineren T\u00e4tigkeiten wie der regelm\u00e4\u00dfigen Pflege der VR-eigenen Webseite, tr\u00e4gt Frau B\u00f6nsch die Verantwortung f\u00fcr das VR-Labor. In diesem Zusammenhang hat sie uns berichtet, dass in naher Zukunft neue CAVE-Projektoren angeschafft werden sollen, worauf wir gespannt sind und uns auf weitere Neuigkeiten freuen.<\/p>\r\n\r\n<p>&nbsp;<\/p>\r\n\r\n<p>Zusammengefasst ist sie f\u00fcr das VR-Labor, das Personal inklusive Azubis sowie f\u00fcr das Serviceangebot der Virtual Reality Group verantwortlich. Zu den VR-Services z\u00e4hlt die Nutzung der VR-Infrastruktur des IT Centers durch RWTH Institute, das Forschungszentrum J\u00fclich sowie andere Kooperationspartner aber auch die Entwicklung von kundenspezifischen VR-L\u00f6sungen in enger Absprache mit den sp\u00e4teren Nutzern als Dom\u00e4nenexperten.<\/p>\r\n\r\n<p>&nbsp;<\/p>\r\n\r\n<h2 class=\"wp-block-heading\">Die Mischung macht&#8217;s<\/h2>\r\n\r\n<p>&nbsp;<\/p>\r\n\r\n<p>Zu der Frage, welche H\u00f6hen und Tiefen es in ihrem Berufsalltag gibt, haben wir von Frau B\u00f6nsch die Antwort erhalten, dass dieser erfreulich abwechslungsreich ist und ihr die M\u00f6glichkeit bietet zu reisen, um internationale Kontakte zu kn\u00fcpfen und zu pflegen. Die anstrengenden Aspekte ihrer T\u00e4tigkeiten seien der sehr stressige Arbeitsalltag, welcher selten wie geplant verl\u00e4uft, und die hohe Arbeitsbelastung durch ihre verschiedenen Funktionen.<\/p>\r\n\r\n<p>&nbsp;<\/p>\r\n\r\n<p>Auch Frau B\u00f6nsch\u2019s Pers\u00f6nlichkeit wollten wir n\u00e4her kennenlernen und haben sie gefragt, welche St\u00e4rken und Schw\u00e4chen sie hat. Zu ihren St\u00e4rken geh\u00f6ren u.a., dass sie trotz hoher Arbeitsbelastung und stressigem Arbeitsalltag einen k\u00fchlen Kopf bewahren kann. Sie arbeitet stets strukturiert und organisiert, weswegen sie keine Termine aus dem Sinn verliert.\u00a0 Zudem ist sie offen f\u00fcr neue Kontakte und f\u00fcr Probleme, wodurch sie eine vertrauensw\u00fcrdige und hilfsbereite Person darstellt. Das Verlangen nach Perfektionismus hat sie selbst als Schw\u00e4che benannt, wodurch es ihr hin und wieder schwerf\u00e4llt, 100%ige Zufriedenheit zu zeigen. Ebenso beschrieb sich Frau B\u00f6nsch als oftmals ungeduldig, da sie gemeinsam mit ihrer Gruppe schnell perfekte Arbeitsergebnisse erzielen m\u00f6chte.<\/p>\r\n\r\n<p>&nbsp;<\/p>\r\n\r\n<h2 class=\"wp-block-heading\">Einsatz in einem Satz?<\/h2>\r\n\r\n<p>&nbsp;<\/p>\r\n\r\n<p>Um eine genaue Erl\u00e4uterung zu ihren T\u00e4tigkeiten pr\u00e4sentieren zu k\u00f6nnen, haben wir Frau B\u00f6nsch gebeten, ihren Beruf in einem Satz zusammen zu fassen und erhielten folgende interessante Antwort: ,,<strong>Meine Stelle in einem einzigen Satz zu beschreiben, ist aufgrund der diversen Facetten gef\u00fchlt unm\u00f6glich. Meine T\u00e4tigkeiten sind jedoch von einer anspruchsvollen Kombination aus Leitungsfunktionen, Servicekoordination f\u00fcr VR Projektunterst\u00fctzung in interdisziplin\u00e4ren Kooperationen und Lehre im Bereich der Ausbildung (Anm. d. R.: MaTSE) und der universit\u00e4ren Lehre gepr\u00e4gt sowie von meiner eigenen Forschung im Gebiet der Social VR und dem einhergehenden internationalen wissenschaftlichen Austausch.\u2018\u2018 <\/strong><\/p>\r\n\r\n<p>&nbsp;<\/p>\r\n\r\n<p>Wir danken Frau B\u00f6nsch herzlichst f\u00fcr das angenehme Gespr\u00e4ch und freuen uns dar\u00fcber, dass wir eine weitere tolle Pers\u00f6nlichkeit des IT Centers vorstellen durften.<\/p>\r\n\r\n<p>&nbsp;<\/p>\r\n\r\n<p>Verantwortlich f\u00fcr die Inhalte dieses Beitrags ist Merve Sabab.<\/p>","protected":false},"excerpt":{"rendered":"<p>Sorry, this entry is only available in Deutsch.<\/p>\n","protected":false},"author":1413,"featured_media":6319,"comment_status":"open","ping_status":"closed","sticky":false,"template":"","format":"standard","meta":{"c2c_always_allow_admin_comments":false,"footnotes":""},"categories":[312,313],"tags":[661],"class_list":["post-6317","post","type-post","status-publish","format-standard","has-post-thumbnail","hentry","category-insight-it-center","category-interviews-umfragen","tag-it-center-als-arbeitsplatz"],"aioseo_notices":[],"_links":{"self":[{"href":"https:\/\/blog.rwth-aachen.de\/itc\/en\/wp-json\/wp\/v2\/posts\/6317","targetHints":{"allow":["GET"]}}],"collection":[{"href":"https:\/\/blog.rwth-aachen.de\/itc\/en\/wp-json\/wp\/v2\/posts"}],"about":[{"href":"https:\/\/blog.rwth-aachen.de\/itc\/en\/wp-json\/wp\/v2\/types\/post"}],"author":[{"embeddable":true,"href":"https:\/\/blog.rwth-aachen.de\/itc\/en\/wp-json\/wp\/v2\/users\/1413"}],"replies":[{"embeddable":true,"href":"https:\/\/blog.rwth-aachen.de\/itc\/en\/wp-json\/wp\/v2\/comments?post=6317"}],"version-history":[{"count":6,"href":"https:\/\/blog.rwth-aachen.de\/itc\/en\/wp-json\/wp\/v2\/posts\/6317\/revisions"}],"predecessor-version":[{"id":21549,"href":"https:\/\/blog.rwth-aachen.de\/itc\/en\/wp-json\/wp\/v2\/posts\/6317\/revisions\/21549"}],"wp:featuredmedia":[{"embeddable":true,"href":"https:\/\/blog.rwth-aachen.de\/itc\/en\/wp-json\/wp\/v2\/media\/6319"}],"wp:attachment":[{"href":"https:\/\/blog.rwth-aachen.de\/itc\/en\/wp-json\/wp\/v2\/media?parent=6317"}],"wp:term":[{"taxonomy":"category","embeddable":true,"href":"https:\/\/blog.rwth-aachen.de\/itc\/en\/wp-json\/wp\/v2\/categories?post=6317"},{"taxonomy":"post_tag","embeddable":true,"href":"https:\/\/blog.rwth-aachen.de\/itc\/en\/wp-json\/wp\/v2\/tags?post=6317"}],"curies":[{"name":"wp","href":"https:\/\/api.w.org\/{rel}","templated":true}]}}