{"id":6508,"date":"2019-10-09T13:00:50","date_gmt":"2019-10-09T11:00:50","guid":{"rendered":"https:\/\/blog.rwth-aachen.de\/itc\/?p=6508"},"modified":"2023-08-18T08:13:59","modified_gmt":"2023-08-18T06:13:59","slug":"insight-wir-blicken-auf-die-einweihung-vom-claix-2018-zurueck","status":"publish","type":"post","link":"https:\/\/blog.rwth-aachen.de\/itc\/en\/2019\/10\/09\/insight-wir-blicken-auf-die-einweihung-vom-claix-2018-zurueck\/","title":{"rendered":"Insight: Wir blicken auf die Einweihung vom CLAIX-2018 zur\u00fcck"},"content":{"rendered":"<div class=\"twoclick_social_bookmarks_post_6508 social_share_privacy clearfix 1.6.4 locale-en_US sprite-en_US\"><\/div><div class=\"twoclick-js\"><script type=\"text\/javascript\">\/* <![CDATA[ *\/\njQuery(document).ready(function($){if($('.twoclick_social_bookmarks_post_6508')){$('.twoclick_social_bookmarks_post_6508').socialSharePrivacy({\"txt_help\":\"Wenn Sie diese Felder durch einen Klick aktivieren, werden Informationen an Facebook, Twitter, Flattr, Xing, t3n, LinkedIn, Pinterest oder Google eventuell ins Ausland \\u00fcbertragen und unter Umst\\u00e4nden auch dort gespeichert. N\\u00e4heres erfahren Sie durch einen Klick auf das <em>i<\\\/em>.\",\"settings_perma\":\"Dauerhaft aktivieren und Daten\\u00fcber-tragung zustimmen:\",\"info_link\":\"http:\\\/\\\/www.heise.de\\\/ct\\\/artikel\\\/2-Klicks-fuer-mehr-Datenschutz-1333879.html\",\"uri\":\"https:\\\/\\\/blog.rwth-aachen.de\\\/itc\\\/en\\\/2019\\\/10\\\/09\\\/insight-wir-blicken-auf-die-einweihung-vom-claix-2018-zurueck\\\/\",\"post_id\":6508,\"post_title_referrer_track\":\"Insight%3A+Wir+blicken+auf+die+Einweihung+vom+CLAIX-2018+zur%C3%BCck\",\"display_infobox\":\"on\"});}});\n\/* ]]> *\/<\/script><\/div>\r\n<p>&#8212;ENGLISH VERSION BELOW&#8212;<\/p>\r\n\r\n<p>&nbsp;<\/p>\r\n\r\n<div class=\"wp-block-image\">\r\n<figure class=\"aligncenter\">\r\n<div id=\"attachment_6509\" style=\"width: 510px\" class=\"wp-caption alignnone\"><img loading=\"lazy\" decoding=\"async\" aria-describedby=\"caption-attachment-6509\" class=\"wp-image-6509\" src=\"https:\/\/blog.rwth-aachen.de\/itc\/files\/2019\/10\/R\u00fcckblick-CLAIX-Einweihung-Bild-2-1024x683.jpg\" alt=\"\" width=\"500\" height=\"333\" srcset=\"https:\/\/blog.rwth-aachen.de\/itc\/files\/2019\/10\/R\u00fcckblick-CLAIX-Einweihung-Bild-2-1024x683.jpg 1024w, https:\/\/blog.rwth-aachen.de\/itc\/files\/2019\/10\/R\u00fcckblick-CLAIX-Einweihung-Bild-2-300x200.jpg 300w, https:\/\/blog.rwth-aachen.de\/itc\/files\/2019\/10\/R\u00fcckblick-CLAIX-Einweihung-Bild-2-768x512.jpg 768w, https:\/\/blog.rwth-aachen.de\/itc\/files\/2019\/10\/R\u00fcckblick-CLAIX-Einweihung-Bild-2.jpg 1920w\" sizes=\"auto, (max-width: 500px) 100vw, 500px\" \/><p id=\"caption-attachment-6509\" class=\"wp-caption-text\">CLAIX-Schriftzug in der Augmented Reality App von Tim Berresheim <br \/>Quelle: Alexander M\u00fcller<\/p><\/div>\r\n<\/figure>\r\n<\/div>\r\n\r\n<p>&nbsp;<\/p>\r\n\r\n<p>Heute vor genau einer Woche wurde der schnellste universit\u00e4re Rechner in Deutschland &#8220;Cluster Aix-la-Chapelle&#8221; (CLAIX) bei einem Festakt im IT Center der RWTH Aachen offiziell eingeweiht.<\/p>\r\n\r\n<p>&nbsp;<\/p>\r\n\r\n<p>Nun m\u00f6chten wir Revue passieren lassen und euch an diesem ereignisreichen Tag teilhaben lassen.<\/p>\r\n\r\n<p>&nbsp;<\/p>\r\n\r\n<p><!--more--><\/p>\r\n\r\n<p>&nbsp;<\/p>\r\n\r\n<p>Nach der Begr\u00fc\u00dfung der zahlreichen hochkar\u00e4tigen G\u00e4ste durch Herrn Professor R\u00fcdiger, Rektor der RWTH Aachen, haben unter der Moderation von Herrn Tr\u00e4nnapp, Kanzlervertreter der RWTH Aachen, Isabel Pfeiffer-Poensgen, Ministerin f\u00fcr Kultur und Wissenschaft des Landes Nordrhein-Westfalen, Thomas Rachel MdB, Parlamentarischer Staatssekret\u00e4r im Bundesministerium f\u00fcr Bildung und Forschung, Marcel Philipp, Aachener Oberb\u00fcrgermeister, Marcus Hermes, Gesch\u00e4ftsf\u00fchrer Bau- und Liegenschaftsbetrieb NRW, Yuichi Kojima, Gesch\u00e4ftsf\u00fchrer NEC Deutschland GmbH und Professor Matthias M\u00fcller, Leiter IT Center der RWTH die Gelegenheit genutzt, um die Bedeutung des CLAIX-2018 f\u00fcr die RWTH Aachen und das Forschungszentrum J\u00fclich, f\u00fcr die Stadt Aachen und f\u00fcr das Land NRW hervorzuheben.<\/p>\r\n\r\n<p>&nbsp;<\/p>\r\n\r\n<p>Einen unterhaltsamen Einstieg in die Veranstaltung bot Prof. Ulrich R\u00fcdiger mit den Worten &#8220;der Name CLAIX ist eigentlich die falsche Bezeichnung, da wir hier ja eigentlich nicht claixen, sondern eher klotzen. Daher m\u00fcsste der Rechner wohl eher <em>Klotz<\/em> hei\u00dfen.&#8221; Nach seinen Ausf\u00fchrungen zur Bedeutung des Rechners f\u00fcr die Wissenschaft im Allgemeinen und die RWTH Aachen University im Besonderen w\u00fcnschte er zum Ende seines Beitrags (weiterhin) viel Erfolg mit dem <em>Klotz.<\/em><\/p>\r\n\r\n<p>&nbsp;<\/p>\r\n\r\n<blockquote class=\"wp-block-quote is-layout-flow wp-block-quote-is-layout-flow\">\r\n<p><em>Mit CLAIX steht der aktuell schnellste universit\u00e4re Hochleistungsrechner Deutschlands in Nordrhein-Westfalen. Der neue Rechner, der gemeinsam mit dem Forschungszentrum J\u00fclich betrieben wird, bietet eine herausragende Forschungsinfrastruktur und wird entscheidend dazu beitragen, die f\u00fchrende Position der RWTH Aachen und des FZJ in den Bereichen Simulation, Datenanalyse und High Performance Computing weiter auszubauen.<\/em><\/p>\r\n<cite> <em>Kultur- und Wissenschaftsministerin Isabel Pfeiffer-Poensgen<\/em> <\/cite><\/blockquote>\r\n\r\n<p>&nbsp;<\/p>\r\n\r\n<p>Ganz feierlich folgte anschlie\u00dfend symbolisch die Schl\u00fcssel\u00fcbergabe zur neuen Maschinenhalle mit dem Hochleistungsrechner der nationalen Spitzenklasse.<\/p>\r\n\r\n<p>&nbsp;<\/p>\r\n\r\n<p>Im Anschluss gab es eine F\u00fchrung zum CLAIX-2018, die nicht nur mit technischen Details beeindruckte, sondern auch voller visueller Erlebnisse steckte. Der Aachener K\u00fcnstler Tim Berresheim pr\u00e4sentierte seine artistische Verwirklichung des CLAIX-Schriftzuges mittels einer speziell hierf\u00fcr entwickelte Augmented Reality App.<\/p>\r\n\r\n<p>&nbsp;<\/p>\r\n\r\n<blockquote class=\"wp-block-quote is-layout-flow wp-block-quote-is-layout-flow\">\r\n<p><em>CLAIX ist ein neues Aush\u00e4ngeschild f\u00fcr den Hochleistungsrechenstandort Aachen und darauf sind wir stolz<\/em><\/p>\r\n<cite><em>Parlamentarische Staatssekret\u00e4r Thomas Rachel MdB<\/em> <\/cite><\/blockquote>\r\n\r\n<p>&nbsp;<\/p>\r\n\r\n<p>Wir bedanken uns an dieser Stelle bei allen unseren G\u00e4sten und Rednern sowie bei unseren Kolleginnen und Kollegen f\u00fcr die tatkr\u00e4ftige Unterst\u00fctzung bei der Organisation und Durchf\u00fchrung dieser Veranstaltung. In Summe eine rundum erfolgreiche und sch\u00f6ne Veranstaltung, die sicherlich lange in guter Erinnerung bleibt.<\/p>\r\n\r\n<p>&nbsp;<\/p>\r\n\r\n<p>Verantwortlich f\u00fcr die Inhalte dieses Beitrags sindLiza Schwarz und <a href=\"https:\/\/www.itc.rwth-aachen.de\/go\/id\/epvp\/gguid\/0x178A69B715E4B24AB87DCFA4BC438FD7\/allou\/1\/\" target=\"_blank\" rel=\"noreferrer noopener\" aria-label=\"Nicole Kaminski (opens in a new tab)\">Nicole Kaminski<\/a>.<\/p>\r\n\r\n<p>&nbsp;<\/p>\r\n\r\n<p>&#8212;ENGLISH VERSION&#8212;<\/p>\r\n\r\n<p>&nbsp;<\/p>\r\n\r\n<h2 class=\"wp-block-heading\">Insight: We look back at the inauguration of CLAIX-2018<\/h2>\r\n\r\n<p>&nbsp;<\/p>\r\n\r\n<div class=\"wp-block-image\">\r\n<figure class=\"aligncenter\">\r\n<div id=\"attachment_6511\" style=\"width: 1034px\" class=\"wp-caption alignnone\"><img loading=\"lazy\" decoding=\"async\" aria-describedby=\"caption-attachment-6511\" class=\"wp-image-6511\" src=\"https:\/\/blog.rwth-aachen.de\/itc\/files\/2019\/10\/R\u00fcckblick-CLAIX-Einweihung-Bild-2-1-1024x683.jpg\" alt=\"\" width=\"1024\" height=\"683\" srcset=\"https:\/\/blog.rwth-aachen.de\/itc\/files\/2019\/10\/R\u00fcckblick-CLAIX-Einweihung-Bild-2-1-1024x683.jpg 1024w, https:\/\/blog.rwth-aachen.de\/itc\/files\/2019\/10\/R\u00fcckblick-CLAIX-Einweihung-Bild-2-1-300x200.jpg 300w, https:\/\/blog.rwth-aachen.de\/itc\/files\/2019\/10\/R\u00fcckblick-CLAIX-Einweihung-Bild-2-1-768x512.jpg 768w, https:\/\/blog.rwth-aachen.de\/itc\/files\/2019\/10\/R\u00fcckblick-CLAIX-Einweihung-Bild-2-1.jpg 1920w\" sizes=\"auto, (max-width: 1024px) 100vw, 1024px\" \/><p id=\"caption-attachment-6511\" class=\"wp-caption-text\">CLAIX lettering in Tim Berresheim&#8217;s Augmented Reality App <br \/>Source: Alexander M\u00fcller<\/p><\/div>\r\n\r\n<\/figure>\r\n<\/div>\r\n\r\n<p>&nbsp;<\/p>\r\n\r\n<p>A week ago the fastest university computer in Germany &#8220;Cluster Aix-la-Chapelle&#8221; (CLAIX) was officially inaugurated at a festive ceremony in the IT Center of RWTH Aachen University.<\/p>\r\n\r\n<p>&nbsp;<\/p>\r\n\r\n<p>Now we&#8217;d like to take a look back and give you a chance to have a glimpse on this eventful day.<\/p>\r\n\r\n<p>&nbsp;<\/p>\r\n\r\n<p>After the greeting of the numerous top-class guests by Professor R\u00fcdiger, Rector of RWTH Aachen University, moderated by Mr. Tr\u00e4nnapp, Chancellor&#8217;s Representative of RWTH Aachen University, Isabel Pfeiffer-Poensgen, Minister of Culture and Science of North Rhine-Westphalia, Thomas Rachel MdB, Parliamentary State Secretary in the Federal Ministry of Education and Research, Marcel Philipp, Lord Mayor of Aachen, Marcus Hermes, Managing Director of Bau- und Liegenschaftsbetrieb NRW, Yuichi Kojima, Managing Director of NEC Deutschland GmbH and Professor Matthias M\u00fcller, Head of the IT Centre at RWTH, took the opportunity to emphasise the importance of CLAIX-2018 for RWTH Aachen and Forschungszentrum J\u00fclich, for the City of Aachen and for North Rhine-Westphalia.<\/p>\r\n\r\n<p>&nbsp;<\/p>\r\n\r\n<p>Prof. Ulrich R\u00fcdiger offered an entertaining introduction to the event with the words &#8220;the name CLAIX is actually the wrong name as we are not actually claixing here, but rather doing things in a big way. That&#8217;s why the computer should probably be called <em>Klotz<\/em>.&#8221; After his explanations about the importance of the computer for science in general and the RWTH Aachen University in particular, he wished (further) much success with the <em>Klotz<\/em> at the end of his contribution.<\/p>\r\n\r\n<p>&nbsp;<\/p>\r\n\r\n<blockquote class=\"wp-block-quote is-layout-flow wp-block-quote-is-layout-flow\">\r\n<p>CLAIX is Germany&#8217;s fastest university high-performance computer in North Rhine-Westphalia. The new computer, which is operated jointly with Forschungszentrum J\u00fclich, offers an outstanding research infrastructure and will make a decisive contribution to further expanding the leading position of RWTH Aachen and FZJ in the fields of simulation, data analysis and high-performance computing.<\/p>\r\n<cite> Minister of Culture and Science Isabel Pfeiffer-Poensgen<\/cite><\/blockquote>\r\n\r\n<p>&nbsp;<\/p>\r\n\r\n<p>The festive ceremony was followed by the symbolic handover of the key to the new machine hall with the high-performance computer of the national top class.<\/p>\r\n\r\n<p>&nbsp;<\/p>\r\n\r\n<p>Afterwards, the guests were given a guided tour of CLAIX-2018, which not only impressed with technical details but was also full of visual experiences. The Aachen artist Tim Berresheim presented his artistic realisation of the CLAIX lettering using an augmented reality app specially developed for this purpose.<\/p>\r\n\r\n<p>&nbsp;<\/p>\r\n\r\n<blockquote class=\"wp-block-quote is-layout-flow wp-block-quote-is-layout-flow\">\r\n<p>CLAIX is a new flagship for Aachen as a high-performance computing location and we are proud of that.<\/p>\r\n<cite>Parliamentary State Secretary Thomas Rachel MdB <\/cite><\/blockquote>\r\n\r\n<p>&nbsp;<\/p>\r\n\r\n<p>We would like to take this opportunity to thank all our guests and speakers as well as our colleagues for their energetic support in organizing and holding this event. Overall, it was a successful and enjoyable event that will certainly remain in good memory for a long time to come.<\/p>\r\n\r\n<p>&nbsp;<\/p>\r\n\r\n<p>Responsible for the content of this article are Liza Schwarz and <a href=\"https:\/\/www.itc.rwth-aachen.de\/go\/id\/epvp\/gguid\/0x178A69B715E4B24AB87DCFA4BC438FD7\/allou\/1\/\" target=\"_blank\" rel=\"noreferrer noopener\" aria-label=\"Nicole Kaminski (opens in a new tab)\">Nicole Kaminski<\/a>.<\/p>","protected":false},"excerpt":{"rendered":"<p>Sorry, this entry is only available in Deutsch.<\/p>\n","protected":false},"author":1859,"featured_media":0,"comment_status":"open","ping_status":"closed","sticky":false,"template":"","format":"standard","meta":{"c2c_always_allow_admin_comments":false,"footnotes":""},"categories":[308,312,315],"tags":[],"class_list":["post-6508","post","type-post","status-publish","format-standard","hentry","category-events-jubilaen-erfolge","category-insight-it-center","category-services-support"],"aioseo_notices":[],"_links":{"self":[{"href":"https:\/\/blog.rwth-aachen.de\/itc\/en\/wp-json\/wp\/v2\/posts\/6508","targetHints":{"allow":["GET"]}}],"collection":[{"href":"https:\/\/blog.rwth-aachen.de\/itc\/en\/wp-json\/wp\/v2\/posts"}],"about":[{"href":"https:\/\/blog.rwth-aachen.de\/itc\/en\/wp-json\/wp\/v2\/types\/post"}],"author":[{"embeddable":true,"href":"https:\/\/blog.rwth-aachen.de\/itc\/en\/wp-json\/wp\/v2\/users\/1859"}],"replies":[{"embeddable":true,"href":"https:\/\/blog.rwth-aachen.de\/itc\/en\/wp-json\/wp\/v2\/comments?post=6508"}],"version-history":[{"count":15,"href":"https:\/\/blog.rwth-aachen.de\/itc\/en\/wp-json\/wp\/v2\/posts\/6508\/revisions"}],"predecessor-version":[{"id":16764,"href":"https:\/\/blog.rwth-aachen.de\/itc\/en\/wp-json\/wp\/v2\/posts\/6508\/revisions\/16764"}],"wp:attachment":[{"href":"https:\/\/blog.rwth-aachen.de\/itc\/en\/wp-json\/wp\/v2\/media?parent=6508"}],"wp:term":[{"taxonomy":"category","embeddable":true,"href":"https:\/\/blog.rwth-aachen.de\/itc\/en\/wp-json\/wp\/v2\/categories?post=6508"},{"taxonomy":"post_tag","embeddable":true,"href":"https:\/\/blog.rwth-aachen.de\/itc\/en\/wp-json\/wp\/v2\/tags?post=6508"}],"curies":[{"name":"wp","href":"https:\/\/api.w.org\/{rel}","templated":true}]}}